{"id":793688,"date":"2025-03-13T17:32:59","date_gmt":"2025-03-13T13:32:59","guid":{"rendered":"https:\/\/arantv.az\/?p=793688"},"modified":"2025-03-13T17:32:59","modified_gmt":"2025-03-13T13:32:59","slug":"novruz-bayraminin-beyn%c9%99lxalq-must%c9%99vid%c9%99-tanidilmasi","status":"publish","type":"post","link":"https:\/\/arantv.az\/?p=793688","title":{"rendered":"Novruz bayram\u0131n\u0131n beyn\u0259lxalq m\u00fcst\u0259vid\u0259 tan\u0131d\u0131lmas\u0131"},"content":{"rendered":"<p><em><strong>Az\u0259rbaycan xalq\u0131n\u0131n tarixi q\u0259dim olan bayramlar\u0131ndan biri d\u0259 Novruz bayram\u0131d\u0131r. Bu bayram Az\u0259rbaycan xalq\u0131n\u0131n m\u0259n\u0259vi d\u00fcnyas\u0131n\u0131, milli d\u00fc\u015f\u00fcnc\u0259 t\u0259rzini, milli varl\u0131\u011f\u0131n\u0131, folklorunu b\u00fct\u00fcn z\u0259nginliyi il\u0259 \u00f6z\u00fcnd\u0259 ifad\u0259 edir. Bu bayram t\u0259kc\u0259 yaz\u0131n, bahar\u0131n g\u0259li\u015finin bayram edilm\u0259si deyil, h\u0259m d\u0259 yeni t\u0259qvim ilinin \u2013 yeni g\u00fcn\u00fcn ba\u015flan\u011f\u0131c\u0131 hesab olunur.<\/strong><\/em><\/p>\n<p>Az\u0259rbaycan xalq\u0131n\u0131n q\u0259dim ad\u0259t-\u0259n\u0259n\u0259l\u0259rini \u00f6z\u00fcnd\u0259 ehtiva ed\u0259n Novruz bayram\u0131 milli bayram\u0131m\u0131z olaraq b\u00fct\u00fcn d\u00fcnyada geni\u015f t\u0259bli\u011f edilir. Bayram \u015f\u0259nlikl\u0259rind\u0259 xalq\u0131m\u0131z birlik \u2013 b\u0259rab\u0259rlik v\u0259 h\u0259mr\u0259ylik n\u00fcmayi\u015f etdir\u0259r\u0259k h\u0259m d\u0259 milli d\u0259y\u0259rl\u0259rin\u0259 sahib \u00e7\u0131xd\u0131\u011f\u0131n\u0131 g\u00f6st\u0259rir.<\/p>\n<p>Az\u0259rbaycana r\u0259hb\u0259rlik etdiyi d\u00f6vrd\u0259n h\u0259r il Novruz bayram\u0131nda el \u015f\u0259nlikl\u0259rind\u0259 i\u015ftirak ed\u0259n Ulu \u00f6nd\u0259r Heyd\u0259r \u018fliyev xalq\u0131m\u0131z\u0131n milli bayram\u0131na b\u00f6y\u00fck \u00f6n\u0259m vermi\u015f, bu milli d\u0259y\u0259rl\u0259rin ya\u015fad\u0131lmas\u0131n\u0131n vacibliyini vur\u011fulam\u0131\u015fd\u0131r. Novruz bayram\u0131n\u0131 xalq\u0131m\u0131z\u0131n d\u0259y\u0259rli nem\u0259ti, dosluq, h\u0259mr\u0259ylik bayram\u0131 adland\u0131ran Ulu \u00f6nd\u0259r bu bayram\u0131n \u0259cdadlar\u0131m\u0131z\u0131n biz\u0259 verdiyi \u0259n g\u00f6z\u0259l yadigar oldu\u011funu qeyd etmi\u015fdir.\u201d M\u00fcst\u0259qil Az\u0259rbaycan \u00fc\u00e7\u00fcn bu bayramdan \u0259ziz bayram ola bilm\u0259z\u201d- dey\u0259n Ulu \u00f6nd\u0259r h\u0259m d\u0259 hesab edirdi ki, bu bayram Az\u0259rbaycan xalq\u0131n\u0131n milli ruhunu, yadda\u015f\u0131n\u0131, onun daxili al\u0259mini b\u00fct\u00fcn z\u0259nginliyi il\u0259 ya\u015fad\u0131r. Ona g\u00f6r\u0259 d\u0259 Novruz bayram\u0131 b\u00fct\u00fcn xalq\u0131m\u0131z\u0131 eyni d\u0259r\u0259c\u0259d\u0259 h\u0259m sevindirir, h\u0259m d\u0259 birl\u0259\u015fdirir.<\/p>\n<p>Novruz bayram\u0131n\u0131n beyn\u0259lxalq m\u00fchitd\u0259 tan\u0131d\u0131lmas\u0131 istiqam\u0259tind\u0259 bir \u00e7ox i\u015fl\u0259r g\u00f6r\u00fcl\u00fcr. Apar\u0131lan u\u011furlu d\u00f6vl\u0259t siyas\u0259ti n\u0259tic\u0259sind\u0259 art\u0131q Novruz bayram\u0131 haqq\u0131nda d\u00fcnyan\u0131n bir \u00e7ox \u00f6lk\u0259l\u0259ri v\u0259 xalqlar\u0131 m\u0259lumatl\u0131d\u0131rlar. Bel\u0259 ki, Az\u0259rbaycan Respublikas\u0131n\u0131n Birinci vitse-prezidenti, Heyd\u0259r \u018fliyev Fondunun prezidenti, UNESCO-nun v\u0259 \u0130SESCO-nun xo\u015fm\u0259raml\u0131 s\u0259firi Mehriban xan\u0131m \u018fliyevan\u0131n m\u0259d\u0259niyy\u0259t, elm v\u0259 t\u0259hsil, idman v\u0259 yarad\u0131c\u0131l\u0131q istiqam\u0259tl\u0259ri \u00fczr\u0259 beyn\u0259lxalq t\u0259\u015fkilatlarla \u0259m\u0259kda\u015fl\u0131q sah\u0259sind\u0259 b\u00f6y\u00fck xidm\u0259tl\u0259ri alq\u0131\u015falayiqdir. Mehriban xan\u0131m \u018fliyevan\u0131n 2004-c\u00fc il avqustun 12-d\u0259 ba\u015flayan UNESCO-nun xo\u015fm\u0259raml\u0131 s\u0259firi kimi f\u0259aliyy\u0259ti m\u00fcdd\u0259tind\u0259 g\u00f6r\u00fcl\u0259n i\u015fl\u0259r \u00dcmumd\u00fcnya \u0130rs, Qeyri-maddi m\u0259d\u0259ni irsin reprezentativ siyah\u0131s\u0131na daxil edil\u0259n, qorunma alt\u0131na al\u0131nan m\u0259d\u0259ni irs n\u00fcmun\u0259l\u0259rimiz onun bu i\u015f\u0259 h\u0259ssas m\u00fcnasib\u0259tinin parlaq ifad\u0259sidir. 28 sentyabr \u2013 2 oktyabr 2009-cu ild\u0259 Birl\u0259\u015fmi\u015f \u018fr\u0259b \u018fmirlikl\u0259rinin Abu Dabi \u015f\u0259h\u0259rind\u0259 ke\u00e7irilmi\u015f UNESCO-nun Qeyri-maddi M\u0259d\u0259ni \u0130rs \u00fczr\u0259 H\u00f6k\u00fcm\u0259tl\u0259raras\u0131 Komit\u0259sinin 4-c\u00fc Sessiyas\u0131 \u00e7\u0259r\u00e7iv\u0259sind\u0259 q\u0259bul edilmi\u015f q\u0259rara \u0259sas\u0259n, Az\u0259rbaycan,Hindistan, \u0130ran, Pakistan, T\u00fcrkiy\u0259, \u00d6zb\u0259kistan, Q\u0131r\u011f\u0131z\u0131stan v\u0259 ba\u015fqa \u00f6lk\u0259l\u0259rin xalqlar\u0131n\u0131n x\u00fcsusi t\u0259nt\u0259n\u0259 il\u0259 qeyd etdikl\u0259ri Novruz \u00e7oxmill\u0259tli nominasiya kimi UNESCO- nun Qeyri-Maddi M\u0259d\u0259ni \u0130rsin Reprezentativ siyah\u0131s\u0131na sal\u0131n\u0131b. H\u0259m\u00e7inin 23 fevral 2010-cu ild\u0259 BMT Ba\u015f Assambleyas\u0131n\u0131 64-c\u00fc sessiyas\u0131n\u0131n iclas\u0131nda mart\u0131n 21-i \u201cBeyn\u0259lxalq Novruz G\u00fcn\u00fc\u201d elan olunub. Mehriban xan\u0131m \u018fliyevan\u0131n u\u011furlu f\u0259aliyy\u0259ti sah\u0259sind\u0259 xalq\u0131m\u0131z\u0131n milli bayram\u0131 olan Novruzun beyn\u0259lxalq m\u00fcst\u0259vid\u0259 tan\u0131d\u0131lmas\u0131 \u00fc\u00e7\u00fcn h\u0259yata ke\u00e7iril\u0259n bu i\u015fl\u0259r Az\u0259rbaycan m\u0259d\u0259niyy\u0259ti tarixind\u0259 m\u00fch\u00fcm hadis\u0259 hesab edilm\u0259lidir.<\/p>\n<p>21 mart 2000-ci il tarixind\u0259 Az\u0259rbaycan xalq\u0131n\u0131n Novruz bayram\u0131 m\u00fcnasib\u0259ti il\u0259 t\u0259brik ed\u0259n\u00a0 Ulu \u00d6nd\u0259r Heyd\u0259r \u018fliyev \u00f6z \u00e7\u0131x\u0131\u015f\u0131nda demi\u015fdir : \u201cNovruz bayram\u0131n\u0131n biz\u0259 b\u0259x\u015f etdiyi \u0259n g\u00f6z\u0259l nem\u0259t ondan ibar\u0259tdir ki,q\u0259dim zamanlardan bu bayramda insanlar kim-k\u00fcdur\u0259ti unudur, k\u00fcs\u00fcl\u00fcl\u0259r bar\u0131\u015f\u0131r, ziddiy\u0259tl\u0259r aradan g\u00f6t\u00fcr\u00fcl\u00fcr. Dem\u0259k, bu dosluq, h\u0259mr\u0259ylik, y\u00fcks\u0259k m\u0259n\u0259viyyat bayram\u0131d\u0131r\u201d.<\/p>\n<p>Art\u0131q biz Novruz bayram\u0131n\u0131 c\u0259nab Prezident \u0130lham \u018fliyevin apard\u0131\u011f\u0131 u\u011furlu siyas\u0259t n\u0259tic\u0259sind\u0259 qalib xalq olaraq qeyd edirik. Bu, Az\u0259rbaycan xalq\u0131n\u0131n, Az\u0259rbaycan d\u00f6vl\u0259tinin \u0259n b\u00f6y\u00fck u\u011furudur.<\/p>\n<p><em><strong>Ruhiy\u0259 Yusifova,<br \/>\nX\u0259tai rayonu, 64 sayl\u0131 orta m\u0259kt\u0259bin Az\u0259rbaycan dili v\u0259 \u0259d\u0259biyyat m\u00fc\u0259llimi<\/strong><\/em><\/p>\n","protected":false},"excerpt":{"rendered":"<p>Az\u0259rbaycan xalq\u0131n\u0131n tarixi q\u0259dim olan bayramlar\u0131ndan biri d\u0259 Novruz bayram\u0131d\u0131r. Bu bayram Az\u0259rbaycan xalq\u0131n\u0131n m\u0259n\u0259vi d\u00fcnyas\u0131n\u0131, milli d\u00fc\u015f\u00fcnc\u0259 t\u0259rzini, milli varl\u0131\u011f\u0131n\u0131, folklorunu b\u00fct\u00fcn z\u0259nginliyi il\u0259 \u00f6z\u00fcnd\u0259 ifad\u0259 edir. Bu bayram t\u0259kc\u0259 yaz\u0131n, bahar\u0131n g\u0259li\u015finin bayram edilm\u0259si deyil, h\u0259m d\u0259 yeni t\u0259qvim ilinin \u2013 yeni g\u00fcn\u00fcn ba\u015flan\u011f\u0131c\u0131 hesab olunur. Az\u0259rbaycan xalq\u0131n\u0131n q\u0259dim ad\u0259t-\u0259n\u0259n\u0259l\u0259rini \u00f6z\u00fcnd\u0259 ehtiva ed\u0259n Novruz bayram\u0131 milli bayram\u0131m\u0131z olaraq b\u00fct\u00fcn d\u00fcnyada geni\u015f t\u0259bli\u011f edilir. Bayram \u015f\u0259nlikl\u0259rind\u0259 xalq\u0131m\u0131z birlik \u2013 b\u0259rab\u0259rlik v\u0259 h\u0259mr\u0259ylik n\u00fcmayi\u015f etdir\u0259r\u0259k h\u0259m d\u0259 milli d\u0259y\u0259rl\u0259rin\u0259 sahib \u00e7\u0131xd\u0131\u011f\u0131n\u0131 g\u00f6st\u0259rir. Az\u0259rbaycana r\u0259hb\u0259rlik etdiyi d\u00f6vrd\u0259n h\u0259r il Novruz bayram\u0131nda&hellip;<\/p>\n","protected":false},"author":2,"featured_media":793689,"comment_status":"closed","ping_status":"closed","sticky":false,"template":"","format":"standard","meta":{"om_disable_all_campaigns":false,"_monsterinsights_skip_tracking":false,"_monsterinsights_sitenote_active":false,"_monsterinsights_sitenote_note":"","_monsterinsights_sitenote_category":0},"categories":[19],"tags":[],"aioseo_notices":[],"gutentor_comment":0,"rttpg_featured_image_url":{"full":["https:\/\/arantv.az\/wp-content\/uploads\/2025\/03\/4747f5ca167905129839653845510849307.jpg",975,540,false],"landscape":["https:\/\/arantv.az\/wp-content\/uploads\/2025\/03\/4747f5ca167905129839653845510849307.jpg",975,540,false],"portraits":["https:\/\/arantv.az\/wp-content\/uploads\/2025\/03\/4747f5ca167905129839653845510849307.jpg",975,540,false],"thumbnail":["https:\/\/arantv.az\/wp-content\/uploads\/2025\/03\/4747f5ca167905129839653845510849307-500x280.jpg",500,280,true],"medium":["https:\/\/arantv.az\/wp-content\/uploads\/2025\/03\/4747f5ca167905129839653845510849307-660x365.jpg",660,365,true],"large":["https:\/\/arantv.az\/wp-content\/uploads\/2025\/03\/4747f5ca167905129839653845510849307-840x465.jpg",640,354,true],"1536x1536":["https:\/\/arantv.az\/wp-content\/uploads\/2025\/03\/4747f5ca167905129839653845510849307.jpg",975,540,false],"2048x2048":["https:\/\/arantv.az\/wp-content\/uploads\/2025\/03\/4747f5ca167905129839653845510849307.jpg",975,540,false],"post-thumbnail":["https:\/\/arantv.az\/wp-content\/uploads\/2025\/03\/4747f5ca167905129839653845510849307-240x172.jpg",240,172,true],"advps-thumb-one":["https:\/\/arantv.az\/wp-content\/uploads\/2025\/03\/4747f5ca167905129839653845510849307.jpg",975,540,false]},"rttpg_author":{"display_name":"V\u00fcsal Rafiqo\u011flu","author_link":"https:\/\/arantv.az\/?author=2"},"rttpg_comment":0,"rttpg_category":"<a href=\"https:\/\/arantv.az\/?cat=19\" rel=\"category\">G\u00fcnd\u0259m<\/a>","rttpg_excerpt":"Az\u0259rbaycan xalq\u0131n\u0131n tarixi q\u0259dim olan bayramlar\u0131ndan biri d\u0259 Novruz bayram\u0131d\u0131r. Bu bayram Az\u0259rbaycan xalq\u0131n\u0131n m\u0259n\u0259vi d\u00fcnyas\u0131n\u0131, milli d\u00fc\u015f\u00fcnc\u0259 t\u0259rzini, milli varl\u0131\u011f\u0131n\u0131, folklorunu b\u00fct\u00fcn z\u0259nginliyi il\u0259 \u00f6z\u00fcnd\u0259 ifad\u0259 edir. Bu bayram t\u0259kc\u0259 yaz\u0131n, bahar\u0131n g\u0259li\u015finin bayram edilm\u0259si deyil, h\u0259m d\u0259 yeni t\u0259qvim ilinin \u2013 yeni g\u00fcn\u00fcn ba\u015flan\u011f\u0131c\u0131 hesab olunur. Az\u0259rbaycan xalq\u0131n\u0131n q\u0259dim ad\u0259t-\u0259n\u0259n\u0259l\u0259rini \u00f6z\u00fcnd\u0259 ehtiva ed\u0259n&hellip;","_links":{"self":[{"href":"https:\/\/arantv.az\/index.php?rest_route=\/wp\/v2\/posts\/793688"}],"collection":[{"href":"https:\/\/arantv.az\/index.php?rest_route=\/wp\/v2\/posts"}],"about":[{"href":"https:\/\/arantv.az\/index.php?rest_route=\/wp\/v2\/types\/post"}],"author":[{"embeddable":true,"href":"https:\/\/arantv.az\/index.php?rest_route=\/wp\/v2\/users\/2"}],"replies":[{"embeddable":true,"href":"https:\/\/arantv.az\/index.php?rest_route=%2Fwp%2Fv2%2Fcomments&post=793688"}],"version-history":[{"count":1,"href":"https:\/\/arantv.az\/index.php?rest_route=\/wp\/v2\/posts\/793688\/revisions"}],"predecessor-version":[{"id":793690,"href":"https:\/\/arantv.az\/index.php?rest_route=\/wp\/v2\/posts\/793688\/revisions\/793690"}],"wp:featuredmedia":[{"embeddable":true,"href":"https:\/\/arantv.az\/index.php?rest_route=\/wp\/v2\/media\/793689"}],"wp:attachment":[{"href":"https:\/\/arantv.az\/index.php?rest_route=%2Fwp%2Fv2%2Fmedia&parent=793688"}],"wp:term":[{"taxonomy":"category","embeddable":true,"href":"https:\/\/arantv.az\/index.php?rest_route=%2Fwp%2Fv2%2Fcategories&post=793688"},{"taxonomy":"post_tag","embeddable":true,"href":"https:\/\/arantv.az\/index.php?rest_route=%2Fwp%2Fv2%2Ftags&post=793688"}],"curies":[{"name":"wp","href":"https:\/\/api.w.org\/{rel}","templated":true}]}}