{"id":793692,"date":"2025-03-13T17:59:06","date_gmt":"2025-03-13T13:59:06","guid":{"rendered":"https:\/\/arantv.az\/?p=793692"},"modified":"2025-03-13T17:59:06","modified_gmt":"2025-03-13T13:59:06","slug":"haluk-bayraktara-mudafi%c9%99-s%c9%99nayesi-uzr%c9%99-f%c9%99aliyy%c9%99t%c9%99-baslamasi-ucun-xususi-lisenziya-verilib","status":"publish","type":"post","link":"https:\/\/arantv.az\/?p=793692","title":{"rendered":"Haluk Bayraktara m\u00fcdafi\u0259 s\u0259nayesi \u00fczr\u0259 f\u0259aliyy\u0259t\u0259 ba\u015flamas\u0131 \u00fc\u00e7\u00fcn x\u00fcsusi lisenziya verilib"},"content":{"rendered":"<p>M\u00fcdafi\u0259 s\u0259nayesi naziri V\u00fcqar Mustafayev Az\u0259rbaycanda i\u015fg\u00fczar s\u0259f\u0259rd\u0259 olan T\u00fcrkiy\u0259nin \u201cBaykar\u201d \u015firk\u0259tinin ba\u015f direktoru Haluk Bayraktar il\u0259 g\u00f6r\u00fc\u015f\u00fcb.<\/p>\n<p>Bu bar\u0259d\u0259\u00a0Musavat.com-a M\u00fcdafi\u0259 S\u0259nayesi Nazirliyind\u0259n m\u0259lumat verilib.<\/p>\n<p>Bildirilib ki, nazir \u015firk\u0259t r\u0259hb\u0259rini Az\u0259rbaycanda g\u00f6rm\u0259kd\u0259n m\u0259mnunlu\u011funu ifad\u0259 ed\u0259r\u0259k, \u00f6lk\u0259l\u0259r aras\u0131nda dig\u0259r sah\u0259l\u0259rd\u0259 oldu\u011fu kimi m\u00fcdafi\u0259 s\u0259nayesi sah\u0259sind\u0259 d\u0259 \u0259m\u0259kda\u015fl\u0131\u011f\u0131n y\u00fcks\u0259l\u0259n x\u0259tl\u0259 inki\u015faf etdiyini diqq\u0259t\u0259 \u00e7atd\u0131r\u0131b.<\/p>\n<p>G\u00f6r\u00fc\u015f zaman\u0131 Az\u0259rbaycan\u0131n m\u00fcdafi\u0259 s\u0259nayesi sah\u0259sinin inki\u015faf etdirilm\u0259si bax\u0131m\u0131ndan \u201cBaykar\u201d \u015firk\u0259ti il\u0259 m\u00f6vcud \u0259m\u0259kda\u015fl\u0131\u011f\u0131n daha da geni\u015fl\u0259ndirilm\u0259si v\u0259 qar\u015f\u0131l\u0131ql\u0131 maraq do\u011furan bir s\u0131ra m\u0259s\u0259l\u0259l\u0259r\u0259 dair \u0259trafl\u0131 fikir m\u00fcbadil\u0259si apar\u0131l\u0131b.<\/p>\n<p>Sonda V. Mustafayev \u201cBayraktar Teknoloji Azerbaycan\u201d \u015firk\u0259tinin Az\u0259rbaycanda m\u00fcdafi\u0259 s\u0259nayesi sah\u0259sind\u0259 f\u0259aliyy\u0259t\u0259 ba\u015flamas\u0131 \u00fc\u00e7\u00fcn x\u00fcsusi lisenziyan\u0131 H.Bayraktara t\u0259qdim edib.<\/p>\n","protected":false},"excerpt":{"rendered":"<p>M\u00fcdafi\u0259 s\u0259nayesi naziri V\u00fcqar Mustafayev Az\u0259rbaycanda i\u015fg\u00fczar s\u0259f\u0259rd\u0259 olan T\u00fcrkiy\u0259nin \u201cBaykar\u201d \u015firk\u0259tinin ba\u015f direktoru Haluk Bayraktar il\u0259 g\u00f6r\u00fc\u015f\u00fcb. Bu bar\u0259d\u0259\u00a0Musavat.com-a M\u00fcdafi\u0259 S\u0259nayesi Nazirliyind\u0259n m\u0259lumat verilib. Bildirilib ki, nazir \u015firk\u0259t r\u0259hb\u0259rini Az\u0259rbaycanda g\u00f6rm\u0259kd\u0259n m\u0259mnunlu\u011funu ifad\u0259 ed\u0259r\u0259k, \u00f6lk\u0259l\u0259r aras\u0131nda dig\u0259r sah\u0259l\u0259rd\u0259 oldu\u011fu kimi m\u00fcdafi\u0259 s\u0259nayesi sah\u0259sind\u0259 d\u0259 \u0259m\u0259kda\u015fl\u0131\u011f\u0131n y\u00fcks\u0259l\u0259n x\u0259tl\u0259 inki\u015faf etdiyini diqq\u0259t\u0259 \u00e7atd\u0131r\u0131b. G\u00f6r\u00fc\u015f zaman\u0131 Az\u0259rbaycan\u0131n m\u00fcdafi\u0259 s\u0259nayesi sah\u0259sinin inki\u015faf etdirilm\u0259si bax\u0131m\u0131ndan \u201cBaykar\u201d \u015firk\u0259ti il\u0259 m\u00f6vcud \u0259m\u0259kda\u015fl\u0131\u011f\u0131n daha da geni\u015fl\u0259ndirilm\u0259si v\u0259 qar\u015f\u0131l\u0131ql\u0131 maraq do\u011furan bir s\u0131ra m\u0259s\u0259l\u0259l\u0259r\u0259 dair \u0259trafl\u0131 fikir m\u00fcbadil\u0259si apar\u0131l\u0131b. Sonda V. Mustafayev \u201cBayraktar Teknoloji Azerbaycan\u201d \u015firk\u0259tinin Az\u0259rbaycanda m\u00fcdafi\u0259&hellip;<\/p>\n","protected":false},"author":2,"featured_media":793693,"comment_status":"closed","ping_status":"closed","sticky":false,"template":"","format":"standard","meta":{"om_disable_all_campaigns":false,"_monsterinsights_skip_tracking":false,"_monsterinsights_sitenote_active":false,"_monsterinsights_sitenote_note":"","_monsterinsights_sitenote_category":0},"categories":[4],"tags":[],"aioseo_notices":[],"gutentor_comment":0,"rttpg_featured_image_url":{"full":["https:\/\/arantv.az\/wp-content\/uploads\/2025\/03\/04e4d907bd5c763c299fd59ee6ae99f8.jpg",850,500,false],"landscape":["https:\/\/arantv.az\/wp-content\/uploads\/2025\/03\/04e4d907bd5c763c299fd59ee6ae99f8.jpg",850,500,false],"portraits":["https:\/\/arantv.az\/wp-content\/uploads\/2025\/03\/04e4d907bd5c763c299fd59ee6ae99f8.jpg",850,500,false],"thumbnail":["https:\/\/arantv.az\/wp-content\/uploads\/2025\/03\/04e4d907bd5c763c299fd59ee6ae99f8-500x280.jpg",500,280,true],"medium":["https:\/\/arantv.az\/wp-content\/uploads\/2025\/03\/04e4d907bd5c763c299fd59ee6ae99f8-621x365.jpg",621,365,true],"large":["https:\/\/arantv.az\/wp-content\/uploads\/2025\/03\/04e4d907bd5c763c299fd59ee6ae99f8-840x494.jpg",640,376,true],"1536x1536":["https:\/\/arantv.az\/wp-content\/uploads\/2025\/03\/04e4d907bd5c763c299fd59ee6ae99f8.jpg",850,500,false],"2048x2048":["https:\/\/arantv.az\/wp-content\/uploads\/2025\/03\/04e4d907bd5c763c299fd59ee6ae99f8.jpg",850,500,false],"post-thumbnail":["https:\/\/arantv.az\/wp-content\/uploads\/2025\/03\/04e4d907bd5c763c299fd59ee6ae99f8-240x172.jpg",240,172,true],"advps-thumb-one":["https:\/\/arantv.az\/wp-content\/uploads\/2025\/03\/04e4d907bd5c763c299fd59ee6ae99f8.jpg",850,500,false]},"rttpg_author":{"display_name":"V\u00fcsal Rafiqo\u011flu","author_link":"https:\/\/arantv.az\/?author=2"},"rttpg_comment":0,"rttpg_category":"<a href=\"https:\/\/arantv.az\/?cat=4\" rel=\"category\">Siyas\u0259t<\/a>","rttpg_excerpt":"M\u00fcdafi\u0259 s\u0259nayesi naziri V\u00fcqar Mustafayev Az\u0259rbaycanda i\u015fg\u00fczar s\u0259f\u0259rd\u0259 olan T\u00fcrkiy\u0259nin \u201cBaykar\u201d \u015firk\u0259tinin ba\u015f direktoru Haluk Bayraktar il\u0259 g\u00f6r\u00fc\u015f\u00fcb. Bu bar\u0259d\u0259\u00a0Musavat.com-a M\u00fcdafi\u0259 S\u0259nayesi Nazirliyind\u0259n m\u0259lumat verilib. Bildirilib ki, nazir \u015firk\u0259t r\u0259hb\u0259rini Az\u0259rbaycanda g\u00f6rm\u0259kd\u0259n m\u0259mnunlu\u011funu ifad\u0259 ed\u0259r\u0259k, \u00f6lk\u0259l\u0259r aras\u0131nda dig\u0259r sah\u0259l\u0259rd\u0259 oldu\u011fu kimi m\u00fcdafi\u0259 s\u0259nayesi sah\u0259sind\u0259 d\u0259 \u0259m\u0259kda\u015fl\u0131\u011f\u0131n y\u00fcks\u0259l\u0259n x\u0259tl\u0259 inki\u015faf etdiyini diqq\u0259t\u0259 \u00e7atd\u0131r\u0131b. G\u00f6r\u00fc\u015f zaman\u0131 Az\u0259rbaycan\u0131n&hellip;","_links":{"self":[{"href":"https:\/\/arantv.az\/index.php?rest_route=\/wp\/v2\/posts\/793692"}],"collection":[{"href":"https:\/\/arantv.az\/index.php?rest_route=\/wp\/v2\/posts"}],"about":[{"href":"https:\/\/arantv.az\/index.php?rest_route=\/wp\/v2\/types\/post"}],"author":[{"embeddable":true,"href":"https:\/\/arantv.az\/index.php?rest_route=\/wp\/v2\/users\/2"}],"replies":[{"embeddable":true,"href":"https:\/\/arantv.az\/index.php?rest_route=%2Fwp%2Fv2%2Fcomments&post=793692"}],"version-history":[{"count":1,"href":"https:\/\/arantv.az\/index.php?rest_route=\/wp\/v2\/posts\/793692\/revisions"}],"predecessor-version":[{"id":793694,"href":"https:\/\/arantv.az\/index.php?rest_route=\/wp\/v2\/posts\/793692\/revisions\/793694"}],"wp:featuredmedia":[{"embeddable":true,"href":"https:\/\/arantv.az\/index.php?rest_route=\/wp\/v2\/media\/793693"}],"wp:attachment":[{"href":"https:\/\/arantv.az\/index.php?rest_route=%2Fwp%2Fv2%2Fmedia&parent=793692"}],"wp:term":[{"taxonomy":"category","embeddable":true,"href":"https:\/\/arantv.az\/index.php?rest_route=%2Fwp%2Fv2%2Fcategories&post=793692"},{"taxonomy":"post_tag","embeddable":true,"href":"https:\/\/arantv.az\/index.php?rest_route=%2Fwp%2Fv2%2Ftags&post=793692"}],"curies":[{"name":"wp","href":"https:\/\/api.w.org\/{rel}","templated":true}]}}