{"id":793703,"date":"2025-03-13T20:28:39","date_gmt":"2025-03-13T16:28:39","guid":{"rendered":"https:\/\/arantv.az\/?p=793703"},"modified":"2025-03-13T20:28:39","modified_gmt":"2025-03-13T16:28:39","slug":"pasinyan-z%c9%99ng%c9%99zur-d%c9%99hlizi-ifad%c9%99si-bizim-ucun-anlasilmaz-v%c9%99-q%c9%99buledilm%c9%99zdir","status":"publish","type":"post","link":"https:\/\/arantv.az\/?p=793703","title":{"rendered":"Pa\u015finyan: \u201cZ\u0259ng\u0259zur d\u0259hlizi\u201d ifad\u0259si bizim \u00fc\u00e7\u00fcn anla\u015f\u0131lmaz v\u0259 q\u0259buledilm\u0259zdir"},"content":{"rendered":"<p><strong>\u201cZ\u0259ng\u0259zur d\u0259hlizi\u201d ifad\u0259si bizim \u00fc\u00e7\u00fcn anla\u015f\u0131lmaz v\u0259 q\u0259buledilm\u0259zdir.<\/strong><\/p>\n<p>Bu bar\u0259d\u0259 Erm\u0259nistan Ba\u015f naziri Nikol Pa\u015finyan t\u00fcrkiy\u0259li jurnalistl\u0259r\u0259 m\u00fcsahib\u0259sind\u0259 bildirib.<\/p>\n<p>Onun s\u00f6zl\u0259rin\u0259 g\u00f6r\u0259, Erm\u0259nistanda bu ifad\u0259 suverenlik v\u0259 \u0259razi b\u00fct\u00f6vl\u00fcy\u00fcn\u0259 t\u0259hkl\u00fck\u0259 kimi qar\u015f\u0131lan\u0131r: &#8220;Onu da qeyd etm\u0259k ist\u0259rdim ki, regional kommunikasiya x\u0259tl\u0259rinin a\u00e7\u0131lmas\u0131n\u0131 \u0259n \u00e7ox m\u00fcdafi\u0259 ed\u0259n bizik, \u00e7\u00fcnki \u0259slind\u0259 blokadada olan bizik. Regionda he\u00e7 bir ba\u015fqa \u00f6lk\u0259 blokadada deyil. Bizim d\u00f6rd s\u0259rh\u0259dimiz var v\u0259 onlardan ikisi tamamil\u0259 ba\u011fl\u0131d\u0131r. T\u0259kc\u0259 bu fakt ayd\u0131n \u015f\u0259kild\u0259 g\u00f6st\u0259rir ki, biz regional n\u0259qliyyat mar\u015frutlar\u0131n\u0131n a\u00e7\u0131lmas\u0131nda \u0259slind\u0259 n\u0259 q\u0259d\u0259r maraql\u0131y\u0131q\u201d, &#8211; dey\u0259 Pa\u015finyan vur\u011fulay\u0131b.<\/p>\n<p>O qeyd edib ki, Erm\u0259nistan Respublikas\u0131 \u00f6z \u0259razisi vasit\u0259sil\u0259 Az\u0259rbaycan\u0131n q\u0259rb rayonlar\u0131 il\u0259 Nax\u00e7\u0131van aras\u0131nda n\u0259qliyyat \u0259laq\u0259sini t\u0259min etm\u0259y\u0259 haz\u0131rd\u0131r.\/\/APA<\/p>\n","protected":false},"excerpt":{"rendered":"<p>\u201cZ\u0259ng\u0259zur d\u0259hlizi\u201d ifad\u0259si bizim \u00fc\u00e7\u00fcn anla\u015f\u0131lmaz v\u0259 q\u0259buledilm\u0259zdir. Bu bar\u0259d\u0259 Erm\u0259nistan Ba\u015f naziri Nikol Pa\u015finyan t\u00fcrkiy\u0259li jurnalistl\u0259r\u0259 m\u00fcsahib\u0259sind\u0259 bildirib. Onun s\u00f6zl\u0259rin\u0259 g\u00f6r\u0259, Erm\u0259nistanda bu ifad\u0259 suverenlik v\u0259 \u0259razi b\u00fct\u00f6vl\u00fcy\u00fcn\u0259 t\u0259hkl\u00fck\u0259 kimi qar\u015f\u0131lan\u0131r: &#8220;Onu da qeyd etm\u0259k ist\u0259rdim ki, regional kommunikasiya x\u0259tl\u0259rinin a\u00e7\u0131lmas\u0131n\u0131 \u0259n \u00e7ox m\u00fcdafi\u0259 ed\u0259n bizik, \u00e7\u00fcnki \u0259slind\u0259 blokadada olan bizik. Regionda he\u00e7 bir ba\u015fqa \u00f6lk\u0259 blokadada deyil. Bizim d\u00f6rd s\u0259rh\u0259dimiz var v\u0259 onlardan ikisi tamamil\u0259 ba\u011fl\u0131d\u0131r. T\u0259kc\u0259 bu fakt ayd\u0131n \u015f\u0259kild\u0259 g\u00f6st\u0259rir ki, biz regional n\u0259qliyyat mar\u015frutlar\u0131n\u0131n a\u00e7\u0131lmas\u0131nda \u0259slind\u0259 n\u0259 q\u0259d\u0259r maraql\u0131y\u0131q\u201d, &#8211; dey\u0259 Pa\u015finyan vur\u011fulay\u0131b. O qeyd&hellip;<\/p>\n","protected":false},"author":2,"featured_media":793704,"comment_status":"closed","ping_status":"closed","sticky":false,"template":"","format":"standard","meta":{"om_disable_all_campaigns":false,"_monsterinsights_skip_tracking":false,"_monsterinsights_sitenote_active":false,"_monsterinsights_sitenote_note":"","_monsterinsights_sitenote_category":0},"categories":[4],"tags":[],"aioseo_notices":[],"gutentor_comment":0,"rttpg_featured_image_url":{"full":["https:\/\/arantv.az\/wp-content\/uploads\/2025\/03\/68f09629e30bdc025b2a998c348422a6.jpg",850,500,false],"landscape":["https:\/\/arantv.az\/wp-content\/uploads\/2025\/03\/68f09629e30bdc025b2a998c348422a6.jpg",850,500,false],"portraits":["https:\/\/arantv.az\/wp-content\/uploads\/2025\/03\/68f09629e30bdc025b2a998c348422a6.jpg",850,500,false],"thumbnail":["https:\/\/arantv.az\/wp-content\/uploads\/2025\/03\/68f09629e30bdc025b2a998c348422a6-500x280.jpg",500,280,true],"medium":["https:\/\/arantv.az\/wp-content\/uploads\/2025\/03\/68f09629e30bdc025b2a998c348422a6-621x365.jpg",621,365,true],"large":["https:\/\/arantv.az\/wp-content\/uploads\/2025\/03\/68f09629e30bdc025b2a998c348422a6-840x494.jpg",640,376,true],"1536x1536":["https:\/\/arantv.az\/wp-content\/uploads\/2025\/03\/68f09629e30bdc025b2a998c348422a6.jpg",850,500,false],"2048x2048":["https:\/\/arantv.az\/wp-content\/uploads\/2025\/03\/68f09629e30bdc025b2a998c348422a6.jpg",850,500,false],"post-thumbnail":["https:\/\/arantv.az\/wp-content\/uploads\/2025\/03\/68f09629e30bdc025b2a998c348422a6-240x172.jpg",240,172,true],"advps-thumb-one":["https:\/\/arantv.az\/wp-content\/uploads\/2025\/03\/68f09629e30bdc025b2a998c348422a6.jpg",850,500,false]},"rttpg_author":{"display_name":"V\u00fcsal Rafiqo\u011flu","author_link":"https:\/\/arantv.az\/?author=2"},"rttpg_comment":0,"rttpg_category":"<a href=\"https:\/\/arantv.az\/?cat=4\" rel=\"category\">Siyas\u0259t<\/a>","rttpg_excerpt":"\u201cZ\u0259ng\u0259zur d\u0259hlizi\u201d ifad\u0259si bizim \u00fc\u00e7\u00fcn anla\u015f\u0131lmaz v\u0259 q\u0259buledilm\u0259zdir. Bu bar\u0259d\u0259 Erm\u0259nistan Ba\u015f naziri Nikol Pa\u015finyan t\u00fcrkiy\u0259li jurnalistl\u0259r\u0259 m\u00fcsahib\u0259sind\u0259 bildirib. Onun s\u00f6zl\u0259rin\u0259 g\u00f6r\u0259, Erm\u0259nistanda bu ifad\u0259 suverenlik v\u0259 \u0259razi b\u00fct\u00f6vl\u00fcy\u00fcn\u0259 t\u0259hkl\u00fck\u0259 kimi qar\u015f\u0131lan\u0131r: &#8220;Onu da qeyd etm\u0259k ist\u0259rdim ki, regional kommunikasiya x\u0259tl\u0259rinin a\u00e7\u0131lmas\u0131n\u0131 \u0259n \u00e7ox m\u00fcdafi\u0259 ed\u0259n bizik, \u00e7\u00fcnki \u0259slind\u0259 blokadada olan bizik. Regionda he\u00e7 bir&hellip;","_links":{"self":[{"href":"https:\/\/arantv.az\/index.php?rest_route=\/wp\/v2\/posts\/793703"}],"collection":[{"href":"https:\/\/arantv.az\/index.php?rest_route=\/wp\/v2\/posts"}],"about":[{"href":"https:\/\/arantv.az\/index.php?rest_route=\/wp\/v2\/types\/post"}],"author":[{"embeddable":true,"href":"https:\/\/arantv.az\/index.php?rest_route=\/wp\/v2\/users\/2"}],"replies":[{"embeddable":true,"href":"https:\/\/arantv.az\/index.php?rest_route=%2Fwp%2Fv2%2Fcomments&post=793703"}],"version-history":[{"count":1,"href":"https:\/\/arantv.az\/index.php?rest_route=\/wp\/v2\/posts\/793703\/revisions"}],"predecessor-version":[{"id":793705,"href":"https:\/\/arantv.az\/index.php?rest_route=\/wp\/v2\/posts\/793703\/revisions\/793705"}],"wp:featuredmedia":[{"embeddable":true,"href":"https:\/\/arantv.az\/index.php?rest_route=\/wp\/v2\/media\/793704"}],"wp:attachment":[{"href":"https:\/\/arantv.az\/index.php?rest_route=%2Fwp%2Fv2%2Fmedia&parent=793703"}],"wp:term":[{"taxonomy":"category","embeddable":true,"href":"https:\/\/arantv.az\/index.php?rest_route=%2Fwp%2Fv2%2Fcategories&post=793703"},{"taxonomy":"post_tag","embeddable":true,"href":"https:\/\/arantv.az\/index.php?rest_route=%2Fwp%2Fv2%2Ftags&post=793703"}],"curies":[{"name":"wp","href":"https:\/\/api.w.org\/{rel}","templated":true}]}}