{"id":793709,"date":"2025-03-13T20:30:53","date_gmt":"2025-03-13T16:30:53","guid":{"rendered":"https:\/\/arantv.az\/?p=793709"},"modified":"2025-03-13T20:30:53","modified_gmt":"2025-03-13T16:30:53","slug":"turkiy%c9%99nin-uc-r%c9%99smi-s%c9%99xsi-d%c9%99m%c9%99sq%c9%99-getdi","status":"publish","type":"post","link":"https:\/\/arantv.az\/?p=793709","title":{"rendered":"T\u00fcrkiy\u0259nin \u00fc\u00e7 r\u0259smi \u015f\u0259xsi D\u0259m\u0259\u015fq\u0259 getdi"},"content":{"rendered":"<p><strong>T\u00fcrkiy\u0259nin xarici i\u015fl\u0259r naziri Hakan Fidan, milli m\u00fcdafi\u0259 naziri Ya\u015far G\u00fcl\u0259r v\u0259 Milli K\u0259\u015ffiyyat \u0130dar\u0259sinin r\u0259hb\u0259ri \u0130brahim Kal\u0131n Suriyan\u0131n paytaxt\u0131 D\u0259m\u0259\u015fq\u0259 gedibl\u0259r.<\/strong><\/p>\n<p>Bu bar\u0259d\u0259 T\u00fcrkiy\u0259nin \u201cAnadolu\u201d agentliyi m\u0259lumat yay\u0131b.<\/p>\n<p>Qeyd olunub ki, onlar D\u0259m\u0259\u015fqd\u0259 bir s\u0131ra r\u0259smi g\u00f6r\u00fc\u015fl\u0259r ke\u00e7ir\u0259c\u0259kl\u0259r.<\/p>\n<p>M\u0259lumata g\u00f6r\u0259, H.Fidan art\u0131q Suriya Prezidenti \u018fhm\u0259d \u0259\u015f-\u015eara il\u0259 g\u00f6r\u00fc\u015f\u00fcb.\/\/Report<\/p>\n","protected":false},"excerpt":{"rendered":"<p>T\u00fcrkiy\u0259nin xarici i\u015fl\u0259r naziri Hakan Fidan, milli m\u00fcdafi\u0259 naziri Ya\u015far G\u00fcl\u0259r v\u0259 Milli K\u0259\u015ffiyyat \u0130dar\u0259sinin r\u0259hb\u0259ri \u0130brahim Kal\u0131n Suriyan\u0131n paytaxt\u0131 D\u0259m\u0259\u015fq\u0259 gedibl\u0259r. Bu bar\u0259d\u0259 T\u00fcrkiy\u0259nin \u201cAnadolu\u201d agentliyi m\u0259lumat yay\u0131b. Qeyd olunub ki, onlar D\u0259m\u0259\u015fqd\u0259 bir s\u0131ra r\u0259smi g\u00f6r\u00fc\u015fl\u0259r ke\u00e7ir\u0259c\u0259kl\u0259r. M\u0259lumata g\u00f6r\u0259, H.Fidan art\u0131q Suriya Prezidenti \u018fhm\u0259d \u0259\u015f-\u015eara il\u0259 g\u00f6r\u00fc\u015f\u00fcb.\/\/Report<\/p>\n","protected":false},"author":2,"featured_media":793710,"comment_status":"closed","ping_status":"closed","sticky":false,"template":"","format":"standard","meta":{"om_disable_all_campaigns":false,"_monsterinsights_skip_tracking":false,"_monsterinsights_sitenote_active":false,"_monsterinsights_sitenote_note":"","_monsterinsights_sitenote_category":0},"categories":[4],"tags":[],"aioseo_notices":[],"gutentor_comment":0,"rttpg_featured_image_url":{"full":["https:\/\/arantv.az\/wp-content\/uploads\/2025\/03\/57b7f1345ab1f7cf1ed18e84da2c2afc.jpg",850,500,false],"landscape":["https:\/\/arantv.az\/wp-content\/uploads\/2025\/03\/57b7f1345ab1f7cf1ed18e84da2c2afc.jpg",850,500,false],"portraits":["https:\/\/arantv.az\/wp-content\/uploads\/2025\/03\/57b7f1345ab1f7cf1ed18e84da2c2afc.jpg",850,500,false],"thumbnail":["https:\/\/arantv.az\/wp-content\/uploads\/2025\/03\/57b7f1345ab1f7cf1ed18e84da2c2afc-500x280.jpg",500,280,true],"medium":["https:\/\/arantv.az\/wp-content\/uploads\/2025\/03\/57b7f1345ab1f7cf1ed18e84da2c2afc-621x365.jpg",621,365,true],"large":["https:\/\/arantv.az\/wp-content\/uploads\/2025\/03\/57b7f1345ab1f7cf1ed18e84da2c2afc-840x494.jpg",640,376,true],"1536x1536":["https:\/\/arantv.az\/wp-content\/uploads\/2025\/03\/57b7f1345ab1f7cf1ed18e84da2c2afc.jpg",850,500,false],"2048x2048":["https:\/\/arantv.az\/wp-content\/uploads\/2025\/03\/57b7f1345ab1f7cf1ed18e84da2c2afc.jpg",850,500,false],"post-thumbnail":["https:\/\/arantv.az\/wp-content\/uploads\/2025\/03\/57b7f1345ab1f7cf1ed18e84da2c2afc-240x172.jpg",240,172,true],"advps-thumb-one":["https:\/\/arantv.az\/wp-content\/uploads\/2025\/03\/57b7f1345ab1f7cf1ed18e84da2c2afc.jpg",850,500,false]},"rttpg_author":{"display_name":"V\u00fcsal Rafiqo\u011flu","author_link":"https:\/\/arantv.az\/?author=2"},"rttpg_comment":0,"rttpg_category":"<a href=\"https:\/\/arantv.az\/?cat=4\" rel=\"category\">Siyas\u0259t<\/a>","rttpg_excerpt":"T\u00fcrkiy\u0259nin xarici i\u015fl\u0259r naziri Hakan Fidan, milli m\u00fcdafi\u0259 naziri Ya\u015far G\u00fcl\u0259r v\u0259 Milli K\u0259\u015ffiyyat \u0130dar\u0259sinin r\u0259hb\u0259ri \u0130brahim Kal\u0131n Suriyan\u0131n paytaxt\u0131 D\u0259m\u0259\u015fq\u0259 gedibl\u0259r. Bu bar\u0259d\u0259 T\u00fcrkiy\u0259nin \u201cAnadolu\u201d agentliyi m\u0259lumat yay\u0131b. Qeyd olunub ki, onlar D\u0259m\u0259\u015fqd\u0259 bir s\u0131ra r\u0259smi g\u00f6r\u00fc\u015fl\u0259r ke\u00e7ir\u0259c\u0259kl\u0259r. M\u0259lumata g\u00f6r\u0259, H.Fidan art\u0131q Suriya Prezidenti \u018fhm\u0259d \u0259\u015f-\u015eara il\u0259 g\u00f6r\u00fc\u015f\u00fcb.\/\/Report","_links":{"self":[{"href":"https:\/\/arantv.az\/index.php?rest_route=\/wp\/v2\/posts\/793709"}],"collection":[{"href":"https:\/\/arantv.az\/index.php?rest_route=\/wp\/v2\/posts"}],"about":[{"href":"https:\/\/arantv.az\/index.php?rest_route=\/wp\/v2\/types\/post"}],"author":[{"embeddable":true,"href":"https:\/\/arantv.az\/index.php?rest_route=\/wp\/v2\/users\/2"}],"replies":[{"embeddable":true,"href":"https:\/\/arantv.az\/index.php?rest_route=%2Fwp%2Fv2%2Fcomments&post=793709"}],"version-history":[{"count":1,"href":"https:\/\/arantv.az\/index.php?rest_route=\/wp\/v2\/posts\/793709\/revisions"}],"predecessor-version":[{"id":793711,"href":"https:\/\/arantv.az\/index.php?rest_route=\/wp\/v2\/posts\/793709\/revisions\/793711"}],"wp:featuredmedia":[{"embeddable":true,"href":"https:\/\/arantv.az\/index.php?rest_route=\/wp\/v2\/media\/793710"}],"wp:attachment":[{"href":"https:\/\/arantv.az\/index.php?rest_route=%2Fwp%2Fv2%2Fmedia&parent=793709"}],"wp:term":[{"taxonomy":"category","embeddable":true,"href":"https:\/\/arantv.az\/index.php?rest_route=%2Fwp%2Fv2%2Fcategories&post=793709"},{"taxonomy":"post_tag","embeddable":true,"href":"https:\/\/arantv.az\/index.php?rest_route=%2Fwp%2Fv2%2Ftags&post=793709"}],"curies":[{"name":"wp","href":"https:\/\/api.w.org\/{rel}","templated":true}]}}