{"id":793712,"date":"2025-03-13T20:31:49","date_gmt":"2025-03-13T16:31:49","guid":{"rendered":"https:\/\/arantv.az\/?p=793712"},"modified":"2025-03-13T20:31:49","modified_gmt":"2025-03-13T16:31:49","slug":"bakida-turkman-irsi-v%c9%99t%c9%99ndas-c%c9%99miyy%c9%99tl%c9%99rinin-h%c9%99mr%c9%99yliyi-forumu-keciril%c9%99c%c9%99k","status":"publish","type":"post","link":"https:\/\/arantv.az\/?p=793712","title":{"rendered":"Bak\u0131da &#8220;T\u00fcrkman irsi: v\u0259t\u0259nda\u015f c\u0259miyy\u0259tl\u0259rinin h\u0259mr\u0259yliyi\u201d forumu ke\u00e7iril\u0259c\u0259k"},"content":{"rendered":"<p><strong>2025-ci il mart\u0131n 18-d\u0259 &#8211; ilax\u0131r \u00e7\u0259r\u015f\u0259nb\u0259 g\u00fcn\u00fc Heyd\u0259r \u018fliyev M\u0259rk\u0259zind\u0259 Az\u0259rbaycan Respublikas\u0131 QHT-l\u0259r\u0259 D\u00f6vl\u0259t D\u0259st\u0259yi Agentliyinin x\u0259tti il\u0259 &#8220;T\u00fcrkman irsi: v\u0259t\u0259nda\u015f c\u0259miyy\u0259tl\u0259rinin h\u0259mr\u0259yliyi&#8221; adl\u0131 forum ke\u00e7iril\u0259c\u0259k.<\/strong><\/p>\n<p>&#8220;Report&#8221; x\u0259b\u0259r verir ki, forumda \u0130raq, Suriya v\u0259 T\u00fcrkiy\u0259d\u0259n 30-dan v\u0259t\u0259nda\u015f c\u0259miyy\u0259ti t\u0259msil\u00e7isi i\u015ftirak ed\u0259c\u0259k. Onlar i\u00e7\u0259risind\u0259 \u0130raq parlamentinin T\u00fcrkmanlar qrupunun s\u0259dri, ictimai-siyasi xadim \u018fr\u015fad Saleh, \u0130raq Tarix\u00e7il\u0259ri Birliyinin t\u0259msil\u00e7isi, \u201cT\u00fcrkmaneli\u201d q\u0259zetinin ba\u015f redaktoru Najat \u015e\u00fck\u00fcr, \u0130raq t\u00fcrkmanlar\u0131n\u0131n \u201cTert TV\u201d kanal\u0131n\u0131n r\u0259hb\u0259ri T\u00fcrke\u015f Saleh, Suriya T\u00fcrkman D\u0259rn\u0259kl\u0259ri Federasiyas\u0131n\u0131n prezidenti Tar\u0131k Sulo Cevizci, Suriya T\u00fcrkman Platformas\u0131n\u0131n yarad\u0131c\u0131s\u0131 \u018fs\u0259d Arber v\u0259 dig\u0259r \u015f\u0259xsl\u0259r d\u0259 var.<\/p>\n<p>Forumda \u201cOrtaq d\u0259y\u0259rl\u0259r: tarix v\u0259 m\u0259d\u0259niyy\u0259tin izl\u0259ri\u201d, \u201cG\u0259l\u0259c\u0259y\u0259 bax\u0131\u015f: yeni imkanlar v\u0259 t\u0259\u015f\u0259bb\u00fcsl\u0259r\u201d adl\u0131 panell\u0259rd\u0259 t\u00fcrkman \u0259silli v\u0259t\u0259nda\u015f c\u0259miyy\u0259ti t\u0259msil\u00e7il\u0259ri yerli QHT-l\u0259rl\u0259 birg\u0259 m\u00fczakir\u0259l\u0259r aparacaq.<\/p>\n<p>Forum \u00f6nc\u0259si &#8211; 15-17 mart tarixl\u0259rind\u0259 t\u00fcrkman qonaqlar \u0130raqda ya\u015fay\u0131b-yaratm\u0131\u015f dahi Az\u0259rbaycan \u015fairi M\u0259h\u0259mm\u0259d F\u00fczulinin \u015f\u0259r\u0259fin\u0259 adland\u0131r\u0131lan F\u00fczuli \u015f\u0259h\u0259rin\u0259 v\u0259 i\u015f\u011faldan azad edilmi\u015f dig\u0259r \u0259razil\u0259r\u0259 &#8211; \u015eu\u015fa, Xank\u0259ndi, Xocal\u0131, Suqovu\u015fana s\u0259f\u0259r ed\u0259c\u0259k, bayram \u015f\u0259nlikl\u0259rin\u0259 qat\u0131lacaq, Bak\u0131da Z\u0259f\u0259r Park\u0131n\u0131, H\u0259rbi Q\u0259nim\u0259tl\u0259r Park\u0131n\u0131 v\u0259 dig\u0259r g\u00f6rm\u0259li yerl\u0259ri ziyar\u0259t ed\u0259c\u0259kl\u0259r.<\/p>\n<p>Mart\u0131n 18-d\u0259 &#8211; forumdan sonra t\u00fcrkman qonaqlarla birg\u0259 Bak\u0131da Novruzun ilax\u0131r \u00e7\u0259r\u015f\u0259nb\u0259si qeyd olunacaq.<\/p>\n","protected":false},"excerpt":{"rendered":"<p>2025-ci il mart\u0131n 18-d\u0259 &#8211; ilax\u0131r \u00e7\u0259r\u015f\u0259nb\u0259 g\u00fcn\u00fc Heyd\u0259r \u018fliyev M\u0259rk\u0259zind\u0259 Az\u0259rbaycan Respublikas\u0131 QHT-l\u0259r\u0259 D\u00f6vl\u0259t D\u0259st\u0259yi Agentliyinin x\u0259tti il\u0259 &#8220;T\u00fcrkman irsi: v\u0259t\u0259nda\u015f c\u0259miyy\u0259tl\u0259rinin h\u0259mr\u0259yliyi&#8221; adl\u0131 forum ke\u00e7iril\u0259c\u0259k. &#8220;Report&#8221; x\u0259b\u0259r verir ki, forumda \u0130raq, Suriya v\u0259 T\u00fcrkiy\u0259d\u0259n 30-dan v\u0259t\u0259nda\u015f c\u0259miyy\u0259ti t\u0259msil\u00e7isi i\u015ftirak ed\u0259c\u0259k. Onlar i\u00e7\u0259risind\u0259 \u0130raq parlamentinin T\u00fcrkmanlar qrupunun s\u0259dri, ictimai-siyasi xadim \u018fr\u015fad Saleh, \u0130raq Tarix\u00e7il\u0259ri Birliyinin t\u0259msil\u00e7isi, \u201cT\u00fcrkmaneli\u201d q\u0259zetinin ba\u015f redaktoru Najat \u015e\u00fck\u00fcr, \u0130raq t\u00fcrkmanlar\u0131n\u0131n \u201cTert TV\u201d kanal\u0131n\u0131n r\u0259hb\u0259ri T\u00fcrke\u015f Saleh, Suriya T\u00fcrkman D\u0259rn\u0259kl\u0259ri Federasiyas\u0131n\u0131n prezidenti Tar\u0131k Sulo Cevizci, Suriya T\u00fcrkman Platformas\u0131n\u0131n yarad\u0131c\u0131s\u0131 \u018fs\u0259d Arber v\u0259 dig\u0259r \u015f\u0259xsl\u0259r d\u0259 var.&hellip;<\/p>\n","protected":false},"author":2,"featured_media":793713,"comment_status":"closed","ping_status":"closed","sticky":false,"template":"","format":"standard","meta":{"om_disable_all_campaigns":false,"_monsterinsights_skip_tracking":false,"_monsterinsights_sitenote_active":false,"_monsterinsights_sitenote_note":"","_monsterinsights_sitenote_category":0},"categories":[19],"tags":[],"aioseo_notices":[],"gutentor_comment":0,"rttpg_featured_image_url":{"full":["https:\/\/arantv.az\/wp-content\/uploads\/2025\/03\/5edc90491f09fc1b5ec3b46df485331a.jpg",850,500,false],"landscape":["https:\/\/arantv.az\/wp-content\/uploads\/2025\/03\/5edc90491f09fc1b5ec3b46df485331a.jpg",850,500,false],"portraits":["https:\/\/arantv.az\/wp-content\/uploads\/2025\/03\/5edc90491f09fc1b5ec3b46df485331a.jpg",850,500,false],"thumbnail":["https:\/\/arantv.az\/wp-content\/uploads\/2025\/03\/5edc90491f09fc1b5ec3b46df485331a-500x280.jpg",500,280,true],"medium":["https:\/\/arantv.az\/wp-content\/uploads\/2025\/03\/5edc90491f09fc1b5ec3b46df485331a-621x365.jpg",621,365,true],"large":["https:\/\/arantv.az\/wp-content\/uploads\/2025\/03\/5edc90491f09fc1b5ec3b46df485331a-840x494.jpg",640,376,true],"1536x1536":["https:\/\/arantv.az\/wp-content\/uploads\/2025\/03\/5edc90491f09fc1b5ec3b46df485331a.jpg",850,500,false],"2048x2048":["https:\/\/arantv.az\/wp-content\/uploads\/2025\/03\/5edc90491f09fc1b5ec3b46df485331a.jpg",850,500,false],"post-thumbnail":["https:\/\/arantv.az\/wp-content\/uploads\/2025\/03\/5edc90491f09fc1b5ec3b46df485331a-240x172.jpg",240,172,true],"advps-thumb-one":["https:\/\/arantv.az\/wp-content\/uploads\/2025\/03\/5edc90491f09fc1b5ec3b46df485331a.jpg",850,500,false]},"rttpg_author":{"display_name":"V\u00fcsal Rafiqo\u011flu","author_link":"https:\/\/arantv.az\/?author=2"},"rttpg_comment":0,"rttpg_category":"<a href=\"https:\/\/arantv.az\/?cat=19\" rel=\"category\">G\u00fcnd\u0259m<\/a>","rttpg_excerpt":"2025-ci il mart\u0131n 18-d\u0259 &#8211; ilax\u0131r \u00e7\u0259r\u015f\u0259nb\u0259 g\u00fcn\u00fc Heyd\u0259r \u018fliyev M\u0259rk\u0259zind\u0259 Az\u0259rbaycan Respublikas\u0131 QHT-l\u0259r\u0259 D\u00f6vl\u0259t D\u0259st\u0259yi Agentliyinin x\u0259tti il\u0259 &#8220;T\u00fcrkman irsi: v\u0259t\u0259nda\u015f c\u0259miyy\u0259tl\u0259rinin h\u0259mr\u0259yliyi&#8221; adl\u0131 forum ke\u00e7iril\u0259c\u0259k. &#8220;Report&#8221; x\u0259b\u0259r verir ki, forumda \u0130raq, Suriya v\u0259 T\u00fcrkiy\u0259d\u0259n 30-dan v\u0259t\u0259nda\u015f c\u0259miyy\u0259ti t\u0259msil\u00e7isi i\u015ftirak ed\u0259c\u0259k. Onlar i\u00e7\u0259risind\u0259 \u0130raq parlamentinin T\u00fcrkmanlar qrupunun s\u0259dri, ictimai-siyasi xadim \u018fr\u015fad Saleh, \u0130raq Tarix\u00e7il\u0259ri&hellip;","_links":{"self":[{"href":"https:\/\/arantv.az\/index.php?rest_route=\/wp\/v2\/posts\/793712"}],"collection":[{"href":"https:\/\/arantv.az\/index.php?rest_route=\/wp\/v2\/posts"}],"about":[{"href":"https:\/\/arantv.az\/index.php?rest_route=\/wp\/v2\/types\/post"}],"author":[{"embeddable":true,"href":"https:\/\/arantv.az\/index.php?rest_route=\/wp\/v2\/users\/2"}],"replies":[{"embeddable":true,"href":"https:\/\/arantv.az\/index.php?rest_route=%2Fwp%2Fv2%2Fcomments&post=793712"}],"version-history":[{"count":2,"href":"https:\/\/arantv.az\/index.php?rest_route=\/wp\/v2\/posts\/793712\/revisions"}],"predecessor-version":[{"id":793715,"href":"https:\/\/arantv.az\/index.php?rest_route=\/wp\/v2\/posts\/793712\/revisions\/793715"}],"wp:featuredmedia":[{"embeddable":true,"href":"https:\/\/arantv.az\/index.php?rest_route=\/wp\/v2\/media\/793713"}],"wp:attachment":[{"href":"https:\/\/arantv.az\/index.php?rest_route=%2Fwp%2Fv2%2Fmedia&parent=793712"}],"wp:term":[{"taxonomy":"category","embeddable":true,"href":"https:\/\/arantv.az\/index.php?rest_route=%2Fwp%2Fv2%2Fcategories&post=793712"},{"taxonomy":"post_tag","embeddable":true,"href":"https:\/\/arantv.az\/index.php?rest_route=%2Fwp%2Fv2%2Ftags&post=793712"}],"curies":[{"name":"wp","href":"https:\/\/api.w.org\/{rel}","templated":true}]}}