{"id":79412,"date":"2019-09-17T08:27:31","date_gmt":"2019-09-17T05:27:31","guid":{"rendered":"http:\/\/arantv.az\/?p=79412"},"modified":"2019-09-17T08:27:31","modified_gmt":"2019-09-17T05:27:31","slug":"muasir-az%c9%99rbaycan-gimnastikasinda-olan-bugunku-nailiyy%c9%99tl%c9%99r-birinci-vitse-prezident-mehriban-%c9%99liyevanin-adi-il%c9%99-baglidir-nazir","status":"publish","type":"post","link":"https:\/\/arantv.az\/?p=79412","title":{"rendered":"M\u00fcasir Az\u0259rbaycan gimnastikas\u0131nda olan b\u00fcg\u00fcnk\u00fc nailiyy\u0259tl\u0259r Birinci vitse-prezident Mehriban \u018fliyevan\u0131n ad\u0131 il\u0259 ba\u011fl\u0131d\u0131r &#8211; Nazir"},"content":{"rendered":"<p>M\u00fcasir Az\u0259rbaycan gimnastikas\u0131nda olan b\u00fcg\u00fcnk\u00fc nailiyy\u0259tl\u0259r Birinci vitse-prezident, Az\u0259rbaycan Gimnastika Federasiyas\u0131n\u0131n Prezidenti Mehriban xan\u0131m \u018fliyevan\u0131n ad\u0131 il\u0259 ba\u011fl\u0131d\u0131r.<\/p>\n<p><strong>ARANTV.AZ\u00a0\u00a0<\/strong><a href=\"http:\/\/az.trend.az\/\" target=\"_blank\" rel=\"noopener\">Trend<\/a>-\u0259 istinad\u0259n bildirir ki,\u00a0bunu Az\u0259rbaycan\u0131n G\u0259ncl\u0259r v\u0259 \u0130dman naziri Azad R\u0259himov b\u0259dii gimnastika \u00fczr\u0259 37-ci d\u00fcnya \u00e7empionat\u0131n\u0131n a\u00e7\u0131l\u0131\u015f m\u0259rasimind\u0259 deyib.<\/p>\n<p>A.R\u0259himov bildirib: &#8220;14 ild\u0259n sonra Az\u0259rbaycan b\u0259dii gimnastika \u00fczr\u0259 37-ci d\u00fcnya \u00e7empionat\u0131na ev sahibliyi edir. 2014-c\u00fc ild\u0259 istifad\u0259y\u0259 veril\u0259n bu m\u00f6ht\u0259\u015f\u0259m arena \u00f6lk\u0259 ba\u015f\u00e7\u0131s\u0131 c\u0259nab \u0130lham \u018fliyevin \u00fcmumilikd\u0259 idmana g\u00f6st\u0259rdiyi diqq\u0259t v\u0259 qay\u011f\u0131n\u0131n bariz n\u00fcmun\u0259sidir. \u00d6lk\u0259miz m\u00fcxt\u0259lif idman n\u00f6vl\u0259ri \u00fczr\u0259 m\u00f6t\u0259b\u0259r yar\u0131\u015flar\u0131n t\u0259cr\u00fcb\u0259li t\u0259\u015fkilat\u00e7\u0131s\u0131 kimi tan\u0131n\u0131r. El\u0259 m\u0259hz gimnastika n\u00f6vl\u0259ri \u00fczr\u0259 Bak\u0131da D\u00fcnya Kuboklar\u0131, Avropa v\u0259 D\u00fcnya \u00c7empionatlar\u0131 y\u00fcks\u0259k s\u0259viyy\u0259d\u0259 ke\u00e7irilib. Az\u0259rbaycan Gimnastika Federasiyas\u0131 2 il ard\u0131c\u0131l olaraq d\u00fcnyan\u0131n \u0259n yax\u015f\u0131 federasiyas\u0131 ad\u0131na layiq g\u00f6r\u00fcl\u00fcb. T\u0259sad\u00fcf\u00fc deyil ki, Beyn\u0259lxalq Gimnastika Federasiyas\u0131 bu m\u00f6t\u0259b\u0259r yar\u0131\u015f\u0131n t\u0259\u015fkilini m\u0259hz \u00f6lk\u0259miz\u0259 h\u0259val\u0259 edib&#8221;.<\/p>\n<p>Nazirin s\u00f6zl\u0259rin\u0259 g\u00f6r\u0259, m\u00fcasir Az\u0259rbaycan gimnastikas\u0131nda olan b\u00fcg\u00fcnk\u00fc nailiyy\u0259tl\u0259r \u00f6lk\u0259mizin Birinci vitse-prezidenti, Az\u0259rbaycan Gimnastika Federasiyas\u0131n\u0131n Prezidenti Mehriban xan\u0131m \u018fliyevan\u0131n ad\u0131 il\u0259 ba\u011fl\u0131d\u0131r:<\/p>\n<p>&#8220;Mehriban xan\u0131m\u0131n r\u0259hb\u0259rlik etdiyi Yerli T\u0259\u015fkilat Komit\u0259sinin h\u0259r bir \u00fczv\u00fcn\u0259, yerli v\u0259 xarici k\u00f6n\u00fcll\u00fcl\u0259r\u0259 \u00f6z minn\u0259tdarl\u0131\u011f\u0131m\u0131 bildirir\u0259m. 61 \u00f6lk\u0259d\u0259n Bak\u0131ya t\u0259\u015frif buyurmu\u015f b\u00fct\u00fcn n\u00fcmay\u0259nd\u0259 hey\u0259tl\u0259rin\u0259 u\u011furlar arzulay\u0131ram v\u0259 \u0259min\u0259m ki yar\u0131\u015flarda \u0259n g\u00fccl\u00fcl\u0259r qalib g\u0259l\u0259c\u0259k.<\/p>\n<p>Diqq\u0259tiniz\u0259 g\u00f6r\u0259 \u00e7ox sa\u011f olun!&#8221;<\/p>\n","protected":false},"excerpt":{"rendered":"<p>M\u00fcasir Az\u0259rbaycan gimnastikas\u0131nda olan b\u00fcg\u00fcnk\u00fc nailiyy\u0259tl\u0259r Birinci vitse-prezident, Az\u0259rbaycan Gimnastika Federasiyas\u0131n\u0131n Prezidenti Mehriban xan\u0131m \u018fliyevan\u0131n ad\u0131 il\u0259 ba\u011fl\u0131d\u0131r. ARANTV.AZ\u00a0\u00a0Trend-\u0259 istinad\u0259n bildirir ki,\u00a0bunu Az\u0259rbaycan\u0131n G\u0259ncl\u0259r v\u0259 \u0130dman naziri Azad R\u0259himov b\u0259dii gimnastika \u00fczr\u0259 37-ci d\u00fcnya \u00e7empionat\u0131n\u0131n a\u00e7\u0131l\u0131\u015f m\u0259rasimind\u0259 deyib. A.R\u0259himov bildirib: &#8220;14 ild\u0259n sonra Az\u0259rbaycan b\u0259dii gimnastika \u00fczr\u0259 37-ci d\u00fcnya \u00e7empionat\u0131na ev sahibliyi edir. 2014-c\u00fc ild\u0259 istifad\u0259y\u0259 veril\u0259n bu m\u00f6ht\u0259\u015f\u0259m arena \u00f6lk\u0259 ba\u015f\u00e7\u0131s\u0131 c\u0259nab \u0130lham \u018fliyevin \u00fcmumilikd\u0259 idmana g\u00f6st\u0259rdiyi diqq\u0259t v\u0259 qay\u011f\u0131n\u0131n bariz n\u00fcmun\u0259sidir. \u00d6lk\u0259miz m\u00fcxt\u0259lif idman n\u00f6vl\u0259ri \u00fczr\u0259 m\u00f6t\u0259b\u0259r yar\u0131\u015flar\u0131n t\u0259cr\u00fcb\u0259li t\u0259\u015fkilat\u00e7\u0131s\u0131 kimi tan\u0131n\u0131r. El\u0259 m\u0259hz gimnastika n\u00f6vl\u0259ri \u00fczr\u0259 Bak\u0131da&hellip;<\/p>\n","protected":false},"author":2,"featured_media":79413,"comment_status":"closed","ping_status":"closed","sticky":false,"template":"","format":"standard","meta":{"om_disable_all_campaigns":false,"_monsterinsights_skip_tracking":false,"_monsterinsights_sitenote_active":false,"_monsterinsights_sitenote_note":"","_monsterinsights_sitenote_category":0},"categories":[4],"tags":[],"aioseo_notices":[],"gutentor_comment":0,"rttpg_featured_image_url":{"full":["https:\/\/arantv.az\/wp-content\/uploads\/2019\/09\/786644.jpg",1000,664,false],"landscape":["https:\/\/arantv.az\/wp-content\/uploads\/2019\/09\/786644.jpg",1000,664,false],"portraits":["https:\/\/arantv.az\/wp-content\/uploads\/2019\/09\/786644.jpg",1000,664,false],"thumbnail":["https:\/\/arantv.az\/wp-content\/uploads\/2019\/09\/786644-150x150.jpg",150,150,true],"medium":["https:\/\/arantv.az\/wp-content\/uploads\/2019\/09\/786644-300x199.jpg",300,199,true],"large":["https:\/\/arantv.az\/wp-content\/uploads\/2019\/09\/786644.jpg",640,425,false],"1536x1536":["https:\/\/arantv.az\/wp-content\/uploads\/2019\/09\/786644.jpg",1000,664,false],"2048x2048":["https:\/\/arantv.az\/wp-content\/uploads\/2019\/09\/786644.jpg",1000,664,false],"post-thumbnail":["https:\/\/arantv.az\/wp-content\/uploads\/2019\/09\/786644-240x172.jpg",240,172,true],"advps-thumb-one":["https:\/\/arantv.az\/wp-content\/uploads\/2019\/09\/786644-1000x620.jpg",1000,620,true]},"rttpg_author":{"display_name":"V\u00fcsal Rafiqo\u011flu","author_link":"https:\/\/arantv.az\/?author=2"},"rttpg_comment":0,"rttpg_category":"<a href=\"https:\/\/arantv.az\/?cat=4\" rel=\"category\">Siyas\u0259t<\/a>","rttpg_excerpt":"M\u00fcasir Az\u0259rbaycan gimnastikas\u0131nda olan b\u00fcg\u00fcnk\u00fc nailiyy\u0259tl\u0259r Birinci vitse-prezident, Az\u0259rbaycan Gimnastika Federasiyas\u0131n\u0131n Prezidenti Mehriban xan\u0131m \u018fliyevan\u0131n ad\u0131 il\u0259 ba\u011fl\u0131d\u0131r. ARANTV.AZ\u00a0\u00a0Trend-\u0259 istinad\u0259n bildirir ki,\u00a0bunu Az\u0259rbaycan\u0131n G\u0259ncl\u0259r v\u0259 \u0130dman naziri Azad R\u0259himov b\u0259dii gimnastika \u00fczr\u0259 37-ci d\u00fcnya \u00e7empionat\u0131n\u0131n a\u00e7\u0131l\u0131\u015f m\u0259rasimind\u0259 deyib. A.R\u0259himov bildirib: &#8220;14 ild\u0259n sonra Az\u0259rbaycan b\u0259dii gimnastika \u00fczr\u0259 37-ci d\u00fcnya \u00e7empionat\u0131na ev sahibliyi edir. 2014-c\u00fc ild\u0259&hellip;","_links":{"self":[{"href":"https:\/\/arantv.az\/index.php?rest_route=\/wp\/v2\/posts\/79412"}],"collection":[{"href":"https:\/\/arantv.az\/index.php?rest_route=\/wp\/v2\/posts"}],"about":[{"href":"https:\/\/arantv.az\/index.php?rest_route=\/wp\/v2\/types\/post"}],"author":[{"embeddable":true,"href":"https:\/\/arantv.az\/index.php?rest_route=\/wp\/v2\/users\/2"}],"replies":[{"embeddable":true,"href":"https:\/\/arantv.az\/index.php?rest_route=%2Fwp%2Fv2%2Fcomments&post=79412"}],"version-history":[{"count":0,"href":"https:\/\/arantv.az\/index.php?rest_route=\/wp\/v2\/posts\/79412\/revisions"}],"wp:featuredmedia":[{"embeddable":true,"href":"https:\/\/arantv.az\/index.php?rest_route=\/wp\/v2\/media\/79413"}],"wp:attachment":[{"href":"https:\/\/arantv.az\/index.php?rest_route=%2Fwp%2Fv2%2Fmedia&parent=79412"}],"wp:term":[{"taxonomy":"category","embeddable":true,"href":"https:\/\/arantv.az\/index.php?rest_route=%2Fwp%2Fv2%2Fcategories&post=79412"},{"taxonomy":"post_tag","embeddable":true,"href":"https:\/\/arantv.az\/index.php?rest_route=%2Fwp%2Fv2%2Ftags&post=79412"}],"curies":[{"name":"wp","href":"https:\/\/api.w.org\/{rel}","templated":true}]}}