{"id":794313,"date":"2025-03-17T13:21:32","date_gmt":"2025-03-17T09:21:32","guid":{"rendered":"https:\/\/arantv.az\/?p=794313"},"modified":"2025-03-17T13:21:32","modified_gmt":"2025-03-17T09:21:32","slug":"fhn-%c9%99m%c9%99kdaslarinin-maasi-il%c9%99-bagli-q%c9%99rar","status":"publish","type":"post","link":"https:\/\/arantv.az\/?p=794313","title":{"rendered":"FHN \u0259m\u0259kda\u015flar\u0131n\u0131n maa\u015f\u0131 il\u0259 ba\u011fl\u0131 Q\u018fRAR"},"content":{"rendered":"<p><strong>F\u00f6vq\u0259lad\u0259 Hallar Nazirliyinin h\u0259rbi qulluq\u00e7ular\u0131n\u0131n v\u0259 x\u00fcsusi r\u00fctb\u0259si olan \u0259m\u0259kda\u015flar\u0131n\u0131n\u00a0ayl\u0131q v\u0259zif\u0259 (tarif) maa\u015flar\u0131n\u0131n m\u0259bl\u0259\u011fl\u0259ri yeni redaksiyada t\u0259sdiq edilib.<\/strong><\/p>\n<p>Nazirl\u0259r Kabineti bu bar\u0259d\u0259 q\u0259rar verib.<\/p>\n<p>Eyni zamanda \u201cAz\u0259rbaycan Respublikas\u0131 F\u00f6vq\u0259lad\u0259 Hallar Nazirliyinin b\u00fcdc\u0259d\u0259n maliyy\u0259l\u0259\u015fdiril\u0259n qurumlar\u0131nda \u00e7al\u0131\u015fan d\u00f6vl\u0259t qulluq\u00e7usu olmayan m\u00fclki i\u015f\u00e7il\u0259rinin Vahid Tarif C\u0259dv\u0259li \u00fczr\u0259 ayl\u0131q v\u0259zif\u0259 (tarif) maa\u015flar\u0131n\u0131n m\u0259bl\u0259\u011fl\u0259ri\u201d yeni redaksiyada t\u0259sdiql\u0259nib.<\/p>\n<p>Maliyy\u0259 Nazirliyin\u0259 tap\u015f\u0131r\u0131l\u0131b ki, bu q\u0259rar\u0131n icras\u0131 il\u0259 \u0259laq\u0259dar t\u0259l\u0259b olunan v\u0259saitin \u00f6d\u0259nilm\u0259si m\u0259qs\u0259dil\u0259 m\u00fcvafiq t\u0259dbirl\u0259rin h\u0259yata ke\u00e7irilm\u0259sini t\u0259min etsin.<\/p>\n<p>Nax\u00e7\u0131van Muxtar Respublikas\u0131n\u0131n Nazirl\u0259r Kabinetin\u0259 t\u00f6vsiy\u0259 olunub ki, Nax\u00e7\u0131van Muxtar Respublikas\u0131 F\u00f6vq\u0259lad\u0259 Hallar Nazirliyinin h\u0259rbi qulluq\u00e7ular\u0131n\u0131n, x\u00fcsusi r\u00fctb\u0259si olan \u0259m\u0259kda\u015flar\u0131n\u0131n v\u0259 d\u00f6vl\u0259t qulluq\u00e7usu olmayan m\u00fclki i\u015f\u00e7il\u0259rinin ayl\u0131q v\u0259zif\u0259 (tarif) maa\u015flar\u0131n\u0131n m\u0259bl\u0259\u011fl\u0259ri bar\u0259d\u0259 m\u00fcvafiq q\u0259rar q\u0259bul etsin.<\/p>\n<p><strong>Bu Q\u0259rar 2025-ci il yanvar\u0131n 1-d\u0259n t\u0259tbiq edilir.<\/strong><\/p>\n","protected":false},"excerpt":{"rendered":"<p>F\u00f6vq\u0259lad\u0259 Hallar Nazirliyinin h\u0259rbi qulluq\u00e7ular\u0131n\u0131n v\u0259 x\u00fcsusi r\u00fctb\u0259si olan \u0259m\u0259kda\u015flar\u0131n\u0131n\u00a0ayl\u0131q v\u0259zif\u0259 (tarif) maa\u015flar\u0131n\u0131n m\u0259bl\u0259\u011fl\u0259ri yeni redaksiyada t\u0259sdiq edilib. Nazirl\u0259r Kabineti bu bar\u0259d\u0259 q\u0259rar verib. Eyni zamanda \u201cAz\u0259rbaycan Respublikas\u0131 F\u00f6vq\u0259lad\u0259 Hallar Nazirliyinin b\u00fcdc\u0259d\u0259n maliyy\u0259l\u0259\u015fdiril\u0259n qurumlar\u0131nda \u00e7al\u0131\u015fan d\u00f6vl\u0259t qulluq\u00e7usu olmayan m\u00fclki i\u015f\u00e7il\u0259rinin Vahid Tarif C\u0259dv\u0259li \u00fczr\u0259 ayl\u0131q v\u0259zif\u0259 (tarif) maa\u015flar\u0131n\u0131n m\u0259bl\u0259\u011fl\u0259ri\u201d yeni redaksiyada t\u0259sdiql\u0259nib. Maliyy\u0259 Nazirliyin\u0259 tap\u015f\u0131r\u0131l\u0131b ki, bu q\u0259rar\u0131n icras\u0131 il\u0259 \u0259laq\u0259dar t\u0259l\u0259b olunan v\u0259saitin \u00f6d\u0259nilm\u0259si m\u0259qs\u0259dil\u0259 m\u00fcvafiq t\u0259dbirl\u0259rin h\u0259yata ke\u00e7irilm\u0259sini t\u0259min etsin. Nax\u00e7\u0131van Muxtar Respublikas\u0131n\u0131n Nazirl\u0259r Kabinetin\u0259 t\u00f6vsiy\u0259 olunub ki, Nax\u00e7\u0131van Muxtar Respublikas\u0131 F\u00f6vq\u0259lad\u0259 Hallar Nazirliyinin h\u0259rbi qulluq\u00e7ular\u0131n\u0131n, x\u00fcsusi r\u00fctb\u0259si&hellip;<\/p>\n","protected":false},"author":2,"featured_media":794314,"comment_status":"closed","ping_status":"closed","sticky":false,"template":"","format":"standard","meta":{"om_disable_all_campaigns":false,"_monsterinsights_skip_tracking":false,"_monsterinsights_sitenote_active":false,"_monsterinsights_sitenote_note":"","_monsterinsights_sitenote_category":0},"categories":[1],"tags":[],"aioseo_notices":[],"gutentor_comment":0,"rttpg_featured_image_url":{"full":["https:\/\/arantv.az\/wp-content\/uploads\/2025\/03\/b355cb7724056a0dbcb41ebb1da7ebb5.jpg",600,400,false],"landscape":["https:\/\/arantv.az\/wp-content\/uploads\/2025\/03\/b355cb7724056a0dbcb41ebb1da7ebb5.jpg",600,400,false],"portraits":["https:\/\/arantv.az\/wp-content\/uploads\/2025\/03\/b355cb7724056a0dbcb41ebb1da7ebb5.jpg",600,400,false],"thumbnail":["https:\/\/arantv.az\/wp-content\/uploads\/2025\/03\/b355cb7724056a0dbcb41ebb1da7ebb5-500x280.jpg",500,280,true],"medium":["https:\/\/arantv.az\/wp-content\/uploads\/2025\/03\/b355cb7724056a0dbcb41ebb1da7ebb5-548x365.jpg",548,365,true],"large":["https:\/\/arantv.az\/wp-content\/uploads\/2025\/03\/b355cb7724056a0dbcb41ebb1da7ebb5.jpg",600,400,false],"1536x1536":["https:\/\/arantv.az\/wp-content\/uploads\/2025\/03\/b355cb7724056a0dbcb41ebb1da7ebb5.jpg",600,400,false],"2048x2048":["https:\/\/arantv.az\/wp-content\/uploads\/2025\/03\/b355cb7724056a0dbcb41ebb1da7ebb5.jpg",600,400,false],"post-thumbnail":["https:\/\/arantv.az\/wp-content\/uploads\/2025\/03\/b355cb7724056a0dbcb41ebb1da7ebb5-240x172.jpg",240,172,true],"advps-thumb-one":["https:\/\/arantv.az\/wp-content\/uploads\/2025\/03\/b355cb7724056a0dbcb41ebb1da7ebb5.jpg",600,400,false]},"rttpg_author":{"display_name":"V\u00fcsal Rafiqo\u011flu","author_link":"https:\/\/arantv.az\/?author=2"},"rttpg_comment":0,"rttpg_category":"<a href=\"https:\/\/arantv.az\/?cat=1\" rel=\"category\">C\u0259miyy\u0259t<\/a>","rttpg_excerpt":"F\u00f6vq\u0259lad\u0259 Hallar Nazirliyinin h\u0259rbi qulluq\u00e7ular\u0131n\u0131n v\u0259 x\u00fcsusi r\u00fctb\u0259si olan \u0259m\u0259kda\u015flar\u0131n\u0131n\u00a0ayl\u0131q v\u0259zif\u0259 (tarif) maa\u015flar\u0131n\u0131n m\u0259bl\u0259\u011fl\u0259ri yeni redaksiyada t\u0259sdiq edilib. Nazirl\u0259r Kabineti bu bar\u0259d\u0259 q\u0259rar verib. Eyni zamanda \u201cAz\u0259rbaycan Respublikas\u0131 F\u00f6vq\u0259lad\u0259 Hallar Nazirliyinin b\u00fcdc\u0259d\u0259n maliyy\u0259l\u0259\u015fdiril\u0259n qurumlar\u0131nda \u00e7al\u0131\u015fan d\u00f6vl\u0259t qulluq\u00e7usu olmayan m\u00fclki i\u015f\u00e7il\u0259rinin Vahid Tarif C\u0259dv\u0259li \u00fczr\u0259 ayl\u0131q v\u0259zif\u0259 (tarif) maa\u015flar\u0131n\u0131n m\u0259bl\u0259\u011fl\u0259ri\u201d yeni redaksiyada t\u0259sdiql\u0259nib. Maliyy\u0259 Nazirliyin\u0259 tap\u015f\u0131r\u0131l\u0131b&hellip;","_links":{"self":[{"href":"https:\/\/arantv.az\/index.php?rest_route=\/wp\/v2\/posts\/794313"}],"collection":[{"href":"https:\/\/arantv.az\/index.php?rest_route=\/wp\/v2\/posts"}],"about":[{"href":"https:\/\/arantv.az\/index.php?rest_route=\/wp\/v2\/types\/post"}],"author":[{"embeddable":true,"href":"https:\/\/arantv.az\/index.php?rest_route=\/wp\/v2\/users\/2"}],"replies":[{"embeddable":true,"href":"https:\/\/arantv.az\/index.php?rest_route=%2Fwp%2Fv2%2Fcomments&post=794313"}],"version-history":[{"count":2,"href":"https:\/\/arantv.az\/index.php?rest_route=\/wp\/v2\/posts\/794313\/revisions"}],"predecessor-version":[{"id":794316,"href":"https:\/\/arantv.az\/index.php?rest_route=\/wp\/v2\/posts\/794313\/revisions\/794316"}],"wp:featuredmedia":[{"embeddable":true,"href":"https:\/\/arantv.az\/index.php?rest_route=\/wp\/v2\/media\/794314"}],"wp:attachment":[{"href":"https:\/\/arantv.az\/index.php?rest_route=%2Fwp%2Fv2%2Fmedia&parent=794313"}],"wp:term":[{"taxonomy":"category","embeddable":true,"href":"https:\/\/arantv.az\/index.php?rest_route=%2Fwp%2Fv2%2Fcategories&post=794313"},{"taxonomy":"post_tag","embeddable":true,"href":"https:\/\/arantv.az\/index.php?rest_route=%2Fwp%2Fv2%2Ftags&post=794313"}],"curies":[{"name":"wp","href":"https:\/\/api.w.org\/{rel}","templated":true}]}}