{"id":794324,"date":"2025-03-17T13:23:56","date_gmt":"2025-03-17T09:23:56","guid":{"rendered":"https:\/\/arantv.az\/?p=794324"},"modified":"2025-03-17T13:23:56","modified_gmt":"2025-03-17T09:23:56","slug":"tramp-hokum%c9%99tind%c9%99n-bakiya-ilk-z%c9%99ng-amerikali-r%c9%99sminin-isl%c9%99tdiyi-o-bir-soz","status":"publish","type":"post","link":"https:\/\/arantv.az\/?p=794324","title":{"rendered":"Tramp h\u00f6kum\u0259tind\u0259n Bak\u0131ya ilk z\u0259ng \u2013 Amerikal\u0131 r\u0259sminin i\u015fl\u0259tdiyi o bir S\u00d6Z&#8230;"},"content":{"rendered":"<p><strong>Az\u0259rbaycan Prezidentinin k\u00f6m\u0259k\u00e7isi Hikm\u0259t Hac\u0131yevl\u0259 AB\u015e r\u0259hb\u0259rinin milli t\u0259hl\u00fck\u0259sizlik \u00fczr\u0259 m\u00fc\u015faviri Mayk Uolts aras\u0131nda \u00f6t\u0259n h\u0259ft\u0259sonu telefon dan\u0131\u015f\u0131\u011f\u0131 olub. Bu, Tramp h\u00f6kum\u0259tind\u0259n Bak\u0131ya ilk z\u0259ngdir. \u0130ki y\u00fcks\u0259k \u00e7inli m\u0259murun s\u00f6hb\u0259tind\u0259 \u0259sas m\u00f6vzu is\u0259 Az\u0259rbaycan v\u0259 Erm\u0259nistan s\u00fclh s\u0259n\u0259di m\u0259tnini raz\u0131la\u015fd\u0131rd\u0131qdan sonra at\u0131lacaq add\u0131mlar olub.<\/strong><\/p>\n<p>\u201cC\u0259nubi Qafqazda m\u00fcnaqi\u015f\u0259y\u0259 son qoyulmal\u0131d\u0131r. M\u0259n bu (\u00f6t\u0259n \u2013 red.) h\u0259ft\u0259 Az\u0259rbaycan Prezidenti \u0130lham \u018fliyevin milli t\u0259hl\u00fck\u0259sizlik m\u00fc\u015faviri c\u0259nab Hikm\u0259t Hac\u0131yevl\u0259 dan\u0131\u015fd\u0131m\u201d.<\/p>\n<p><strong><em>Bunu Uolts sosial \u015f\u0259b\u0259k\u0259 hesab\u0131nda yaz\u0131b.<\/em><\/strong><\/p>\n<p>\u201cBiz Az\u0259rbaycan v\u0259 Erm\u0259nistan\u0131n ir\u0259liy\u0259 do\u011fru b\u00f6y\u00fck add\u0131m atmas\u0131ndan v\u0259 s\u00fclh m\u00fcqavil\u0259sin\u0259 raz\u0131l\u0131qdan m\u0259mnunuq. M\u0259n ona dedim ki, biz bu s\u00fclh sazi\u015fini indi yekunla\u015fd\u0131rmal\u0131y\u0131q, m\u0259hbuslar\u0131 azad etm\u0259li v\u0259 regionun daha t\u0259hl\u00fck\u0259siz v\u0259 firavan olmas\u0131 \u00fc\u00e7\u00fcn birlikd\u0259 \u00e7al\u0131\u015fmal\u0131y\u0131q. Amerikan\u0131n q\u0131z\u0131l d\u00f6vr\u00fc d\u00fcnyaya s\u00fclh v\u0259 firavanl\u0131q g\u0259tir\u0259c\u0259k v\u0259 bu ba\u015f ver\u0259n\u0259 q\u0259d\u0259r biz i\u015fi dayand\u0131rmayaca\u011f\u0131q\u201d, &#8211; Tramp\u0131n m\u00fc\u015faviri \u0259lav\u0259 edib.<\/p>\n<p>G\u00f6zl\u0259nildiyi kimi, Mayk Uoltsun \u201cm\u0259hbuslar\u201d s\u00f6z\u00fcn\u0259 Erm\u0259nistanda o saat \u0259lav\u0259 siyasi r\u0259ng ver\u0259r\u0259k, onu h\u0259m d\u0259 \u201c\u0259sirl\u0259r\u201d kimi t\u0259qdim edibl\u0259r. Halbuki amerikal\u0131 r\u0259smi bel\u0259 bir \u015fey s\u00f6yl\u0259m\u0259yib. \u201cM\u0259hbus\u201d anlay\u0131\u015f\u0131na g\u0259linc\u0259, bu, art\u0131q c\u0259za alm\u0131\u015f, h\u0259bsxanada yatan \u015f\u0259xs\u0259 deyilir, t\u0259cridxanada, istintaq alt\u0131nda olana yox.<\/p>\n<p><strong>Az\u0259rbaycanda \u00fcmumiyy\u0259tl\u0259, erm\u0259ni \u0259sir v\u0259 ya girov yoxdur.<\/strong>\u00a0H\u0259rbi \u0259sirl\u0259r 44 g\u00fcnl\u00fck m\u00fcharib\u0259d\u0259n d\u0259rhal sonra, 10 noyabr (2020) \u00fc\u00e7t\u0259r\u0259fli s\u0259n\u0259d\u0259 uy\u011fun \u015f\u0259kild\u0259 azad edilib. Ondan sonra s\u0259rh\u0259dyan\u0131 \u0259razimizd\u0259 diversiya t\u00f6r\u0259d\u0259n v\u0259 buna g\u00f6r\u0259 layiqli h\u0259bs c\u0259zalar\u0131 k\u0259silmi\u015f silahl\u0131 t\u0259xribat\u00e7\u0131lar is\u0259 m\u00fcharib\u0259 qanunlar\u0131na g\u00f6r\u0259 \u0259sir say\u0131lmaz. Haz\u0131rda Bakl\u0131da m\u0259hk\u0259m\u0259si ged\u0259n xunta\u00e7\u0131lar he\u00e7 say\u0131lmaz&#8230;<\/p>\n<p>Bel\u0259c\u0259, Az\u0259rbaycanda konkret cinay\u0259t \u0259m\u0259lin\u0259 g\u00f6r\u0259 yatan erm\u0259ni dustaqlar v\u0259 bir d\u0259 istintaqa alt\u0131nda olan, h\u0259rbi v\u0259 b\u0259\u015f\u0259ri cinay\u0259tl\u0259rd\u0259 ittiham olunan separat\u00e7\u0131-banditl\u0259r var. Dem\u0259li, Uolstun \u201cm\u0259hbuslar\u201d dediyi yaln\u0131z diversantlara aid edil\u0259 bil\u0259r. Onlar\u0131n s\u0259rb\u0259st burax\u0131lmas\u0131 is\u0259 m\u00fcst\u0259sna olaraq, d\u00f6vl\u0259t ba\u015f\u00e7\u0131s\u0131 \u0130lham \u018fliyevin s\u0259lahiyy\u0259tind\u0259 olan m\u0259s\u0259l\u0259dir.<\/p>\n<p><strong>Bu x\u00fcsusda Bak\u0131ya h\u0259r hans\u0131 t\u0259zyiq xarakterli \u00e7a\u011f\u0131r\u0131\u015f v\u0259 ya t\u0259zyiq c\u0259hdi s\u0259m\u0259r\u0259siz v\u0259 dalana aparan yoldur.<\/strong>\u00a0C\u0259nab Uolts buna Bayden h\u00f6kum\u0259ti d\u00f6n\u0259min\u0259 n\u0259z\u0259r salmaqla \u0259minlik hasil ed\u0259 bil\u0259r. \u00d6z\u00fcn\u0259 h\u00f6rm\u0259t qoyan he\u00e7 bir d\u00f6vl\u0259t konkret cinay\u0259t \u0259m\u0259lin\u0259 g\u00f6r\u0259 azadl\u0131qdan m\u0259hrum edilmi\u015f \u015f\u0259xsl\u0259ri el\u0259-bel\u0259 v\u0259 ya s\u0131rf milli m\u0259nsubiyy\u0259tin\u0259 g\u00f6r\u0259, yaxud xaricd\u0259n kimins\u0259 ist\u0259yi, \u00e7a\u011f\u0131r\u0131\u015f\u0131 il azad el\u0259mir. Az\u0259rbaycan \u201cbanan \u00f6lk\u0259si\u201d deyil&#8230;<\/p>\n<p>\u018flb\u0259tt\u0259, n\u0259 vaxtsa iki qon\u015fu \u00f6lk\u0259 aras\u0131nda b\u00f6y\u00fck s\u00fclh sazi\u015fi ger\u00e7\u0259kl\u0259\u015f\u0259nd\u0259n sonra, xalqlar aras\u0131nda bar\u0131\u015f\u0131q namin\u0259 Az\u0259rbaycan d\u00f6vl\u0259ti n\u00f6vb\u0259ti humanistliy\u0259 gedib erm\u0259ni m\u0259hbuslar\u0131n m\u00fc\u0259yy\u0259n qismini s\u0259rb\u0259st buraxa, yaxud amnistiya elan ed\u0259 bil\u0259r. Ancaq Bak\u0131dan as\u0131l\u0131 bir \u015fey yox. T\u0259l\u0259sm\u0259li olan \u0130r\u0259vand\u0131r. \u00c7\u00fcnki Az\u0259rbaycan\u0131n \u0259sas \u015f\u0259rti b\u0259lli: s\u00fclh s\u0259n\u0259dind\u0259n \u00f6nc\u0259 Erm\u0259nistan \u00f6z konstitusiyas\u0131ndan \u00f6lk\u0259miz\u0259 qar\u015f\u0131 \u0259razi iddias\u0131 il\u0259 ba\u011fl\u0131 M\u00fcst\u0259qillik Akt\u0131na istinad\u0131 \u00e7\u0131xarmal\u0131d\u0131r!<\/p>\n<p>Erm\u0259ni dustaqlar\u0131n taleyi xeyli d\u0259r\u0259c\u0259d\u0259 \u0130r\u0259van h\u00f6kum\u0259tinin \u00f6z \u0259lind\u0259. Odur ki, Va\u015finqton Pa\u015finyan h\u00f6kum\u0259tinin quru s\u00fclh ritorikas\u0131na nec\u0259 g\u0259ldi inanmaqdansa, yax\u015f\u0131 olar real s\u00fclh\u0259 \u0259sas \u0259ng\u0259l olan bir m\u0259s\u0259l\u0259d\u0259 kapitulyant t\u0259r\u0259f\u0259 t\u0259zyiq el\u0259sin. Onun ard\u0131nca Bak\u0131da saxlan\u0131lan erm\u0259nil\u0259rl\u0259 ba\u011fl\u0131 hans\u0131sa \u00fcmid i\u015f\u0131\u011f\u0131 yarana bil\u0259r.\u00a0<strong>\u018fks halda, yen\u0259 bo\u015funa vaxt itkisi olacaq&#8230;<\/strong><\/p>\n<div class=\"news-author text-left\"><a href=\"https:\/\/musavat.com\/author\/zahid-seferoglu_2\"><img class=\"img-responsive img-author\" src=\"https:\/\/cdn.musavat.com\/authors\/thumbnails\/7dceba561e27f2296f5e82d34d1dd6bd.jpg\" \/>Zahid S\u018fF\u018fRO\u011eLU<\/a><\/div>\n","protected":false},"excerpt":{"rendered":"<p>Az\u0259rbaycan Prezidentinin k\u00f6m\u0259k\u00e7isi Hikm\u0259t Hac\u0131yevl\u0259 AB\u015e r\u0259hb\u0259rinin milli t\u0259hl\u00fck\u0259sizlik \u00fczr\u0259 m\u00fc\u015faviri Mayk Uolts aras\u0131nda \u00f6t\u0259n h\u0259ft\u0259sonu telefon dan\u0131\u015f\u0131\u011f\u0131 olub. Bu, Tramp h\u00f6kum\u0259tind\u0259n Bak\u0131ya ilk z\u0259ngdir. \u0130ki y\u00fcks\u0259k \u00e7inli m\u0259murun s\u00f6hb\u0259tind\u0259 \u0259sas m\u00f6vzu is\u0259 Az\u0259rbaycan v\u0259 Erm\u0259nistan s\u00fclh s\u0259n\u0259di m\u0259tnini raz\u0131la\u015fd\u0131rd\u0131qdan sonra at\u0131lacaq add\u0131mlar olub. \u201cC\u0259nubi Qafqazda m\u00fcnaqi\u015f\u0259y\u0259 son qoyulmal\u0131d\u0131r. M\u0259n bu (\u00f6t\u0259n \u2013 red.) h\u0259ft\u0259 Az\u0259rbaycan Prezidenti \u0130lham \u018fliyevin milli t\u0259hl\u00fck\u0259sizlik m\u00fc\u015faviri c\u0259nab Hikm\u0259t Hac\u0131yevl\u0259 dan\u0131\u015fd\u0131m\u201d. Bunu Uolts sosial \u015f\u0259b\u0259k\u0259 hesab\u0131nda yaz\u0131b. \u201cBiz Az\u0259rbaycan v\u0259 Erm\u0259nistan\u0131n ir\u0259liy\u0259 do\u011fru b\u00f6y\u00fck add\u0131m atmas\u0131ndan v\u0259 s\u00fclh m\u00fcqavil\u0259sin\u0259 raz\u0131l\u0131qdan m\u0259mnunuq. M\u0259n ona dedim ki,&hellip;<\/p>\n","protected":false},"author":2,"featured_media":794325,"comment_status":"closed","ping_status":"closed","sticky":false,"template":"","format":"standard","meta":{"om_disable_all_campaigns":false,"_monsterinsights_skip_tracking":false,"_monsterinsights_sitenote_active":false,"_monsterinsights_sitenote_note":"","_monsterinsights_sitenote_category":0},"categories":[19],"tags":[],"aioseo_notices":[],"gutentor_comment":0,"rttpg_featured_image_url":{"full":["https:\/\/arantv.az\/wp-content\/uploads\/2025\/03\/c141bf7b11813442049d7674b357b714.jpg",850,500,false],"landscape":["https:\/\/arantv.az\/wp-content\/uploads\/2025\/03\/c141bf7b11813442049d7674b357b714.jpg",850,500,false],"portraits":["https:\/\/arantv.az\/wp-content\/uploads\/2025\/03\/c141bf7b11813442049d7674b357b714.jpg",850,500,false],"thumbnail":["https:\/\/arantv.az\/wp-content\/uploads\/2025\/03\/c141bf7b11813442049d7674b357b714-500x280.jpg",500,280,true],"medium":["https:\/\/arantv.az\/wp-content\/uploads\/2025\/03\/c141bf7b11813442049d7674b357b714-621x365.jpg",621,365,true],"large":["https:\/\/arantv.az\/wp-content\/uploads\/2025\/03\/c141bf7b11813442049d7674b357b714-840x494.jpg",640,376,true],"1536x1536":["https:\/\/arantv.az\/wp-content\/uploads\/2025\/03\/c141bf7b11813442049d7674b357b714.jpg",850,500,false],"2048x2048":["https:\/\/arantv.az\/wp-content\/uploads\/2025\/03\/c141bf7b11813442049d7674b357b714.jpg",850,500,false],"post-thumbnail":["https:\/\/arantv.az\/wp-content\/uploads\/2025\/03\/c141bf7b11813442049d7674b357b714-240x172.jpg",240,172,true],"advps-thumb-one":["https:\/\/arantv.az\/wp-content\/uploads\/2025\/03\/c141bf7b11813442049d7674b357b714.jpg",850,500,false]},"rttpg_author":{"display_name":"V\u00fcsal Rafiqo\u011flu","author_link":"https:\/\/arantv.az\/?author=2"},"rttpg_comment":0,"rttpg_category":"<a href=\"https:\/\/arantv.az\/?cat=19\" rel=\"category\">G\u00fcnd\u0259m<\/a>","rttpg_excerpt":"Az\u0259rbaycan Prezidentinin k\u00f6m\u0259k\u00e7isi Hikm\u0259t Hac\u0131yevl\u0259 AB\u015e r\u0259hb\u0259rinin milli t\u0259hl\u00fck\u0259sizlik \u00fczr\u0259 m\u00fc\u015faviri Mayk Uolts aras\u0131nda \u00f6t\u0259n h\u0259ft\u0259sonu telefon dan\u0131\u015f\u0131\u011f\u0131 olub. Bu, Tramp h\u00f6kum\u0259tind\u0259n Bak\u0131ya ilk z\u0259ngdir. \u0130ki y\u00fcks\u0259k \u00e7inli m\u0259murun s\u00f6hb\u0259tind\u0259 \u0259sas m\u00f6vzu is\u0259 Az\u0259rbaycan v\u0259 Erm\u0259nistan s\u00fclh s\u0259n\u0259di m\u0259tnini raz\u0131la\u015fd\u0131rd\u0131qdan sonra at\u0131lacaq add\u0131mlar olub. \u201cC\u0259nubi Qafqazda m\u00fcnaqi\u015f\u0259y\u0259 son qoyulmal\u0131d\u0131r. M\u0259n bu (\u00f6t\u0259n \u2013 red.) h\u0259ft\u0259&hellip;","_links":{"self":[{"href":"https:\/\/arantv.az\/index.php?rest_route=\/wp\/v2\/posts\/794324"}],"collection":[{"href":"https:\/\/arantv.az\/index.php?rest_route=\/wp\/v2\/posts"}],"about":[{"href":"https:\/\/arantv.az\/index.php?rest_route=\/wp\/v2\/types\/post"}],"author":[{"embeddable":true,"href":"https:\/\/arantv.az\/index.php?rest_route=\/wp\/v2\/users\/2"}],"replies":[{"embeddable":true,"href":"https:\/\/arantv.az\/index.php?rest_route=%2Fwp%2Fv2%2Fcomments&post=794324"}],"version-history":[{"count":1,"href":"https:\/\/arantv.az\/index.php?rest_route=\/wp\/v2\/posts\/794324\/revisions"}],"predecessor-version":[{"id":794326,"href":"https:\/\/arantv.az\/index.php?rest_route=\/wp\/v2\/posts\/794324\/revisions\/794326"}],"wp:featuredmedia":[{"embeddable":true,"href":"https:\/\/arantv.az\/index.php?rest_route=\/wp\/v2\/media\/794325"}],"wp:attachment":[{"href":"https:\/\/arantv.az\/index.php?rest_route=%2Fwp%2Fv2%2Fmedia&parent=794324"}],"wp:term":[{"taxonomy":"category","embeddable":true,"href":"https:\/\/arantv.az\/index.php?rest_route=%2Fwp%2Fv2%2Fcategories&post=794324"},{"taxonomy":"post_tag","embeddable":true,"href":"https:\/\/arantv.az\/index.php?rest_route=%2Fwp%2Fv2%2Ftags&post=794324"}],"curies":[{"name":"wp","href":"https:\/\/api.w.org\/{rel}","templated":true}]}}