{"id":794573,"date":"2025-03-18T13:10:21","date_gmt":"2025-03-18T09:10:21","guid":{"rendered":"https:\/\/arantv.az\/?p=794573"},"modified":"2025-03-18T13:10:21","modified_gmt":"2025-03-18T09:10:21","slug":"prezident-v%c9%99-xanimi-agd%c9%99r%c9%99d%c9%99-novruz-tonqalini-alovlandirdi","status":"publish","type":"post","link":"https:\/\/arantv.az\/?p=794573","title":{"rendered":"Prezident v\u0259 xan\u0131m\u0131 A\u011fd\u0259r\u0259d\u0259 Novruz tonqal\u0131n\u0131 alovland\u0131rd\u0131"},"content":{"rendered":"<p><strong>Az\u0259rbaycan Prezidenti \u0130lham \u018fliyev v\u0259 birinci xan\u0131m Mehriban \u018fliyeva mart\u0131n 18-d\u0259 A\u011fd\u0259r\u0259 rayonunun H\u0259s\u0259nriz k\u0259ndind\u0259 buraya k\u00f6\u00e7\u0259n bir qrup sakinl\u0259 g\u00f6r\u00fc\u015f\u00fcb, f\u0259rdi evl\u0259rin v\u0259 infrastrukturun b\u0259rpas\u0131 sah\u0259sind\u0259 g\u00f6r\u00fcl\u0259n i\u015fl\u0259rl\u0259 tan\u0131\u015f olublar.<\/strong><\/p>\n<p><strong>ARANTV.AZ <\/strong>\u00a0x\u0259b\u0259r verir ki, sonra d\u00f6vl\u0259t\u00a0ba\u015f\u00e7\u0131s\u0131 v\u0259 birinci xan\u0131m k\u0259nd sakinl\u0259ri il\u0259 birlikd\u0259 Novruz tonqal\u0131n\u0131 alovland\u0131r\u0131blar.<\/p>\n","protected":false},"excerpt":{"rendered":"<p>Az\u0259rbaycan Prezidenti \u0130lham \u018fliyev v\u0259 birinci xan\u0131m Mehriban \u018fliyeva mart\u0131n 18-d\u0259 A\u011fd\u0259r\u0259 rayonunun H\u0259s\u0259nriz k\u0259ndind\u0259 buraya k\u00f6\u00e7\u0259n bir qrup sakinl\u0259 g\u00f6r\u00fc\u015f\u00fcb, f\u0259rdi evl\u0259rin v\u0259 infrastrukturun b\u0259rpas\u0131 sah\u0259sind\u0259 g\u00f6r\u00fcl\u0259n i\u015fl\u0259rl\u0259 tan\u0131\u015f olublar. ARANTV.AZ \u00a0x\u0259b\u0259r verir ki, sonra d\u00f6vl\u0259t\u00a0ba\u015f\u00e7\u0131s\u0131 v\u0259 birinci xan\u0131m k\u0259nd sakinl\u0259ri il\u0259 birlikd\u0259 Novruz tonqal\u0131n\u0131 alovland\u0131r\u0131blar.<\/p>\n","protected":false},"author":2,"featured_media":794574,"comment_status":"closed","ping_status":"closed","sticky":false,"template":"","format":"standard","meta":{"om_disable_all_campaigns":false,"_monsterinsights_skip_tracking":false,"_monsterinsights_sitenote_active":false,"_monsterinsights_sitenote_note":"","_monsterinsights_sitenote_category":0},"categories":[4],"tags":[],"aioseo_notices":[],"gutentor_comment":0,"rttpg_featured_image_url":{"full":["https:\/\/arantv.az\/wp-content\/uploads\/2025\/03\/e8625e0a72a0611e0f3f73c7649c77d7.jpg",850,500,false],"landscape":["https:\/\/arantv.az\/wp-content\/uploads\/2025\/03\/e8625e0a72a0611e0f3f73c7649c77d7.jpg",850,500,false],"portraits":["https:\/\/arantv.az\/wp-content\/uploads\/2025\/03\/e8625e0a72a0611e0f3f73c7649c77d7.jpg",850,500,false],"thumbnail":["https:\/\/arantv.az\/wp-content\/uploads\/2025\/03\/e8625e0a72a0611e0f3f73c7649c77d7-500x280.jpg",500,280,true],"medium":["https:\/\/arantv.az\/wp-content\/uploads\/2025\/03\/e8625e0a72a0611e0f3f73c7649c77d7-621x365.jpg",621,365,true],"large":["https:\/\/arantv.az\/wp-content\/uploads\/2025\/03\/e8625e0a72a0611e0f3f73c7649c77d7-840x494.jpg",640,376,true],"1536x1536":["https:\/\/arantv.az\/wp-content\/uploads\/2025\/03\/e8625e0a72a0611e0f3f73c7649c77d7.jpg",850,500,false],"2048x2048":["https:\/\/arantv.az\/wp-content\/uploads\/2025\/03\/e8625e0a72a0611e0f3f73c7649c77d7.jpg",850,500,false],"post-thumbnail":["https:\/\/arantv.az\/wp-content\/uploads\/2025\/03\/e8625e0a72a0611e0f3f73c7649c77d7-240x172.jpg",240,172,true],"advps-thumb-one":["https:\/\/arantv.az\/wp-content\/uploads\/2025\/03\/e8625e0a72a0611e0f3f73c7649c77d7.jpg",850,500,false]},"rttpg_author":{"display_name":"V\u00fcsal Rafiqo\u011flu","author_link":"https:\/\/arantv.az\/?author=2"},"rttpg_comment":0,"rttpg_category":"<a href=\"https:\/\/arantv.az\/?cat=4\" rel=\"category\">Siyas\u0259t<\/a>","rttpg_excerpt":"Az\u0259rbaycan Prezidenti \u0130lham \u018fliyev v\u0259 birinci xan\u0131m Mehriban \u018fliyeva mart\u0131n 18-d\u0259 A\u011fd\u0259r\u0259 rayonunun H\u0259s\u0259nriz k\u0259ndind\u0259 buraya k\u00f6\u00e7\u0259n bir qrup sakinl\u0259 g\u00f6r\u00fc\u015f\u00fcb, f\u0259rdi evl\u0259rin v\u0259 infrastrukturun b\u0259rpas\u0131 sah\u0259sind\u0259 g\u00f6r\u00fcl\u0259n i\u015fl\u0259rl\u0259 tan\u0131\u015f olublar. ARANTV.AZ \u00a0x\u0259b\u0259r verir ki, sonra d\u00f6vl\u0259t\u00a0ba\u015f\u00e7\u0131s\u0131 v\u0259 birinci xan\u0131m k\u0259nd sakinl\u0259ri il\u0259 birlikd\u0259 Novruz tonqal\u0131n\u0131 alovland\u0131r\u0131blar.","_links":{"self":[{"href":"https:\/\/arantv.az\/index.php?rest_route=\/wp\/v2\/posts\/794573"}],"collection":[{"href":"https:\/\/arantv.az\/index.php?rest_route=\/wp\/v2\/posts"}],"about":[{"href":"https:\/\/arantv.az\/index.php?rest_route=\/wp\/v2\/types\/post"}],"author":[{"embeddable":true,"href":"https:\/\/arantv.az\/index.php?rest_route=\/wp\/v2\/users\/2"}],"replies":[{"embeddable":true,"href":"https:\/\/arantv.az\/index.php?rest_route=%2Fwp%2Fv2%2Fcomments&post=794573"}],"version-history":[{"count":1,"href":"https:\/\/arantv.az\/index.php?rest_route=\/wp\/v2\/posts\/794573\/revisions"}],"predecessor-version":[{"id":794575,"href":"https:\/\/arantv.az\/index.php?rest_route=\/wp\/v2\/posts\/794573\/revisions\/794575"}],"wp:featuredmedia":[{"embeddable":true,"href":"https:\/\/arantv.az\/index.php?rest_route=\/wp\/v2\/media\/794574"}],"wp:attachment":[{"href":"https:\/\/arantv.az\/index.php?rest_route=%2Fwp%2Fv2%2Fmedia&parent=794573"}],"wp:term":[{"taxonomy":"category","embeddable":true,"href":"https:\/\/arantv.az\/index.php?rest_route=%2Fwp%2Fv2%2Fcategories&post=794573"},{"taxonomy":"post_tag","embeddable":true,"href":"https:\/\/arantv.az\/index.php?rest_route=%2Fwp%2Fv2%2Ftags&post=794573"}],"curies":[{"name":"wp","href":"https:\/\/api.w.org\/{rel}","templated":true}]}}