{"id":79460,"date":"2019-09-17T10:29:05","date_gmt":"2019-09-17T07:29:05","guid":{"rendered":"http:\/\/arantv.az\/?p=79460"},"modified":"2019-09-17T10:29:05","modified_gmt":"2019-09-17T07:29:05","slug":"%c9%99haliy%c9%99-sad-x%c9%99b%c9%99r-oktyabrin-1-d%c9%99n-750-min-pensiyacinin-pensiyasi-artirilacaq","status":"publish","type":"post","link":"https:\/\/arantv.az\/?p=79460","title":{"rendered":"\u018fhaliy\u0259 \u015eAD X\u018fB\u018fR: &#8220;Oktyabr\u0131n 1-d\u0259n 750 min pensiya\u00e7\u0131n\u0131n pensiyas\u0131 art\u0131r\u0131lacaq&#8221;"},"content":{"rendered":"<h2>\u018fhaliy\u0259 \u015eAD X\u018fB\u018fR: &#8220;Oktyabr\u0131n 1-d\u0259n 750 min pensiya\u00e7\u0131n\u0131n pensiyas\u0131 art\u0131r\u0131lacaq&#8221;<\/h2>\n<p>\u201cBu il sosial inki\u015fafla ba\u011fl\u0131 iki b\u00f6y\u00fck sosial islahat paketi q\u0259bul edilib. Bu sosial islahat paketl\u0259ri \u2013 birinci paket 3 milyon insan\u0131m\u0131z\u0131 \u0259hat\u0259 edib v\u0259 \u00fcmumi illik maliyy\u0259 t\u0259l\u0259bi 1,6 milyard manata b\u0259rab\u0259rdir\u201d.<\/p>\n<p>Bunu \u018fm\u0259k v\u0259 \u018fhalinin Sosial M\u00fcdafi\u0259si naziri Sahil Babayev Prezident \u0130lham \u018fliyevin yan\u0131nda ke\u00e7irilmi\u015f sosial-iqtisadi sah\u0259 il\u0259 ba\u011fl\u0131 m\u00fc\u015favir\u0259d\u0259 \u00e7\u0131x\u0131\u015f\u0131 zaman\u0131 deyib.<\/p>\n<p>Nazir bildirib ki, bu sosial islahat paketi art\u0131q tam \u015f\u0259kild\u0259 icra olunub v\u0259 h\u0259m pensiya\u00e7\u0131lar\u0131n, h\u0259m d\u0259 i\u015fl\u0259y\u0259n v\u0259t\u0259nda\u015flar\u0131n \u0259m\u0259k haqlar\u0131 art\u0131r\u0131l\u0131b: \u201c\u0130kinci sosial paketl\u0259 ba\u011fl\u0131 haz\u0131rl\u0131q i\u015fl\u0259ri art\u0131q yekunla\u015f\u0131b v\u0259 sentyabr ay\u0131n\u0131n 1-d\u0259n etibar\u0259n minimum \u0259m\u0259khaqq\u0131n\u0131n 250 manata \u00e7atd\u0131r\u0131lmas\u0131, d\u00f6vl\u0259t sektorunda \u00e7al\u0131\u015fanlardan \u0259lav\u0259 400 min insan\u0131n kateqoriyalar\u0131ndan as\u0131l\u0131 olaraq 20-50 faiz aral\u0131\u011f\u0131nda \u0259m\u0259k haqlar\u0131n\u0131n art\u0131r\u0131lmas\u0131, eyni zamanda, oktyabr\u0131n 1-d\u0259n etibar\u0259n 750 min pensiya\u00e7\u0131n\u0131n pensiyas\u0131n\u0131n art\u0131r\u0131lmas\u0131 il\u0259 ba\u011fl\u0131 b\u00fct\u00fcn haz\u0131rl\u0131q i\u015fl\u0259ri art\u0131q yekunla\u015fd\u0131r\u0131l\u0131b\u201d.<\/p>\n<p>S. Babayev qeyd edib ki, \u00fcmumilikd\u0259 h\u0259r iki paketin \u00fcmumi d\u0259y\u0259ri cari il \u00fc\u00e7\u00fcn 2,3 milyard manatd\u0131r, n\u00f6vb\u0259ti il \u00fc\u00e7\u00fcn 3 milyard manatd\u0131r v\u0259 4,2 milyon insan\u0131 \u0259hat\u0259 ed\u0259c\u0259k: \u201cMinimum \u0259m\u0259khaqq\u0131nda dem\u0259k olar ki, iki d\u0259f\u0259 art\u0131m, minimum pensiyada 72 faizlik art\u0131m n\u0259tic\u0259sind\u0259 Az\u0259rbaycanda minimum pensiya MDB m\u0259kan\u0131nda al\u0131c\u0131l\u0131q qabiliyy\u0259ti \u00fczr\u0259 birinci g\u00f6st\u0259rici olacaq. Minimum \u0259m\u0259khaqq\u0131 is\u0259 yen\u0259 d\u0259 al\u0131c\u0131l\u0131q qabiliyy\u0259ti \u00fczr\u0259 MDB m\u0259kan\u0131nda ikinci g\u00f6st\u0259rici olacaq. \u018flav\u0259 olaraq, Prezidentin tap\u015f\u0131r\u0131\u011f\u0131na \u0259sas\u0259n m\u00fcavin\u0259t v\u0259 t\u0259qa\u00fcdl\u0259rin art\u0131r\u0131lmas\u0131 sah\u0259sind\u0259 g\u00f6r\u00fcl\u0259n i\u015fl\u0259r \u00fcmumilikd\u0259 1,3 milyon insan\u0131m\u0131z\u0131 \u0259hat\u0259 edib v\u0259 bunlardan 300 mind\u0259n art\u0131\u011f\u0131 m\u0259hz \u0259lilliyi olan \u015f\u0259xsl\u0259r idi, 500 min\u0259 q\u0259d\u0259ri m\u0259cburi k\u00f6\u00e7k\u00fcn, 100 mind\u0259n art\u0131\u011f\u0131 t\u0259l\u0259b\u0259 v\u0259 g\u0259ncl\u0259r idi. \u00dcmumilikd\u0259 baxd\u0131qda bu m\u00fcavin\u0259t v\u0259 t\u0259qa\u00fcdl\u0259r \u0259halinin sosial c\u0259h\u0259td\u0259n \u0259n h\u0259ssas t\u0259b\u0259q\u0259sini \u0259hat\u0259 edib v\u0259 onlar\u0131n g\u0259lirl\u0259ri \u00e7ox \u0259h\u0259miyy\u0259tli \u015f\u0259kild\u0259 art\u0131r\u0131l\u0131b\u201d.<br \/>\n(redaktor az)<\/p>\n","protected":false},"excerpt":{"rendered":"<p>\u018fhaliy\u0259 \u015eAD X\u018fB\u018fR: &#8220;Oktyabr\u0131n 1-d\u0259n 750 min pensiya\u00e7\u0131n\u0131n pensiyas\u0131 art\u0131r\u0131lacaq&#8221; \u201cBu il sosial inki\u015fafla ba\u011fl\u0131 iki b\u00f6y\u00fck sosial islahat paketi q\u0259bul edilib. Bu sosial islahat paketl\u0259ri \u2013 birinci paket 3 milyon insan\u0131m\u0131z\u0131 \u0259hat\u0259 edib v\u0259 \u00fcmumi illik maliyy\u0259 t\u0259l\u0259bi 1,6 milyard manata b\u0259rab\u0259rdir\u201d. Bunu \u018fm\u0259k v\u0259 \u018fhalinin Sosial M\u00fcdafi\u0259si naziri Sahil Babayev Prezident \u0130lham \u018fliyevin yan\u0131nda ke\u00e7irilmi\u015f sosial-iqtisadi sah\u0259 il\u0259 ba\u011fl\u0131 m\u00fc\u015favir\u0259d\u0259 \u00e7\u0131x\u0131\u015f\u0131 zaman\u0131 deyib. Nazir bildirib ki, bu sosial islahat paketi art\u0131q tam \u015f\u0259kild\u0259 icra olunub v\u0259 h\u0259m pensiya\u00e7\u0131lar\u0131n, h\u0259m d\u0259 i\u015fl\u0259y\u0259n v\u0259t\u0259nda\u015flar\u0131n \u0259m\u0259k haqlar\u0131 art\u0131r\u0131l\u0131b: \u201c\u0130kinci sosial paketl\u0259&hellip;<\/p>\n","protected":false},"author":2,"featured_media":79461,"comment_status":"closed","ping_status":"closed","sticky":false,"template":"","format":"standard","meta":{"om_disable_all_campaigns":false,"_monsterinsights_skip_tracking":false,"_monsterinsights_sitenote_active":false,"_monsterinsights_sitenote_note":"","_monsterinsights_sitenote_category":0},"categories":[1],"tags":[],"aioseo_notices":[],"gutentor_comment":0,"rttpg_featured_image_url":{"full":["https:\/\/arantv.az\/wp-content\/uploads\/2019\/09\/1564725658_screenshot_1.jpg",682,496,false],"landscape":["https:\/\/arantv.az\/wp-content\/uploads\/2019\/09\/1564725658_screenshot_1.jpg",682,496,false],"portraits":["https:\/\/arantv.az\/wp-content\/uploads\/2019\/09\/1564725658_screenshot_1.jpg",682,496,false],"thumbnail":["https:\/\/arantv.az\/wp-content\/uploads\/2019\/09\/1564725658_screenshot_1-150x150.jpg",150,150,true],"medium":["https:\/\/arantv.az\/wp-content\/uploads\/2019\/09\/1564725658_screenshot_1-300x218.jpg",300,218,true],"large":["https:\/\/arantv.az\/wp-content\/uploads\/2019\/09\/1564725658_screenshot_1.jpg",640,465,false],"1536x1536":["https:\/\/arantv.az\/wp-content\/uploads\/2019\/09\/1564725658_screenshot_1.jpg",682,496,false],"2048x2048":["https:\/\/arantv.az\/wp-content\/uploads\/2019\/09\/1564725658_screenshot_1.jpg",682,496,false],"post-thumbnail":["https:\/\/arantv.az\/wp-content\/uploads\/2019\/09\/1564725658_screenshot_1-240x172.jpg",240,172,true],"advps-thumb-one":["https:\/\/arantv.az\/wp-content\/uploads\/2019\/09\/1564725658_screenshot_1.jpg",682,496,false]},"rttpg_author":{"display_name":"V\u00fcsal Rafiqo\u011flu","author_link":"https:\/\/arantv.az\/?author=2"},"rttpg_comment":0,"rttpg_category":"<a href=\"https:\/\/arantv.az\/?cat=1\" rel=\"category\">C\u0259miyy\u0259t<\/a>","rttpg_excerpt":"\u018fhaliy\u0259 \u015eAD X\u018fB\u018fR: &#8220;Oktyabr\u0131n 1-d\u0259n 750 min pensiya\u00e7\u0131n\u0131n pensiyas\u0131 art\u0131r\u0131lacaq&#8221; \u201cBu il sosial inki\u015fafla ba\u011fl\u0131 iki b\u00f6y\u00fck sosial islahat paketi q\u0259bul edilib. Bu sosial islahat paketl\u0259ri \u2013 birinci paket 3 milyon insan\u0131m\u0131z\u0131 \u0259hat\u0259 edib v\u0259 \u00fcmumi illik maliyy\u0259 t\u0259l\u0259bi 1,6 milyard manata b\u0259rab\u0259rdir\u201d. Bunu \u018fm\u0259k v\u0259 \u018fhalinin Sosial M\u00fcdafi\u0259si naziri Sahil Babayev Prezident \u0130lham \u018fliyevin&hellip;","_links":{"self":[{"href":"https:\/\/arantv.az\/index.php?rest_route=\/wp\/v2\/posts\/79460"}],"collection":[{"href":"https:\/\/arantv.az\/index.php?rest_route=\/wp\/v2\/posts"}],"about":[{"href":"https:\/\/arantv.az\/index.php?rest_route=\/wp\/v2\/types\/post"}],"author":[{"embeddable":true,"href":"https:\/\/arantv.az\/index.php?rest_route=\/wp\/v2\/users\/2"}],"replies":[{"embeddable":true,"href":"https:\/\/arantv.az\/index.php?rest_route=%2Fwp%2Fv2%2Fcomments&post=79460"}],"version-history":[{"count":0,"href":"https:\/\/arantv.az\/index.php?rest_route=\/wp\/v2\/posts\/79460\/revisions"}],"wp:featuredmedia":[{"embeddable":true,"href":"https:\/\/arantv.az\/index.php?rest_route=\/wp\/v2\/media\/79461"}],"wp:attachment":[{"href":"https:\/\/arantv.az\/index.php?rest_route=%2Fwp%2Fv2%2Fmedia&parent=79460"}],"wp:term":[{"taxonomy":"category","embeddable":true,"href":"https:\/\/arantv.az\/index.php?rest_route=%2Fwp%2Fv2%2Fcategories&post=79460"},{"taxonomy":"post_tag","embeddable":true,"href":"https:\/\/arantv.az\/index.php?rest_route=%2Fwp%2Fv2%2Ftags&post=79460"}],"curies":[{"name":"wp","href":"https:\/\/api.w.org\/{rel}","templated":true}]}}