{"id":79468,"date":"2019-09-17T10:30:52","date_gmt":"2019-09-17T07:30:52","guid":{"rendered":"http:\/\/arantv.az\/?p=79468"},"modified":"2019-09-17T10:30:52","modified_gmt":"2019-09-17T07:30:52","slug":"usaqlara-%c9%99l-qaldiran-h%c9%99r-k%c9%99s-bilm%c9%99lidir-ki-diqq%c9%99t-c%c9%99za","status":"publish","type":"post","link":"https:\/\/arantv.az\/?p=79468","title":{"rendered":"U\u015faqlara \u0259l qald\u0131ran h\u0259r k\u0259s bilm\u0259lidir ki&#8230;\u201d \u2013 Diqq\u0259t, c\u0259za!"},"content":{"rendered":"<p>Fransa parlamenti \u00f6vlad\u0131n\u0131 d\u00f6y\u0259n valideynl\u0259rin Cinay\u0259t M\u0259c\u0259ll\u0259sin\u0259 \u0259sas\u0259n m\u0259suliyy\u0259t\u0259 c\u0259lb edilm\u0259si il\u0259 ba\u011fl\u0131 qanun q\u0259bul edib.<\/p>\n<p>B\u0259s \u00f6lk\u0259mzid\u0259 nec\u0259, \u00f6vlad\u0131n\u0131 d\u00f6y\u0259n valideynl\u0259rin m\u0259suliyy\u0259t\u0259 c\u0259lb edilm\u0259si il\u0259 ba\u011fl\u0131 qanun varm\u0131?<\/p>\n<p>A\u00e7\u0131qlama ver\u0259n h\u00fcquq\u015f\u00fcnas \u018flim\u0259mm\u0259d Nuriyev Az\u0259rbaycan qanunlar\u0131n\u0131n da u\u015faqlar\u0131n h\u00fcquqlar\u0131n\u0131 ciddi m\u00fcdafi\u0259 etdiyini vur\u011fulad\u0131. Ekspertin s\u00f6zl\u0259rin\u0259 g\u00f6r\u0259, Az\u0259rbaycanda qanun u\u015faqlar\u0131 d\u00f6y\u0259n, onlara i\u015fg\u0259nc\u0259 ver\u0259n \u015f\u0259xsl\u0259rin qanunun b\u00fct\u00fcn s\u0259rtliyi il\u0259 c\u0259zaland\u0131lr\u0131lmas\u0131n\u0131 n\u0259z\u0259rd\u0259 tutur:<\/p>\n<p>\u201c\u0130nzibati X\u0259talar M\u0259c\u0259ll\u0259sind\u0259 u\u015faq v\u0259 ya b\u00f6y\u00fck olmas\u0131ndan as\u0131l\u0131 olmayaarq, d\u00f6ym\u0259y\u0259 g\u00f6r\u0259 m\u0259suliyy\u0259t n\u0259z\u0259rd\u0259 tutulur. I\u015fg\u0259nc\u0259 il\u0259 ba\u011fl\u0131 is\u0259 Cinay\u0259t M\u0259c\u0259ll\u0259sind\u0259 m\u00fcvafiq norma var. \u018fg\u0259r d\u00f6ym\u0259 v\u0259 ya i\u015fg\u0259nc\u0259 fakt\u0131 yetkinlik ya\u015f\u0131na \u00e7atmayanlarla m\u00fcnasib\u0259td\u0259 ba\u015f veribs\u0259, o zaman h\u0259min \u0259m\u0259l\u0259 g\u00f6r\u0259 daha a\u011f\u0131r c\u0259zalar n\u0259z\u0259rd\u0259 tutulur.<\/p>\n<p>Bir s\u00f6zl\u0259, Az\u0259rbaycanda qanunlar b\u00fct\u00fcn v\u0259t\u0259nda\u015flar\u0131n, el\u0259c\u0259 d\u0259 u\u015faqlar\u0131n h\u00fcquqlar\u0131n\u0131 kifay\u0259t q\u0259d\u0259r ciddi v\u0259 \u0259hat\u0259li \u015f\u0259kild\u0259 qoruyur. Odur ki, z\u0259nnimc\u0259, h\u0259r hans\u0131 \u0259lav\u0259 qanunun q\u0259buluna ehtiyac yoxdur\u201d.Moderator.az<\/p>\n","protected":false},"excerpt":{"rendered":"<p>Fransa parlamenti \u00f6vlad\u0131n\u0131 d\u00f6y\u0259n valideynl\u0259rin Cinay\u0259t M\u0259c\u0259ll\u0259sin\u0259 \u0259sas\u0259n m\u0259suliyy\u0259t\u0259 c\u0259lb edilm\u0259si il\u0259 ba\u011fl\u0131 qanun q\u0259bul edib. B\u0259s \u00f6lk\u0259mzid\u0259 nec\u0259, \u00f6vlad\u0131n\u0131 d\u00f6y\u0259n valideynl\u0259rin m\u0259suliyy\u0259t\u0259 c\u0259lb edilm\u0259si il\u0259 ba\u011fl\u0131 qanun varm\u0131? A\u00e7\u0131qlama ver\u0259n h\u00fcquq\u015f\u00fcnas \u018flim\u0259mm\u0259d Nuriyev Az\u0259rbaycan qanunlar\u0131n\u0131n da u\u015faqlar\u0131n h\u00fcquqlar\u0131n\u0131 ciddi m\u00fcdafi\u0259 etdiyini vur\u011fulad\u0131. Ekspertin s\u00f6zl\u0259rin\u0259 g\u00f6r\u0259, Az\u0259rbaycanda qanun u\u015faqlar\u0131 d\u00f6y\u0259n, onlara i\u015fg\u0259nc\u0259 ver\u0259n \u015f\u0259xsl\u0259rin qanunun b\u00fct\u00fcn s\u0259rtliyi il\u0259 c\u0259zaland\u0131lr\u0131lmas\u0131n\u0131 n\u0259z\u0259rd\u0259 tutur: \u201c\u0130nzibati X\u0259talar M\u0259c\u0259ll\u0259sind\u0259 u\u015faq v\u0259 ya b\u00f6y\u00fck olmas\u0131ndan as\u0131l\u0131 olmayaarq, d\u00f6ym\u0259y\u0259 g\u00f6r\u0259 m\u0259suliyy\u0259t n\u0259z\u0259rd\u0259 tutulur. I\u015fg\u0259nc\u0259 il\u0259 ba\u011fl\u0131 is\u0259 Cinay\u0259t M\u0259c\u0259ll\u0259sind\u0259 m\u00fcvafiq norma var. \u018fg\u0259r d\u00f6ym\u0259 v\u0259 ya i\u015fg\u0259nc\u0259&hellip;<\/p>\n","protected":false},"author":2,"featured_media":79469,"comment_status":"closed","ping_status":"closed","sticky":false,"template":"","format":"standard","meta":{"om_disable_all_campaigns":false,"_monsterinsights_skip_tracking":false,"_monsterinsights_sitenote_active":false,"_monsterinsights_sitenote_note":"","_monsterinsights_sitenote_category":0},"categories":[1],"tags":[],"aioseo_notices":[],"gutentor_comment":0,"rttpg_featured_image_url":{"full":["https:\/\/arantv.az\/wp-content\/uploads\/2019\/09\/1562172640_640f6a9a-2079-4853-a71d-595d8a68d0d0_1506941657.jpg",530,356,false],"landscape":["https:\/\/arantv.az\/wp-content\/uploads\/2019\/09\/1562172640_640f6a9a-2079-4853-a71d-595d8a68d0d0_1506941657.jpg",530,356,false],"portraits":["https:\/\/arantv.az\/wp-content\/uploads\/2019\/09\/1562172640_640f6a9a-2079-4853-a71d-595d8a68d0d0_1506941657.jpg",530,356,false],"thumbnail":["https:\/\/arantv.az\/wp-content\/uploads\/2019\/09\/1562172640_640f6a9a-2079-4853-a71d-595d8a68d0d0_1506941657-150x150.jpg",150,150,true],"medium":["https:\/\/arantv.az\/wp-content\/uploads\/2019\/09\/1562172640_640f6a9a-2079-4853-a71d-595d8a68d0d0_1506941657-300x202.jpg",300,202,true],"large":["https:\/\/arantv.az\/wp-content\/uploads\/2019\/09\/1562172640_640f6a9a-2079-4853-a71d-595d8a68d0d0_1506941657.jpg",530,356,false],"1536x1536":["https:\/\/arantv.az\/wp-content\/uploads\/2019\/09\/1562172640_640f6a9a-2079-4853-a71d-595d8a68d0d0_1506941657.jpg",530,356,false],"2048x2048":["https:\/\/arantv.az\/wp-content\/uploads\/2019\/09\/1562172640_640f6a9a-2079-4853-a71d-595d8a68d0d0_1506941657.jpg",530,356,false],"post-thumbnail":["https:\/\/arantv.az\/wp-content\/uploads\/2019\/09\/1562172640_640f6a9a-2079-4853-a71d-595d8a68d0d0_1506941657-240x172.jpg",240,172,true],"advps-thumb-one":["https:\/\/arantv.az\/wp-content\/uploads\/2019\/09\/1562172640_640f6a9a-2079-4853-a71d-595d8a68d0d0_1506941657.jpg",530,356,false]},"rttpg_author":{"display_name":"V\u00fcsal Rafiqo\u011flu","author_link":"https:\/\/arantv.az\/?author=2"},"rttpg_comment":0,"rttpg_category":"<a href=\"https:\/\/arantv.az\/?cat=1\" rel=\"category\">C\u0259miyy\u0259t<\/a>","rttpg_excerpt":"Fransa parlamenti \u00f6vlad\u0131n\u0131 d\u00f6y\u0259n valideynl\u0259rin Cinay\u0259t M\u0259c\u0259ll\u0259sin\u0259 \u0259sas\u0259n m\u0259suliyy\u0259t\u0259 c\u0259lb edilm\u0259si il\u0259 ba\u011fl\u0131 qanun q\u0259bul edib. B\u0259s \u00f6lk\u0259mzid\u0259 nec\u0259, \u00f6vlad\u0131n\u0131 d\u00f6y\u0259n valideynl\u0259rin m\u0259suliyy\u0259t\u0259 c\u0259lb edilm\u0259si il\u0259 ba\u011fl\u0131 qanun varm\u0131? A\u00e7\u0131qlama ver\u0259n h\u00fcquq\u015f\u00fcnas \u018flim\u0259mm\u0259d Nuriyev Az\u0259rbaycan qanunlar\u0131n\u0131n da u\u015faqlar\u0131n h\u00fcquqlar\u0131n\u0131 ciddi m\u00fcdafi\u0259 etdiyini vur\u011fulad\u0131. Ekspertin s\u00f6zl\u0259rin\u0259 g\u00f6r\u0259, Az\u0259rbaycanda qanun u\u015faqlar\u0131 d\u00f6y\u0259n, onlara i\u015fg\u0259nc\u0259 ver\u0259n \u015f\u0259xsl\u0259rin qanunun&hellip;","_links":{"self":[{"href":"https:\/\/arantv.az\/index.php?rest_route=\/wp\/v2\/posts\/79468"}],"collection":[{"href":"https:\/\/arantv.az\/index.php?rest_route=\/wp\/v2\/posts"}],"about":[{"href":"https:\/\/arantv.az\/index.php?rest_route=\/wp\/v2\/types\/post"}],"author":[{"embeddable":true,"href":"https:\/\/arantv.az\/index.php?rest_route=\/wp\/v2\/users\/2"}],"replies":[{"embeddable":true,"href":"https:\/\/arantv.az\/index.php?rest_route=%2Fwp%2Fv2%2Fcomments&post=79468"}],"version-history":[{"count":0,"href":"https:\/\/arantv.az\/index.php?rest_route=\/wp\/v2\/posts\/79468\/revisions"}],"wp:featuredmedia":[{"embeddable":true,"href":"https:\/\/arantv.az\/index.php?rest_route=\/wp\/v2\/media\/79469"}],"wp:attachment":[{"href":"https:\/\/arantv.az\/index.php?rest_route=%2Fwp%2Fv2%2Fmedia&parent=79468"}],"wp:term":[{"taxonomy":"category","embeddable":true,"href":"https:\/\/arantv.az\/index.php?rest_route=%2Fwp%2Fv2%2Fcategories&post=79468"},{"taxonomy":"post_tag","embeddable":true,"href":"https:\/\/arantv.az\/index.php?rest_route=%2Fwp%2Fv2%2Ftags&post=79468"}],"curies":[{"name":"wp","href":"https:\/\/api.w.org\/{rel}","templated":true}]}}