{"id":794757,"date":"2025-03-19T09:04:37","date_gmt":"2025-03-19T05:04:37","guid":{"rendered":"https:\/\/arantv.az\/?p=794757"},"modified":"2025-03-19T09:04:37","modified_gmt":"2025-03-19T05:04:37","slug":"s%c9%99ki-il%c9%99-ged%c9%99n-avtobusun-%c9%99yl%c9%99ci-xarab-imis-video","status":"publish","type":"post","link":"https:\/\/arantv.az\/?p=794757","title":{"rendered":"S\u0259ki il\u0259 ged\u0259n avtobusun \u0259yl\u0259ci xarab imi\u015f? &#8211; V\u0130DEO"},"content":{"rendered":"<p><strong>Metronun &#8220;\u018fhm\u0259dli&#8221; stansiyas\u0131 v\u0259 Z\u0131\u011f q\u0259s\u0259b\u0259si \u00fczr\u0259 h\u0259r\u0259k\u0259t ed\u0259n 183 sayl\u0131 mar\u015frut avtobusunun \u0259yl\u0259cinin xarab ola-ola idar\u0259 edilm\u0259sin\u0259 dair m\u0259lumatlar yay\u0131l\u0131b.<\/strong><\/p>\n<p>Bu bar\u0259d\u0259 &#8220;Qafqazinfo&#8221;nun sor\u011fusuna da\u015f\u0131y\u0131c\u0131 \u015firk\u0259td\u0259n bildirilib ki, g\u00f6r\u00fcnt\u00fcl\u0259rd\u0259 s\u00fcr\u00fcc\u00fcn\u00fcn avtobusu yoldan k\u0259narda, s\u0259ki il\u0259 s\u00fcrm\u0259si \u0259ks olunub. \u0130ddia edilib ki, buna s\u0259b\u0259b ictimai n\u0259qliyyat vasit\u0259sinin \u0259yl\u0259cinin xarab olmas\u0131 olub.<\/p>\n<p>M\u0259s\u0259l\u0259 il\u0259 ba\u011fl\u0131 183 sayl\u0131 mar\u015frut x\u0259tti \u00fczr\u0259 da\u015f\u0131y\u0131c\u0131 \u015firk\u0259t &#8220;Bus Trans&#8221; MMC-nin direktoru Qalib Salahov sor\u011fuya cavab olaraq bildirib ki, hadis\u0259 bar\u0259d\u0259 ara\u015fd\u0131rma apar\u0131l\u0131b:<\/p>\n<p>&#8220;Bununla ba\u011fl\u0131 bizi Az\u0259rbaycan Yer\u00fcst\u00fc N\u0259qliyyat Agentliyin\u0259 (AYNA) d\u0259v\u0259t etdil\u0259r. Gedib izahat verdik. Hadis\u0259 avtobusun qar\u015f\u0131s\u0131na q\u0259fil avtomobil \u00e7\u0131xmas\u0131 s\u0259b\u0259bind\u0259n ba\u015f verib. S\u00fcr\u00fcc\u00fc q\u0259zadan yay\u0131nmaq \u00fc\u00e7\u00fcn bo\u015f olan s\u0259kiy\u0259 \u00e7\u0131x\u0131b. N\u0259tic\u0259d\u0259 x\u0259sar\u0259t alan olmay\u0131b. Ya\u015f\u0131ll\u0131\u011fa v\u0259 yol ni\u015fan\u0131na bir q\u0259d\u0259r z\u0259r\u0259r d\u0259yib ki, bu da t\u0259r\u0259fimizd\u0259n h\u0259ll edil\u0259c\u0259k&#8221;.<\/p>\n","protected":false},"excerpt":{"rendered":"<p>Metronun &#8220;\u018fhm\u0259dli&#8221; stansiyas\u0131 v\u0259 Z\u0131\u011f q\u0259s\u0259b\u0259si \u00fczr\u0259 h\u0259r\u0259k\u0259t ed\u0259n 183 sayl\u0131 mar\u015frut avtobusunun \u0259yl\u0259cinin xarab ola-ola idar\u0259 edilm\u0259sin\u0259 dair m\u0259lumatlar yay\u0131l\u0131b. Bu bar\u0259d\u0259 &#8220;Qafqazinfo&#8221;nun sor\u011fusuna da\u015f\u0131y\u0131c\u0131 \u015firk\u0259td\u0259n bildirilib ki, g\u00f6r\u00fcnt\u00fcl\u0259rd\u0259 s\u00fcr\u00fcc\u00fcn\u00fcn avtobusu yoldan k\u0259narda, s\u0259ki il\u0259 s\u00fcrm\u0259si \u0259ks olunub. \u0130ddia edilib ki, buna s\u0259b\u0259b ictimai n\u0259qliyyat vasit\u0259sinin \u0259yl\u0259cinin xarab olmas\u0131 olub. M\u0259s\u0259l\u0259 il\u0259 ba\u011fl\u0131 183 sayl\u0131 mar\u015frut x\u0259tti \u00fczr\u0259 da\u015f\u0131y\u0131c\u0131 \u015firk\u0259t &#8220;Bus Trans&#8221; MMC-nin direktoru Qalib Salahov sor\u011fuya cavab olaraq bildirib ki, hadis\u0259 bar\u0259d\u0259 ara\u015fd\u0131rma apar\u0131l\u0131b: &#8220;Bununla ba\u011fl\u0131 bizi Az\u0259rbaycan Yer\u00fcst\u00fc N\u0259qliyyat Agentliyin\u0259 (AYNA) d\u0259v\u0259t etdil\u0259r. Gedib izahat verdik. Hadis\u0259&hellip;<\/p>\n","protected":false},"author":2,"featured_media":794758,"comment_status":"closed","ping_status":"closed","sticky":false,"template":"","format":"standard","meta":{"om_disable_all_campaigns":false,"_monsterinsights_skip_tracking":false,"_monsterinsights_sitenote_active":false,"_monsterinsights_sitenote_note":"","_monsterinsights_sitenote_category":0},"categories":[1],"tags":[],"aioseo_notices":[],"gutentor_comment":0,"rttpg_featured_image_url":{"full":["https:\/\/arantv.az\/wp-content\/uploads\/2025\/03\/19a6e53d7fc42aef9809ac2e35399917.png",610,376,false],"landscape":["https:\/\/arantv.az\/wp-content\/uploads\/2025\/03\/19a6e53d7fc42aef9809ac2e35399917.png",610,376,false],"portraits":["https:\/\/arantv.az\/wp-content\/uploads\/2025\/03\/19a6e53d7fc42aef9809ac2e35399917.png",610,376,false],"thumbnail":["https:\/\/arantv.az\/wp-content\/uploads\/2025\/03\/19a6e53d7fc42aef9809ac2e35399917-500x280.png",500,280,true],"medium":["https:\/\/arantv.az\/wp-content\/uploads\/2025\/03\/19a6e53d7fc42aef9809ac2e35399917-592x365.png",592,365,true],"large":["https:\/\/arantv.az\/wp-content\/uploads\/2025\/03\/19a6e53d7fc42aef9809ac2e35399917.png",610,376,false],"1536x1536":["https:\/\/arantv.az\/wp-content\/uploads\/2025\/03\/19a6e53d7fc42aef9809ac2e35399917.png",610,376,false],"2048x2048":["https:\/\/arantv.az\/wp-content\/uploads\/2025\/03\/19a6e53d7fc42aef9809ac2e35399917.png",610,376,false],"post-thumbnail":["https:\/\/arantv.az\/wp-content\/uploads\/2025\/03\/19a6e53d7fc42aef9809ac2e35399917-240x172.png",240,172,true],"advps-thumb-one":["https:\/\/arantv.az\/wp-content\/uploads\/2025\/03\/19a6e53d7fc42aef9809ac2e35399917.png",610,376,false]},"rttpg_author":{"display_name":"V\u00fcsal Rafiqo\u011flu","author_link":"https:\/\/arantv.az\/?author=2"},"rttpg_comment":0,"rttpg_category":"<a href=\"https:\/\/arantv.az\/?cat=1\" rel=\"category\">C\u0259miyy\u0259t<\/a>","rttpg_excerpt":"Metronun &#8220;\u018fhm\u0259dli&#8221; stansiyas\u0131 v\u0259 Z\u0131\u011f q\u0259s\u0259b\u0259si \u00fczr\u0259 h\u0259r\u0259k\u0259t ed\u0259n 183 sayl\u0131 mar\u015frut avtobusunun \u0259yl\u0259cinin xarab ola-ola idar\u0259 edilm\u0259sin\u0259 dair m\u0259lumatlar yay\u0131l\u0131b. Bu bar\u0259d\u0259 &#8220;Qafqazinfo&#8221;nun sor\u011fusuna da\u015f\u0131y\u0131c\u0131 \u015firk\u0259td\u0259n bildirilib ki, g\u00f6r\u00fcnt\u00fcl\u0259rd\u0259 s\u00fcr\u00fcc\u00fcn\u00fcn avtobusu yoldan k\u0259narda, s\u0259ki il\u0259 s\u00fcrm\u0259si \u0259ks olunub. \u0130ddia edilib ki, buna s\u0259b\u0259b ictimai n\u0259qliyyat vasit\u0259sinin \u0259yl\u0259cinin xarab olmas\u0131 olub. M\u0259s\u0259l\u0259 il\u0259 ba\u011fl\u0131 183&hellip;","_links":{"self":[{"href":"https:\/\/arantv.az\/index.php?rest_route=\/wp\/v2\/posts\/794757"}],"collection":[{"href":"https:\/\/arantv.az\/index.php?rest_route=\/wp\/v2\/posts"}],"about":[{"href":"https:\/\/arantv.az\/index.php?rest_route=\/wp\/v2\/types\/post"}],"author":[{"embeddable":true,"href":"https:\/\/arantv.az\/index.php?rest_route=\/wp\/v2\/users\/2"}],"replies":[{"embeddable":true,"href":"https:\/\/arantv.az\/index.php?rest_route=%2Fwp%2Fv2%2Fcomments&post=794757"}],"version-history":[{"count":1,"href":"https:\/\/arantv.az\/index.php?rest_route=\/wp\/v2\/posts\/794757\/revisions"}],"predecessor-version":[{"id":794760,"href":"https:\/\/arantv.az\/index.php?rest_route=\/wp\/v2\/posts\/794757\/revisions\/794760"}],"wp:featuredmedia":[{"embeddable":true,"href":"https:\/\/arantv.az\/index.php?rest_route=\/wp\/v2\/media\/794758"}],"wp:attachment":[{"href":"https:\/\/arantv.az\/index.php?rest_route=%2Fwp%2Fv2%2Fmedia&parent=794757"}],"wp:term":[{"taxonomy":"category","embeddable":true,"href":"https:\/\/arantv.az\/index.php?rest_route=%2Fwp%2Fv2%2Fcategories&post=794757"},{"taxonomy":"post_tag","embeddable":true,"href":"https:\/\/arantv.az\/index.php?rest_route=%2Fwp%2Fv2%2Ftags&post=794757"}],"curies":[{"name":"wp","href":"https:\/\/api.w.org\/{rel}","templated":true}]}}