{"id":794761,"date":"2025-03-19T09:05:17","date_gmt":"2025-03-19T05:05:17","guid":{"rendered":"https:\/\/arantv.az\/?p=794761"},"modified":"2025-03-19T09:05:17","modified_gmt":"2025-03-19T05:05:17","slug":"bakida-q%c9%99dr-gec%c9%99si-kecirilir-fotoreportaj","status":"publish","type":"post","link":"https:\/\/arantv.az\/?p=794761","title":{"rendered":"Bak\u0131da Q\u0259dr gec\u0259si ke\u00e7irilir \u2013 FOTOREPORTAJ"},"content":{"rendered":"<div class=\"text-content\" data-id=\"\" data-url=\"\">\n<p>Bak\u0131da m\u0259scidl\u0259rd\u0259 Q\u0259dr (\u018fhya) gec\u0259si ke\u00e7irilir.<\/p>\n<p>\u201cReport\u201d x\u0259b\u0259r verir ki, ikinci Q\u0259dr gec\u0259si mart\u0131n 20-d\u0259, \u00fc\u00e7\u00fcnc\u00fcs\u00fc 22, sonuncusu is\u0259 26-da olacaq.<\/p>\n<p>Mart\u0131n 30-u v\u0259 31-i Fitr (Ramazan) bayram\u0131d\u0131r. Nazirl\u0259r Kabinetinin m\u00fcvafiq q\u0259rar\u0131na \u0259sas\u0259n, mart\u0131n 30-u v\u0259 31-i Az\u0259rbaycanda Ramazan bayram\u0131 kimi qeyd olunacaq.<\/p>\n<p>Qeyd ed\u0259k ki, m\u0259rh\u0259m\u0259t v\u0259 \u015f\u0259fq\u0259t ay\u0131 olan m\u00fcq\u0259dd\u0259s Ramazan ay\u0131 \u0259rzind\u0259 iftar s\u00fcfr\u0259l\u0259ri a\u00e7maq, yard\u0131m v\u0259 xeyriyy\u0259\u00e7ilik etm\u0259k, ehtiyac\u0131 olanlara, kims\u0259siz insanlara, u\u015faq evl\u0259rin\u0259, ah\u0131l v\u0259 qocalara imkan daxilind\u0259 k\u00f6m\u0259klik g\u00f6st\u0259rm\u0259k Allah n\u0259z\u0259rind\u0259 b\u0259y\u0259nil\u0259n \u0259m\u0259ll\u0259rd\u0259ndir. Quran tilav\u0259ti, valideynl\u0259rin qay\u011f\u0131s\u0131na qalmaq, d\u00fcnyas\u0131n\u0131 d\u0259yi\u015f\u0259nl\u0259rin ruhlar\u0131n\u0131 yad etm\u0259k, elm-irfan v\u0259 ibad\u0259tl\u0259 m\u0259\u015f\u011ful olmaq bu ayda \u0259n b\u00f6y\u00fck savab \u0259m\u0259ll\u0259rd\u0259n say\u0131l\u0131r.<\/p>\n<p>Heyd\u0259r m\u0259scidind\u0259 Q\u0259dr gec\u0259sind\u0259n fotolar\u0131 t\u0259qdim edirik.<\/p>\n<\/div>\n<div>\n<div class=\"form-group\"><img class=\"img-responsive\" src=\"https:\/\/cdn.musavat.com\/news\/images\/Gulnar11\/jjjjjj\/hhhh\/0deb40e4-4a06-3bfb-8b05-0082ba62de21.jpg\" \/><\/div>\n<div class=\"form-group\"><img class=\"img-responsive\" src=\"https:\/\/cdn.musavat.com\/news\/images\/Gulnar11\/jjjjjj\/hhhh\/7e9b38ce-b222-37a5-b664-75e792ea9d1e.jpg\" \/><\/div>\n<div class=\"form-group\"><img class=\"img-responsive\" src=\"https:\/\/cdn.musavat.com\/news\/images\/Gulnar11\/jjjjjj\/hhhh\/462b68f1-1494-30ae-b91a-19de9c0132b9.jpg\" \/><\/div>\n<div class=\"form-group\"><img class=\"img-responsive\" src=\"https:\/\/cdn.musavat.com\/news\/images\/Gulnar11\/jjjjjj\/hhhh\/918825ab-1a67-3aa7-bf74-c3a0bdbd061f.jpg\" \/><\/div>\n<div class=\"form-group\"><img class=\"img-responsive\" src=\"https:\/\/cdn.musavat.com\/news\/images\/Gulnar11\/jjjjjj\/hhhh\/af910106-18f0-3451-87b8-56256cd5b7da.jpg\" \/><\/div>\n<div class=\"form-group\"><img class=\"img-responsive\" src=\"https:\/\/cdn.musavat.com\/news\/images\/Gulnar11\/jjjjjj\/hhhh\/b3f4c0fc-aa46-3726-9b86-a581e53e5573.jpg\" \/><\/div>\n<div class=\"form-group\"><img class=\"img-responsive\" src=\"https:\/\/cdn.musavat.com\/news\/images\/Gulnar11\/jjjjjj\/hhhh\/bd5700d5-290d-3e35-9261-dc2a13fcf8c6.jpg\" \/><\/div>\n<div class=\"form-group\"><img class=\"img-responsive\" src=\"https:\/\/cdn.musavat.com\/news\/images\/Gulnar11\/jjjjjj\/hhhh\/c7abfffe-b616-3d54-81ab-0381860685a2.jpg\" \/><\/div>\n<div class=\"form-group\"><img class=\"img-responsive\" src=\"https:\/\/cdn.musavat.com\/news\/images\/Gulnar11\/jjjjjj\/hhhh\/cb175d99-b6b8-320e-923e-b442bca0d520.jpg\" \/><\/div>\n<div class=\"form-group\"><img class=\"img-responsive\" src=\"https:\/\/cdn.musavat.com\/news\/images\/Gulnar11\/jjjjjj\/hhhh\/d45917a8-1677-3ff8-8a65-25fcd47013e4.jpg\" \/><\/div>\n<div class=\"form-group\"><img class=\"img-responsive\" src=\"https:\/\/cdn.musavat.com\/news\/images\/Gulnar11\/jjjjjj\/hhhh\/fc139784-9b7f-32f7-b3e1-febf321a872c.jpg\" \/><\/div>\n<\/div>\n","protected":false},"excerpt":{"rendered":"<p>Bak\u0131da m\u0259scidl\u0259rd\u0259 Q\u0259dr (\u018fhya) gec\u0259si ke\u00e7irilir. \u201cReport\u201d x\u0259b\u0259r verir ki, ikinci Q\u0259dr gec\u0259si mart\u0131n 20-d\u0259, \u00fc\u00e7\u00fcnc\u00fcs\u00fc 22, sonuncusu is\u0259 26-da olacaq. Mart\u0131n 30-u v\u0259 31-i Fitr (Ramazan) bayram\u0131d\u0131r. Nazirl\u0259r Kabinetinin m\u00fcvafiq q\u0259rar\u0131na \u0259sas\u0259n, mart\u0131n 30-u v\u0259 31-i Az\u0259rbaycanda Ramazan bayram\u0131 kimi qeyd olunacaq. Qeyd ed\u0259k ki, m\u0259rh\u0259m\u0259t v\u0259 \u015f\u0259fq\u0259t ay\u0131 olan m\u00fcq\u0259dd\u0259s Ramazan ay\u0131 \u0259rzind\u0259 iftar s\u00fcfr\u0259l\u0259ri a\u00e7maq, yard\u0131m v\u0259 xeyriyy\u0259\u00e7ilik etm\u0259k, ehtiyac\u0131 olanlara, kims\u0259siz insanlara, u\u015faq evl\u0259rin\u0259, ah\u0131l v\u0259 qocalara imkan daxilind\u0259 k\u00f6m\u0259klik g\u00f6st\u0259rm\u0259k Allah n\u0259z\u0259rind\u0259 b\u0259y\u0259nil\u0259n \u0259m\u0259ll\u0259rd\u0259ndir. Quran tilav\u0259ti, valideynl\u0259rin qay\u011f\u0131s\u0131na qalmaq, d\u00fcnyas\u0131n\u0131 d\u0259yi\u015f\u0259nl\u0259rin ruhlar\u0131n\u0131 yad etm\u0259k, elm-irfan&hellip;<\/p>\n","protected":false},"author":2,"featured_media":794762,"comment_status":"closed","ping_status":"closed","sticky":false,"template":"","format":"standard","meta":{"om_disable_all_campaigns":false,"_monsterinsights_skip_tracking":false,"_monsterinsights_sitenote_active":false,"_monsterinsights_sitenote_note":"","_monsterinsights_sitenote_category":0},"categories":[27],"tags":[],"aioseo_notices":[],"gutentor_comment":0,"rttpg_featured_image_url":{"full":["https:\/\/arantv.az\/wp-content\/uploads\/2025\/03\/9903f49e8504fee2a7060c8050e2f010.jpg",850,500,false],"landscape":["https:\/\/arantv.az\/wp-content\/uploads\/2025\/03\/9903f49e8504fee2a7060c8050e2f010.jpg",850,500,false],"portraits":["https:\/\/arantv.az\/wp-content\/uploads\/2025\/03\/9903f49e8504fee2a7060c8050e2f010.jpg",850,500,false],"thumbnail":["https:\/\/arantv.az\/wp-content\/uploads\/2025\/03\/9903f49e8504fee2a7060c8050e2f010-500x280.jpg",500,280,true],"medium":["https:\/\/arantv.az\/wp-content\/uploads\/2025\/03\/9903f49e8504fee2a7060c8050e2f010-621x365.jpg",621,365,true],"large":["https:\/\/arantv.az\/wp-content\/uploads\/2025\/03\/9903f49e8504fee2a7060c8050e2f010-840x494.jpg",640,376,true],"1536x1536":["https:\/\/arantv.az\/wp-content\/uploads\/2025\/03\/9903f49e8504fee2a7060c8050e2f010.jpg",850,500,false],"2048x2048":["https:\/\/arantv.az\/wp-content\/uploads\/2025\/03\/9903f49e8504fee2a7060c8050e2f010.jpg",850,500,false],"post-thumbnail":["https:\/\/arantv.az\/wp-content\/uploads\/2025\/03\/9903f49e8504fee2a7060c8050e2f010-240x172.jpg",240,172,true],"advps-thumb-one":["https:\/\/arantv.az\/wp-content\/uploads\/2025\/03\/9903f49e8504fee2a7060c8050e2f010.jpg",850,500,false]},"rttpg_author":{"display_name":"V\u00fcsal Rafiqo\u011flu","author_link":"https:\/\/arantv.az\/?author=2"},"rttpg_comment":0,"rttpg_category":"<a href=\"https:\/\/arantv.az\/?cat=27\" rel=\"category\">\u0130SLAM<\/a>","rttpg_excerpt":"Bak\u0131da m\u0259scidl\u0259rd\u0259 Q\u0259dr (\u018fhya) gec\u0259si ke\u00e7irilir. \u201cReport\u201d x\u0259b\u0259r verir ki, ikinci Q\u0259dr gec\u0259si mart\u0131n 20-d\u0259, \u00fc\u00e7\u00fcnc\u00fcs\u00fc 22, sonuncusu is\u0259 26-da olacaq. Mart\u0131n 30-u v\u0259 31-i Fitr (Ramazan) bayram\u0131d\u0131r. Nazirl\u0259r Kabinetinin m\u00fcvafiq q\u0259rar\u0131na \u0259sas\u0259n, mart\u0131n 30-u v\u0259 31-i Az\u0259rbaycanda Ramazan bayram\u0131 kimi qeyd olunacaq. Qeyd ed\u0259k ki, m\u0259rh\u0259m\u0259t v\u0259 \u015f\u0259fq\u0259t ay\u0131 olan m\u00fcq\u0259dd\u0259s Ramazan ay\u0131 \u0259rzind\u0259&hellip;","_links":{"self":[{"href":"https:\/\/arantv.az\/index.php?rest_route=\/wp\/v2\/posts\/794761"}],"collection":[{"href":"https:\/\/arantv.az\/index.php?rest_route=\/wp\/v2\/posts"}],"about":[{"href":"https:\/\/arantv.az\/index.php?rest_route=\/wp\/v2\/types\/post"}],"author":[{"embeddable":true,"href":"https:\/\/arantv.az\/index.php?rest_route=\/wp\/v2\/users\/2"}],"replies":[{"embeddable":true,"href":"https:\/\/arantv.az\/index.php?rest_route=%2Fwp%2Fv2%2Fcomments&post=794761"}],"version-history":[{"count":1,"href":"https:\/\/arantv.az\/index.php?rest_route=\/wp\/v2\/posts\/794761\/revisions"}],"predecessor-version":[{"id":794763,"href":"https:\/\/arantv.az\/index.php?rest_route=\/wp\/v2\/posts\/794761\/revisions\/794763"}],"wp:featuredmedia":[{"embeddable":true,"href":"https:\/\/arantv.az\/index.php?rest_route=\/wp\/v2\/media\/794762"}],"wp:attachment":[{"href":"https:\/\/arantv.az\/index.php?rest_route=%2Fwp%2Fv2%2Fmedia&parent=794761"}],"wp:term":[{"taxonomy":"category","embeddable":true,"href":"https:\/\/arantv.az\/index.php?rest_route=%2Fwp%2Fv2%2Fcategories&post=794761"},{"taxonomy":"post_tag","embeddable":true,"href":"https:\/\/arantv.az\/index.php?rest_route=%2Fwp%2Fv2%2Ftags&post=794761"}],"curies":[{"name":"wp","href":"https:\/\/api.w.org\/{rel}","templated":true}]}}