{"id":79485,"date":"2019-09-17T11:30:47","date_gmt":"2019-09-17T08:30:47","guid":{"rendered":"http:\/\/arantv.az\/?p=79485"},"modified":"2019-09-17T11:30:47","modified_gmt":"2019-09-17T08:30:47","slug":"hikm%c9%99t-haciyev-az%c9%99rbaycan-beyn%c9%99lxalq-enerji-bazarinda-etibarli-t%c9%99r%c9%99fdasdir","status":"publish","type":"post","link":"https:\/\/arantv.az\/?p=79485","title":{"rendered":"Hikm\u0259t Hac\u0131yev: Az\u0259rbaycan beyn\u0259lxalq enerji bazar\u0131nda etibarl\u0131 t\u0259r\u0259fda\u015fd\u0131r"},"content":{"rendered":"<p>Az\u0259rbaycan neft istehsal\u00e7\u0131s\u0131 \u00f6lk\u0259si olmas\u0131na baxmayaraq, uzun ill\u0259r neft bir \u00e7ox hallarda Az\u0259rbaycan xalq\u0131n\u0131n bilavasit\u0259 m\u0259nafeyin\u0259 xidm\u0259t etm\u0259yib.<\/p>\n<p><b>ARANTV.AZ\u00a0<\/b>-\u0131n m\u0259lumat\u0131na g\u00f6r\u0259, bunu \u201c\u018fsrin M\u00fcqavil\u0259si\u201dnin imzalanmas\u0131n\u0131n 25-ci ild\u00f6n\u00fcm\u00fc il\u0259 ba\u011fl\u0131 ke\u00e7iril\u0259n seminardan \u0259vv\u0259l\u00a0Prezident Administrasiyas\u0131n\u0131n Xarici siyas\u0259t m\u0259s\u0259l\u0259l\u0259ri \u015f\u00f6b\u0259sinin m\u00fcdiri Hikm\u0259t Hac\u0131yev jurnalistl\u0259r\u0259 a\u00e7\u0131qlamas\u0131nda deyib.<\/p>\n<p>Onun s\u00f6zl\u0259rin\u0259 g\u00f6r\u0259, \u201c\u018fsrin M\u00fcqavil\u0259si\u201dnin imzalanmas\u0131 il\u0259 yeni bir neft eras\u0131 ba\u015flad\u0131 ki, bunun da n\u0259tic\u0259 etibaril\u0259 m\u0259nf\u0259\u0259tini bilavasit\u0259 Az\u0259rbaycan Respublikas\u0131, Az\u0259rbaycan xalq\u0131 g\u00f6rd\u00fc.<\/p>\n<p>\u201cAz\u0259rbaycan\u0131n h\u0259yata ke\u00e7irdiyi u\u011furlu enerji strategiyas\u0131 \u00f6lk\u0259mizin m\u00fcst\u0259qilliyinin v\u0259\u00a0\u00e7i\u00e7\u0259kl\u0259nm\u0259sinin, iqtisadi inki\u015faf\u0131n\u0131n t\u0259m\u0259li olmaqla b\u0259rab\u0259r beyn\u0259lxalq v\u0259 regional m\u00fcst\u0259vid\u0259 d\u0259 enerji t\u0259hl\u00fck\u0259sizliyin\u0259 ciddi \u015f\u0259kild\u0259 t\u00f6hf\u0259 ver\u0259n bir amil oldu.<\/p>\n<div id=\"AdviadNativeVideo0\" class=\"AdviadNativeVideo\"><\/div>\n<p>Az\u0259rbaycan\u0131n enerji strategiyas\u0131n\u0131n vacib t\u0259m\u0259l prinsipl\u0259rind\u0259n biri d\u0259 onun \u015f\u0259ffaf v\u0259 u\u011furlu \u015f\u0259kild\u0259 idar\u0259 olunmas\u0131 mexanizmidir. Bu g\u00fcn Az\u0259rbaycan\u0131n enerji strategiyas\u0131n\u0131n n\u00f6vb\u0259ti vacib bir t\u0259m\u0259l n\u00f6qt\u0259si var. Az\u0259rbaycan art\u0131q qaz ixrac ed\u0259n \u00f6lk\u0259dir\u201d, &#8211; dey\u0259 H.Hac\u0131yev \u0259lav\u0259 edib.<\/p>\n<p>O bildirib ki, TANAP v\u0259 TAP layih\u0259l\u0259ri art\u0131q \u00f6z\u00fcn\u00fcn icras\u0131n\u0131n son m\u0259rh\u0259l\u0259l\u0259rin\u0259 q\u0259d\u0259m qoymaqdad\u0131r:<\/p>\n<p>\u201cBiz \u00fcmid edirik ki, t\u0259r\u0259f m\u00fcqabill\u0259rimizl\u0259 birlikd\u0259 bu layih\u0259nin d\u0259 tezlikl\u0259 m\u0259ntiqi sonuna \u00e7atd\u0131r\u0131lmas\u0131na nail olaca\u011f\u0131q.\u00a0 Az\u0259rbaycan \u00f6z\u00fcn\u00fcn qaz resurslar\u0131 il\u0259 Avropan\u0131n enerji t\u0259hl\u00fck\u0259sizliyin\u0259 \u00f6z t\u00f6hf\u0259sini ver\u0259c\u0259k. Beyn\u0259lxalq enerji bazar\u0131nda Az\u0259rbaycan etibarl\u0131 t\u0259r\u0259fda\u015f kimi tan\u0131n\u0131r\u201d.oxu.az<\/p>\n","protected":false},"excerpt":{"rendered":"<p>Az\u0259rbaycan neft istehsal\u00e7\u0131s\u0131 \u00f6lk\u0259si olmas\u0131na baxmayaraq, uzun ill\u0259r neft bir \u00e7ox hallarda Az\u0259rbaycan xalq\u0131n\u0131n bilavasit\u0259 m\u0259nafeyin\u0259 xidm\u0259t etm\u0259yib. ARANTV.AZ\u00a0-\u0131n m\u0259lumat\u0131na g\u00f6r\u0259, bunu \u201c\u018fsrin M\u00fcqavil\u0259si\u201dnin imzalanmas\u0131n\u0131n 25-ci ild\u00f6n\u00fcm\u00fc il\u0259 ba\u011fl\u0131 ke\u00e7iril\u0259n seminardan \u0259vv\u0259l\u00a0Prezident Administrasiyas\u0131n\u0131n Xarici siyas\u0259t m\u0259s\u0259l\u0259l\u0259ri \u015f\u00f6b\u0259sinin m\u00fcdiri Hikm\u0259t Hac\u0131yev jurnalistl\u0259r\u0259 a\u00e7\u0131qlamas\u0131nda deyib. Onun s\u00f6zl\u0259rin\u0259 g\u00f6r\u0259, \u201c\u018fsrin M\u00fcqavil\u0259si\u201dnin imzalanmas\u0131 il\u0259 yeni bir neft eras\u0131 ba\u015flad\u0131 ki, bunun da n\u0259tic\u0259 etibaril\u0259 m\u0259nf\u0259\u0259tini bilavasit\u0259 Az\u0259rbaycan Respublikas\u0131, Az\u0259rbaycan xalq\u0131 g\u00f6rd\u00fc. \u201cAz\u0259rbaycan\u0131n h\u0259yata ke\u00e7irdiyi u\u011furlu enerji strategiyas\u0131 \u00f6lk\u0259mizin m\u00fcst\u0259qilliyinin v\u0259\u00a0\u00e7i\u00e7\u0259kl\u0259nm\u0259sinin, iqtisadi inki\u015faf\u0131n\u0131n t\u0259m\u0259li olmaqla b\u0259rab\u0259r beyn\u0259lxalq v\u0259 regional m\u00fcst\u0259vid\u0259 d\u0259 enerji t\u0259hl\u00fck\u0259sizliyin\u0259 ciddi \u015f\u0259kild\u0259&hellip;<\/p>\n","protected":false},"author":2,"featured_media":79486,"comment_status":"closed","ping_status":"closed","sticky":false,"template":"","format":"standard","meta":{"om_disable_all_campaigns":false,"_monsterinsights_skip_tracking":false,"_monsterinsights_sitenote_active":false,"_monsterinsights_sitenote_note":"","_monsterinsights_sitenote_category":0},"categories":[19],"tags":[],"aioseo_notices":[],"gutentor_comment":0,"rttpg_featured_image_url":{"full":["https:\/\/arantv.az\/wp-content\/uploads\/2019\/09\/hikmet.jpg",620,413,false],"landscape":["https:\/\/arantv.az\/wp-content\/uploads\/2019\/09\/hikmet.jpg",620,413,false],"portraits":["https:\/\/arantv.az\/wp-content\/uploads\/2019\/09\/hikmet.jpg",620,413,false],"thumbnail":["https:\/\/arantv.az\/wp-content\/uploads\/2019\/09\/hikmet-150x150.jpg",150,150,true],"medium":["https:\/\/arantv.az\/wp-content\/uploads\/2019\/09\/hikmet-300x200.jpg",300,200,true],"large":["https:\/\/arantv.az\/wp-content\/uploads\/2019\/09\/hikmet.jpg",620,413,false],"1536x1536":["https:\/\/arantv.az\/wp-content\/uploads\/2019\/09\/hikmet.jpg",620,413,false],"2048x2048":["https:\/\/arantv.az\/wp-content\/uploads\/2019\/09\/hikmet.jpg",620,413,false],"post-thumbnail":["https:\/\/arantv.az\/wp-content\/uploads\/2019\/09\/hikmet-240x172.jpg",240,172,true],"advps-thumb-one":["https:\/\/arantv.az\/wp-content\/uploads\/2019\/09\/hikmet.jpg",620,413,false]},"rttpg_author":{"display_name":"V\u00fcsal Rafiqo\u011flu","author_link":"https:\/\/arantv.az\/?author=2"},"rttpg_comment":0,"rttpg_category":"<a href=\"https:\/\/arantv.az\/?cat=19\" rel=\"category\">G\u00fcnd\u0259m<\/a>","rttpg_excerpt":"Az\u0259rbaycan neft istehsal\u00e7\u0131s\u0131 \u00f6lk\u0259si olmas\u0131na baxmayaraq, uzun ill\u0259r neft bir \u00e7ox hallarda Az\u0259rbaycan xalq\u0131n\u0131n bilavasit\u0259 m\u0259nafeyin\u0259 xidm\u0259t etm\u0259yib. ARANTV.AZ\u00a0-\u0131n m\u0259lumat\u0131na g\u00f6r\u0259, bunu \u201c\u018fsrin M\u00fcqavil\u0259si\u201dnin imzalanmas\u0131n\u0131n 25-ci ild\u00f6n\u00fcm\u00fc il\u0259 ba\u011fl\u0131 ke\u00e7iril\u0259n seminardan \u0259vv\u0259l\u00a0Prezident Administrasiyas\u0131n\u0131n Xarici siyas\u0259t m\u0259s\u0259l\u0259l\u0259ri \u015f\u00f6b\u0259sinin m\u00fcdiri Hikm\u0259t Hac\u0131yev jurnalistl\u0259r\u0259 a\u00e7\u0131qlamas\u0131nda deyib. Onun s\u00f6zl\u0259rin\u0259 g\u00f6r\u0259, \u201c\u018fsrin M\u00fcqavil\u0259si\u201dnin imzalanmas\u0131 il\u0259 yeni bir neft eras\u0131 ba\u015flad\u0131&hellip;","_links":{"self":[{"href":"https:\/\/arantv.az\/index.php?rest_route=\/wp\/v2\/posts\/79485"}],"collection":[{"href":"https:\/\/arantv.az\/index.php?rest_route=\/wp\/v2\/posts"}],"about":[{"href":"https:\/\/arantv.az\/index.php?rest_route=\/wp\/v2\/types\/post"}],"author":[{"embeddable":true,"href":"https:\/\/arantv.az\/index.php?rest_route=\/wp\/v2\/users\/2"}],"replies":[{"embeddable":true,"href":"https:\/\/arantv.az\/index.php?rest_route=%2Fwp%2Fv2%2Fcomments&post=79485"}],"version-history":[{"count":0,"href":"https:\/\/arantv.az\/index.php?rest_route=\/wp\/v2\/posts\/79485\/revisions"}],"wp:featuredmedia":[{"embeddable":true,"href":"https:\/\/arantv.az\/index.php?rest_route=\/wp\/v2\/media\/79486"}],"wp:attachment":[{"href":"https:\/\/arantv.az\/index.php?rest_route=%2Fwp%2Fv2%2Fmedia&parent=79485"}],"wp:term":[{"taxonomy":"category","embeddable":true,"href":"https:\/\/arantv.az\/index.php?rest_route=%2Fwp%2Fv2%2Fcategories&post=79485"},{"taxonomy":"post_tag","embeddable":true,"href":"https:\/\/arantv.az\/index.php?rest_route=%2Fwp%2Fv2%2Ftags&post=79485"}],"curies":[{"name":"wp","href":"https:\/\/api.w.org\/{rel}","templated":true}]}}