{"id":79489,"date":"2019-09-17T11:34:55","date_gmt":"2019-09-17T08:34:55","guid":{"rendered":"http:\/\/arantv.az\/?p=79489"},"modified":"2019-09-17T11:34:55","modified_gmt":"2019-09-17T08:34:55","slug":"ozunum%c9%99sgulluq-proqramlarina-c%c9%99lb-edil%c9%99nl%c9%99rin-sayi-aciqlandi","status":"publish","type":"post","link":"https:\/\/arantv.az\/?p=79489","title":{"rendered":"\u00d6z\u00fcn\u00fcm\u0259\u015f\u011fulluq proqramlar\u0131na c\u0259lb edil\u0259nl\u0259rin say\u0131 a\u00e7\u0131qland\u0131"},"content":{"rendered":"<p>\u00d6z\u00fcn\u00fcm\u0259\u015f\u011fulluq proqram\u0131 2018-ci ild\u0259 6,5 d\u0259f\u0259 geni\u015fl\u0259ndirilib v\u0259 7267 n\u0259f\u0259r \u00f6z\u00fcn\u00fcm\u0259\u015f\u011fullu\u011fa c\u0259lb edilib.<\/p>\n<p><b>ARANTV.AZ<\/b>-\u0131n m\u0259lumat\u0131na g\u00f6r\u0259, bunu DOST agentliyind\u0259 ke\u00e7iril\u0259n m\u0259tbuat konfrans\u0131nda \u018fm\u0259k v\u0259 \u018fhalinin Sosial M\u00fcdafi\u0259si nazirinin m\u00fcavini Anar \u018fliyev bildirib.<\/p>\n<p>Onun s\u00f6zl\u0259rin\u0259 g\u00f6r\u0259, 2019-cu ild\u0259 is\u0259 \u00f6z\u00fcn\u00fcm\u0259\u015f\u011fulluq proqram\u0131na 10 min ail\u0259nin c\u0259lb edilm\u0259si n\u0259z\u0259rd\u0259 tutulub:<\/p>\n<div id=\"AdviadNativeVideo0\" class=\"AdviadNativeVideo\"><\/div>\n<p>\u201cBu ilin s\u0259kkiz ay\u0131 \u0259rzind\u0259 art\u0131q 4589 n\u0259f\u0259r proqram t\u0259r\u0259find\u0259n t\u0259liml\u0259r\u0259 c\u0259lb edilib v\u0259 3052 n\u0259f\u0259r t\u0259liml\u0259ri bitirib. Proqrama c\u0259lb edil\u0259nl\u0259rin 16,4 faizi Bak\u0131 v\u0259 Sumqay\u0131t \u015f\u0259h\u0259rl\u0259rinin, 83,6 faizi dig\u0259r \u015f\u0259h\u0259r v\u0259 rayonlar\u0131n pay\u0131na d\u00fc\u015f\u00fcr\u201d.<\/p>\n<p>Nazir m\u00fcavini qeyd edib ki, \u00f6z\u00fcn\u00fcm\u0259\u015f\u011fulluq proqram i\u015ftirak\u00e7\u0131lar\u0131n\u0131n 47 faiz\u0259 q\u0259d\u0259rini sosial m\u00fcdafiy\u0259y\u0259 x\u00fcsusi ehtiyac\u0131 olan h\u0259ssas \u0259hali qruplar\u0131na aid \u015f\u0259xsl\u0259r t\u0259\u015fkil edir:<\/p>\n<p>\u201cBu ilin s\u0259kkiz\u00a0ay\u0131nda proqrama c\u0259lb olunanlar s\u0131ras\u0131nda h\u0259ssas kateqoriyalar\u0131ndan olan \u015f\u0259xsl\u0259r 2555 n\u0259f\u0259rdir. Art\u0131q bu ilin \u00f6t\u0259n d\u00f6vr\u00fcnd\u0259 2500-\u0259 yax\u0131n i\u015ftirak\u00e7\u0131 aktivl\u0259rl\u0259 t\u0259min edilib\u201d.oxu.az<\/p>\n","protected":false},"excerpt":{"rendered":"<p>\u00d6z\u00fcn\u00fcm\u0259\u015f\u011fulluq proqram\u0131 2018-ci ild\u0259 6,5 d\u0259f\u0259 geni\u015fl\u0259ndirilib v\u0259 7267 n\u0259f\u0259r \u00f6z\u00fcn\u00fcm\u0259\u015f\u011fullu\u011fa c\u0259lb edilib. ARANTV.AZ-\u0131n m\u0259lumat\u0131na g\u00f6r\u0259, bunu DOST agentliyind\u0259 ke\u00e7iril\u0259n m\u0259tbuat konfrans\u0131nda \u018fm\u0259k v\u0259 \u018fhalinin Sosial M\u00fcdafi\u0259si nazirinin m\u00fcavini Anar \u018fliyev bildirib. Onun s\u00f6zl\u0259rin\u0259 g\u00f6r\u0259, 2019-cu ild\u0259 is\u0259 \u00f6z\u00fcn\u00fcm\u0259\u015f\u011fulluq proqram\u0131na 10 min ail\u0259nin c\u0259lb edilm\u0259si n\u0259z\u0259rd\u0259 tutulub: \u201cBu ilin s\u0259kkiz ay\u0131 \u0259rzind\u0259 art\u0131q 4589 n\u0259f\u0259r proqram t\u0259r\u0259find\u0259n t\u0259liml\u0259r\u0259 c\u0259lb edilib v\u0259 3052 n\u0259f\u0259r t\u0259liml\u0259ri bitirib. Proqrama c\u0259lb edil\u0259nl\u0259rin 16,4 faizi Bak\u0131 v\u0259 Sumqay\u0131t \u015f\u0259h\u0259rl\u0259rinin, 83,6 faizi dig\u0259r \u015f\u0259h\u0259r v\u0259 rayonlar\u0131n pay\u0131na d\u00fc\u015f\u00fcr\u201d. Nazir m\u00fcavini qeyd edib ki, \u00f6z\u00fcn\u00fcm\u0259\u015f\u011fulluq proqram i\u015ftirak\u00e7\u0131lar\u0131n\u0131n&hellip;<\/p>\n","protected":false},"author":2,"featured_media":79492,"comment_status":"closed","ping_status":"closed","sticky":false,"template":"","format":"standard","meta":{"om_disable_all_campaigns":false,"_monsterinsights_skip_tracking":false,"_monsterinsights_sitenote_active":false,"_monsterinsights_sitenote_note":"","_monsterinsights_sitenote_category":0},"categories":[1],"tags":[],"aioseo_notices":[],"gutentor_comment":0,"rttpg_featured_image_url":{"full":["https:\/\/arantv.az\/wp-content\/uploads\/2019\/09\/1568706010.9935.jpg",600,418,false],"landscape":["https:\/\/arantv.az\/wp-content\/uploads\/2019\/09\/1568706010.9935.jpg",600,418,false],"portraits":["https:\/\/arantv.az\/wp-content\/uploads\/2019\/09\/1568706010.9935.jpg",600,418,false],"thumbnail":["https:\/\/arantv.az\/wp-content\/uploads\/2019\/09\/1568706010.9935-150x150.jpg",150,150,true],"medium":["https:\/\/arantv.az\/wp-content\/uploads\/2019\/09\/1568706010.9935-300x209.jpg",300,209,true],"large":["https:\/\/arantv.az\/wp-content\/uploads\/2019\/09\/1568706010.9935.jpg",600,418,false],"1536x1536":["https:\/\/arantv.az\/wp-content\/uploads\/2019\/09\/1568706010.9935.jpg",600,418,false],"2048x2048":["https:\/\/arantv.az\/wp-content\/uploads\/2019\/09\/1568706010.9935.jpg",600,418,false],"post-thumbnail":["https:\/\/arantv.az\/wp-content\/uploads\/2019\/09\/1568706010.9935-240x172.jpg",240,172,true],"advps-thumb-one":["https:\/\/arantv.az\/wp-content\/uploads\/2019\/09\/1568706010.9935.jpg",600,418,false]},"rttpg_author":{"display_name":"V\u00fcsal Rafiqo\u011flu","author_link":"https:\/\/arantv.az\/?author=2"},"rttpg_comment":0,"rttpg_category":"<a href=\"https:\/\/arantv.az\/?cat=1\" rel=\"category\">C\u0259miyy\u0259t<\/a>","rttpg_excerpt":"\u00d6z\u00fcn\u00fcm\u0259\u015f\u011fulluq proqram\u0131 2018-ci ild\u0259 6,5 d\u0259f\u0259 geni\u015fl\u0259ndirilib v\u0259 7267 n\u0259f\u0259r \u00f6z\u00fcn\u00fcm\u0259\u015f\u011fullu\u011fa c\u0259lb edilib. ARANTV.AZ-\u0131n m\u0259lumat\u0131na g\u00f6r\u0259, bunu DOST agentliyind\u0259 ke\u00e7iril\u0259n m\u0259tbuat konfrans\u0131nda \u018fm\u0259k v\u0259 \u018fhalinin Sosial M\u00fcdafi\u0259si nazirinin m\u00fcavini Anar \u018fliyev bildirib. Onun s\u00f6zl\u0259rin\u0259 g\u00f6r\u0259, 2019-cu ild\u0259 is\u0259 \u00f6z\u00fcn\u00fcm\u0259\u015f\u011fulluq proqram\u0131na 10 min ail\u0259nin c\u0259lb edilm\u0259si n\u0259z\u0259rd\u0259 tutulub: \u201cBu ilin s\u0259kkiz ay\u0131 \u0259rzind\u0259 art\u0131q 4589 n\u0259f\u0259r&hellip;","_links":{"self":[{"href":"https:\/\/arantv.az\/index.php?rest_route=\/wp\/v2\/posts\/79489"}],"collection":[{"href":"https:\/\/arantv.az\/index.php?rest_route=\/wp\/v2\/posts"}],"about":[{"href":"https:\/\/arantv.az\/index.php?rest_route=\/wp\/v2\/types\/post"}],"author":[{"embeddable":true,"href":"https:\/\/arantv.az\/index.php?rest_route=\/wp\/v2\/users\/2"}],"replies":[{"embeddable":true,"href":"https:\/\/arantv.az\/index.php?rest_route=%2Fwp%2Fv2%2Fcomments&post=79489"}],"version-history":[{"count":0,"href":"https:\/\/arantv.az\/index.php?rest_route=\/wp\/v2\/posts\/79489\/revisions"}],"wp:featuredmedia":[{"embeddable":true,"href":"https:\/\/arantv.az\/index.php?rest_route=\/wp\/v2\/media\/79492"}],"wp:attachment":[{"href":"https:\/\/arantv.az\/index.php?rest_route=%2Fwp%2Fv2%2Fmedia&parent=79489"}],"wp:term":[{"taxonomy":"category","embeddable":true,"href":"https:\/\/arantv.az\/index.php?rest_route=%2Fwp%2Fv2%2Fcategories&post=79489"},{"taxonomy":"post_tag","embeddable":true,"href":"https:\/\/arantv.az\/index.php?rest_route=%2Fwp%2Fv2%2Ftags&post=79489"}],"curies":[{"name":"wp","href":"https:\/\/api.w.org\/{rel}","templated":true}]}}