{"id":79495,"date":"2019-09-17T11:35:57","date_gmt":"2019-09-17T08:35:57","guid":{"rendered":"http:\/\/arantv.az\/?p=79495"},"modified":"2019-09-17T11:35:57","modified_gmt":"2019-09-17T08:35:57","slug":"pa-r%c9%99smisi-az%c9%99rbaycan-ktmt-y%c9%99-muraci%c9%99t-etm%c9%99yib","status":"publish","type":"post","link":"https:\/\/arantv.az\/?p=79495","title":{"rendered":"PA r\u0259smisi: Az\u0259rbaycan KTMT-y\u0259 m\u00fcraci\u0259t etm\u0259yib"},"content":{"rendered":"<p>Az\u0259rbaycan\u0131n Kollektiv T\u0259hl\u00fck\u0259sizlik M\u00fcqavil\u0259si T\u0259\u015fkilat\u0131na h\u0259r hans\u0131 status \u00fc\u00e7\u00fcn m\u00fcraci\u0259t etm\u0259yib.<\/p>\n<p><strong>ARANTV.AZ<\/strong>-\u0131n m\u0259lumat\u0131na g\u00f6r\u0259, bunu Prezident Administrasiyas\u0131n\u0131n Xarici siyas\u0259t m\u0259s\u0259l\u0259l\u0259ri \u015f\u00f6b\u0259sinin m\u00fcdiri Hikm\u0259t Hac\u0131yev deyib.<\/p>\n<div id=\"AdviadNativeVideo0\" class=\"AdviadNativeVideo\"><\/div>\n<p>O qeyd edib ki, Erm\u0259nistan\u0131n m\u00fcxt\u0259lif s\u0259viyy\u0259l\u0259rd\u0259 fobiyas\u0131 var.<\/p>\n<p>\u201cAz\u0259rbaycan t\u0259r\u0259fi m\u00fcraci\u0259t etm\u0259s\u0259 d\u0259, Erm\u0259nistan \u00f6z\u00fcn\u00fcn fobiyalar\u0131 v\u0259 kompleksl\u0259rind\u0259n ir\u0259li g\u0259l\u0259r\u0259k h\u0259r bir m\u0259s\u0259l\u0259ni diplomatik \u00e7\u0259r\u00e7iv\u0259d\u0259n k\u0259narda m\u00fczakir\u0259 etm\u0259y\u0259 \u00e7al\u0131\u015f\u0131r\u201d.oxu.az<\/p>\n","protected":false},"excerpt":{"rendered":"<p>Az\u0259rbaycan\u0131n Kollektiv T\u0259hl\u00fck\u0259sizlik M\u00fcqavil\u0259si T\u0259\u015fkilat\u0131na h\u0259r hans\u0131 status \u00fc\u00e7\u00fcn m\u00fcraci\u0259t etm\u0259yib. ARANTV.AZ-\u0131n m\u0259lumat\u0131na g\u00f6r\u0259, bunu Prezident Administrasiyas\u0131n\u0131n Xarici siyas\u0259t m\u0259s\u0259l\u0259l\u0259ri \u015f\u00f6b\u0259sinin m\u00fcdiri Hikm\u0259t Hac\u0131yev deyib. O qeyd edib ki, Erm\u0259nistan\u0131n m\u00fcxt\u0259lif s\u0259viyy\u0259l\u0259rd\u0259 fobiyas\u0131 var. \u201cAz\u0259rbaycan t\u0259r\u0259fi m\u00fcraci\u0259t etm\u0259s\u0259 d\u0259, Erm\u0259nistan \u00f6z\u00fcn\u00fcn fobiyalar\u0131 v\u0259 kompleksl\u0259rind\u0259n ir\u0259li g\u0259l\u0259r\u0259k h\u0259r bir m\u0259s\u0259l\u0259ni diplomatik \u00e7\u0259r\u00e7iv\u0259d\u0259n k\u0259narda m\u00fczakir\u0259 etm\u0259y\u0259 \u00e7al\u0131\u015f\u0131r\u201d.oxu.az<\/p>\n","protected":false},"author":2,"featured_media":79496,"comment_status":"closed","ping_status":"closed","sticky":false,"template":"","format":"standard","meta":{"om_disable_all_campaigns":false,"_monsterinsights_skip_tracking":false,"_monsterinsights_sitenote_active":false,"_monsterinsights_sitenote_note":"","_monsterinsights_sitenote_category":0},"categories":[4],"tags":[],"aioseo_notices":[],"gutentor_comment":0,"rttpg_featured_image_url":{"full":["https:\/\/arantv.az\/wp-content\/uploads\/2019\/09\/hikm\u00c9_t.jpg",620,413,false],"landscape":["https:\/\/arantv.az\/wp-content\/uploads\/2019\/09\/hikm\u00c9_t.jpg",620,413,false],"portraits":["https:\/\/arantv.az\/wp-content\/uploads\/2019\/09\/hikm\u00c9_t.jpg",620,413,false],"thumbnail":["https:\/\/arantv.az\/wp-content\/uploads\/2019\/09\/hikm\u00c9_t-150x150.jpg",150,150,true],"medium":["https:\/\/arantv.az\/wp-content\/uploads\/2019\/09\/hikm\u00c9_t-300x200.jpg",300,200,true],"large":["https:\/\/arantv.az\/wp-content\/uploads\/2019\/09\/hikm\u00c9_t.jpg",620,413,false],"1536x1536":["https:\/\/arantv.az\/wp-content\/uploads\/2019\/09\/hikm\u00c9_t.jpg",620,413,false],"2048x2048":["https:\/\/arantv.az\/wp-content\/uploads\/2019\/09\/hikm\u00c9_t.jpg",620,413,false],"post-thumbnail":["https:\/\/arantv.az\/wp-content\/uploads\/2019\/09\/hikm\u00c9_t-240x172.jpg",240,172,true],"advps-thumb-one":["https:\/\/arantv.az\/wp-content\/uploads\/2019\/09\/hikm\u00c9_t.jpg",620,413,false]},"rttpg_author":{"display_name":"V\u00fcsal Rafiqo\u011flu","author_link":"https:\/\/arantv.az\/?author=2"},"rttpg_comment":0,"rttpg_category":"<a href=\"https:\/\/arantv.az\/?cat=4\" rel=\"category\">Siyas\u0259t<\/a>","rttpg_excerpt":"Az\u0259rbaycan\u0131n Kollektiv T\u0259hl\u00fck\u0259sizlik M\u00fcqavil\u0259si T\u0259\u015fkilat\u0131na h\u0259r hans\u0131 status \u00fc\u00e7\u00fcn m\u00fcraci\u0259t etm\u0259yib. ARANTV.AZ-\u0131n m\u0259lumat\u0131na g\u00f6r\u0259, bunu Prezident Administrasiyas\u0131n\u0131n Xarici siyas\u0259t m\u0259s\u0259l\u0259l\u0259ri \u015f\u00f6b\u0259sinin m\u00fcdiri Hikm\u0259t Hac\u0131yev deyib. O qeyd edib ki, Erm\u0259nistan\u0131n m\u00fcxt\u0259lif s\u0259viyy\u0259l\u0259rd\u0259 fobiyas\u0131 var. \u201cAz\u0259rbaycan t\u0259r\u0259fi m\u00fcraci\u0259t etm\u0259s\u0259 d\u0259, Erm\u0259nistan \u00f6z\u00fcn\u00fcn fobiyalar\u0131 v\u0259 kompleksl\u0259rind\u0259n ir\u0259li g\u0259l\u0259r\u0259k h\u0259r bir m\u0259s\u0259l\u0259ni diplomatik \u00e7\u0259r\u00e7iv\u0259d\u0259n k\u0259narda m\u00fczakir\u0259 etm\u0259y\u0259 \u00e7al\u0131\u015f\u0131r\u201d.oxu.az","_links":{"self":[{"href":"https:\/\/arantv.az\/index.php?rest_route=\/wp\/v2\/posts\/79495"}],"collection":[{"href":"https:\/\/arantv.az\/index.php?rest_route=\/wp\/v2\/posts"}],"about":[{"href":"https:\/\/arantv.az\/index.php?rest_route=\/wp\/v2\/types\/post"}],"author":[{"embeddable":true,"href":"https:\/\/arantv.az\/index.php?rest_route=\/wp\/v2\/users\/2"}],"replies":[{"embeddable":true,"href":"https:\/\/arantv.az\/index.php?rest_route=%2Fwp%2Fv2%2Fcomments&post=79495"}],"version-history":[{"count":0,"href":"https:\/\/arantv.az\/index.php?rest_route=\/wp\/v2\/posts\/79495\/revisions"}],"wp:featuredmedia":[{"embeddable":true,"href":"https:\/\/arantv.az\/index.php?rest_route=\/wp\/v2\/media\/79496"}],"wp:attachment":[{"href":"https:\/\/arantv.az\/index.php?rest_route=%2Fwp%2Fv2%2Fmedia&parent=79495"}],"wp:term":[{"taxonomy":"category","embeddable":true,"href":"https:\/\/arantv.az\/index.php?rest_route=%2Fwp%2Fv2%2Fcategories&post=79495"},{"taxonomy":"post_tag","embeddable":true,"href":"https:\/\/arantv.az\/index.php?rest_route=%2Fwp%2Fv2%2Ftags&post=79495"}],"curies":[{"name":"wp","href":"https:\/\/api.w.org\/{rel}","templated":true}]}}