{"id":794971,"date":"2025-03-20T17:21:24","date_gmt":"2025-03-20T13:21:24","guid":{"rendered":"https:\/\/arantv.az\/?p=794971"},"modified":"2025-03-20T17:21:24","modified_gmt":"2025-03-20T13:21:24","slug":"az%c9%99rbaycan-ordusunda-novruz-bayrami-munasib%c9%99til%c9%99-silsil%c9%99-t%c9%99dbirl%c9%99r-kecirilib","status":"publish","type":"post","link":"https:\/\/arantv.az\/?p=794971","title":{"rendered":"Az\u0259rbaycan Ordusunda Novruz bayram\u0131 m\u00fcnasib\u0259til\u0259 silsil\u0259 t\u0259dbirl\u0259r ke\u00e7irilib"},"content":{"rendered":"<p>M\u00fcdafi\u0259 naziri general-polkovnik Zakir H\u0259s\u0259novun t\u0259sdiq etdiyi t\u0259dbirl\u0259r plan\u0131na \u0259sas\u0259n, Az\u0259rbaycan Ordusunun qo\u015fun n\u00f6vl\u0259ri, \u018flahidd\u0259 \u00dcmumqo\u015fun Ordu, h\u0259rbi birlik v\u0259 birl\u0259\u015fm\u0259, el\u0259c\u0259 d\u0259 x\u00fcsusi t\u0259yinatl\u0131 t\u0259hsil m\u00fc\u0259ssis\u0259l\u0259rind\u0259 Novruz bayram\u0131 il\u0259 \u0259laq\u0259dar silsil\u0259 t\u0259dbirl\u0259r ke\u00e7irilib.<\/p>\n<p>Bu bar\u0259d\u0259 &#8220;\u0130ki sahil&#8221;\u0259\u00a0M\u00fcdafi\u0259 Nazirliyinin m\u0259tbuat xidm\u0259tind\u0259n m\u0259lumat verilib.<\/p>\n<p>T\u0259dbirl\u0259rd\u0259 \u00dcmummilli Lider Heyd\u0259r \u018fliyevin \u015f\u0259hidl\u0259rimizin \u0259ziz xatir\u0259si bir d\u0259qiq\u0259lik s\u00fckutla yad edilib. H\u0259rbi orkestrl\u0259rin m\u00fc\u015fayi\u0259ti il\u0259 Az\u0259rbaycan Respublikas\u0131n\u0131n D\u00f6vl\u0259t Himni ifa olunub.<\/p>\n<p>Bayram t\u0259dbirl\u0259rind\u0259 \u00e7\u0131x\u0131\u015f ed\u0259nl\u0259r yaz\u0131n g\u0259li\u015finin \u00f6lk\u0259mizd\u0259 sevinc, co\u015fqu v\u0259 t\u0259nt\u0259n\u0259 il\u0259 qeyd edilm\u0259sind\u0259n, Novruz \u0259n\u0259n\u0259l\u0259rinin tarixind\u0259n, milli-m\u0259n\u0259vi d\u0259y\u0259rl\u0259rimizd\u0259n s\u00f6hb\u0259t a\u00e7\u0131blar.<\/p>\n<p>\u0130\u015f\u011faldan azad edilmi\u015f, el\u0259c\u0259 d\u0259 dig\u0259r \u0259razil\u0259rd\u0259 dislokasiya olunmu\u015f h\u0259rbi hiss\u0259l\u0259rd\u0259 milli-m\u0259n\u0259vi d\u0259y\u0259rl\u0259rimizin t\u0259bli\u011fi, \u015f\u0259xsi hey\u0259tin d\u00f6y\u00fc\u015f ruhunun v\u0259 v\u0259t\u0259np\u0259rv\u0259rlik hissinin daha da art\u0131r\u0131lmas\u0131 m\u0259qs\u0259dil\u0259 ke\u00e7iril\u0259n t\u0259dbirl\u0259rd\u0259 d\u00f6vl\u0259timizin ba\u015f\u00e7\u0131s\u0131n\u0131n v\u0259 m\u00fcdafi\u0259 nazirinin t\u0259brikl\u0259ri \u015f\u0259xsi hey\u0259t\u0259 \u00e7atd\u0131r\u0131l\u0131b.<\/p>\n<p>T\u0259dbirl\u0259rd\u0259 M\u00fcdafi\u0259 Nazirliyinin \u018flahidd\u0259 N\u00fcmun\u0259vi Orkestrinin estrada hey\u0259tinin, H\u0259zi Aslanov ad\u0131na Ordu \u0130deoloji v\u0259 M\u0259d\u0259niyy\u0259t M\u0259rk\u0259zinin, G\u0259nc\u0259 Qarnizonu \u0130deoloji v\u0259 M\u0259d\u0259niyy\u0259t M\u0259rk\u0259zinin, h\u0259m\u00e7inin rayon m\u0259d\u0259niyy\u0259t \u015f\u00f6b\u0259l\u0259ri kollektivl\u0259rinin i\u015ftirak\u0131 il\u0259 konsert proqramlar\u0131 t\u0259qdim olunub. Xidm\u0259td\u0259 f\u0259rql\u0259n\u0259n h\u0259rbi qulluq\u00e7ular m\u00fckafatland\u0131r\u0131l\u0131blar.<\/p>\n<p>H\u0259m\u00e7inin \u015f\u0259xsi hey\u0259t t\u0259r\u0259find\u0259n \u015f\u0259hidl\u0259rimizin m\u0259zarlar\u0131 ziyar\u0259t olunub, h\u0259rbi qulluq\u00e7ular \u015f\u0259hid ail\u0259l\u0259rin\u0259 ba\u015f \u00e7\u0259k\u0259r\u0259k onlar\u0131n qay\u011f\u0131 v\u0259 ist\u0259kl\u0259ri il\u0259 maraqlan\u0131b, bayram sovqatlar\u0131 t\u0259qdim edibl\u0259r.<\/p>\n<p>G\u00f6r\u00fc\u015fl\u0259rd\u0259 d\u00f6vl\u0259timiz t\u0259r\u0259find\u0259n \u015f\u0259hidl\u0259rimizin xatir\u0259sinin h\u0259r zaman uca tutuldu\u011fu, onlar\u0131n ail\u0259 \u00fczvl\u0259rinin y\u00fcks\u0259k diqq\u0259t v\u0259 qay\u011f\u0131 il\u0259 \u0259hat\u0259 olundu\u011fu x\u00fcsusi qeyd olunub.<\/p>\n","protected":false},"excerpt":{"rendered":"<p>M\u00fcdafi\u0259 naziri general-polkovnik Zakir H\u0259s\u0259novun t\u0259sdiq etdiyi t\u0259dbirl\u0259r plan\u0131na \u0259sas\u0259n, Az\u0259rbaycan Ordusunun qo\u015fun n\u00f6vl\u0259ri, \u018flahidd\u0259 \u00dcmumqo\u015fun Ordu, h\u0259rbi birlik v\u0259 birl\u0259\u015fm\u0259, el\u0259c\u0259 d\u0259 x\u00fcsusi t\u0259yinatl\u0131 t\u0259hsil m\u00fc\u0259ssis\u0259l\u0259rind\u0259 Novruz bayram\u0131 il\u0259 \u0259laq\u0259dar silsil\u0259 t\u0259dbirl\u0259r ke\u00e7irilib. Bu bar\u0259d\u0259 &#8220;\u0130ki sahil&#8221;\u0259\u00a0M\u00fcdafi\u0259 Nazirliyinin m\u0259tbuat xidm\u0259tind\u0259n m\u0259lumat verilib. T\u0259dbirl\u0259rd\u0259 \u00dcmummilli Lider Heyd\u0259r \u018fliyevin \u015f\u0259hidl\u0259rimizin \u0259ziz xatir\u0259si bir d\u0259qiq\u0259lik s\u00fckutla yad edilib. H\u0259rbi orkestrl\u0259rin m\u00fc\u015fayi\u0259ti il\u0259 Az\u0259rbaycan Respublikas\u0131n\u0131n D\u00f6vl\u0259t Himni ifa olunub. Bayram t\u0259dbirl\u0259rind\u0259 \u00e7\u0131x\u0131\u015f ed\u0259nl\u0259r yaz\u0131n g\u0259li\u015finin \u00f6lk\u0259mizd\u0259 sevinc, co\u015fqu v\u0259 t\u0259nt\u0259n\u0259 il\u0259 qeyd edilm\u0259sind\u0259n, Novruz \u0259n\u0259n\u0259l\u0259rinin tarixind\u0259n, milli-m\u0259n\u0259vi d\u0259y\u0259rl\u0259rimizd\u0259n s\u00f6hb\u0259t a\u00e7\u0131blar. \u0130\u015f\u011faldan azad edilmi\u015f,&hellip;<\/p>\n","protected":false},"author":2,"featured_media":794972,"comment_status":"closed","ping_status":"closed","sticky":false,"template":"","format":"standard","meta":{"om_disable_all_campaigns":false,"_monsterinsights_skip_tracking":false,"_monsterinsights_sitenote_active":false,"_monsterinsights_sitenote_note":"","_monsterinsights_sitenote_category":0},"categories":[10],"tags":[],"aioseo_notices":[],"gutentor_comment":0,"rttpg_featured_image_url":{"full":["https:\/\/arantv.az\/wp-content\/uploads\/2025\/03\/0c9ebb2d17424747392327693741011113.jpg",975,540,false],"landscape":["https:\/\/arantv.az\/wp-content\/uploads\/2025\/03\/0c9ebb2d17424747392327693741011113.jpg",975,540,false],"portraits":["https:\/\/arantv.az\/wp-content\/uploads\/2025\/03\/0c9ebb2d17424747392327693741011113.jpg",975,540,false],"thumbnail":["https:\/\/arantv.az\/wp-content\/uploads\/2025\/03\/0c9ebb2d17424747392327693741011113-500x280.jpg",500,280,true],"medium":["https:\/\/arantv.az\/wp-content\/uploads\/2025\/03\/0c9ebb2d17424747392327693741011113-660x365.jpg",660,365,true],"large":["https:\/\/arantv.az\/wp-content\/uploads\/2025\/03\/0c9ebb2d17424747392327693741011113-840x465.jpg",640,354,true],"1536x1536":["https:\/\/arantv.az\/wp-content\/uploads\/2025\/03\/0c9ebb2d17424747392327693741011113.jpg",975,540,false],"2048x2048":["https:\/\/arantv.az\/wp-content\/uploads\/2025\/03\/0c9ebb2d17424747392327693741011113.jpg",975,540,false],"post-thumbnail":["https:\/\/arantv.az\/wp-content\/uploads\/2025\/03\/0c9ebb2d17424747392327693741011113-240x172.jpg",240,172,true],"advps-thumb-one":["https:\/\/arantv.az\/wp-content\/uploads\/2025\/03\/0c9ebb2d17424747392327693741011113.jpg",975,540,false]},"rttpg_author":{"display_name":"V\u00fcsal Rafiqo\u011flu","author_link":"https:\/\/arantv.az\/?author=2"},"rttpg_comment":0,"rttpg_category":"<a href=\"https:\/\/arantv.az\/?cat=10\" rel=\"category\">C\u0259bh\u0259d\u0259n X\u0259b\u0259r<\/a>","rttpg_excerpt":"M\u00fcdafi\u0259 naziri general-polkovnik Zakir H\u0259s\u0259novun t\u0259sdiq etdiyi t\u0259dbirl\u0259r plan\u0131na \u0259sas\u0259n, Az\u0259rbaycan Ordusunun qo\u015fun n\u00f6vl\u0259ri, \u018flahidd\u0259 \u00dcmumqo\u015fun Ordu, h\u0259rbi birlik v\u0259 birl\u0259\u015fm\u0259, el\u0259c\u0259 d\u0259 x\u00fcsusi t\u0259yinatl\u0131 t\u0259hsil m\u00fc\u0259ssis\u0259l\u0259rind\u0259 Novruz bayram\u0131 il\u0259 \u0259laq\u0259dar silsil\u0259 t\u0259dbirl\u0259r ke\u00e7irilib. Bu bar\u0259d\u0259 &#8220;\u0130ki sahil&#8221;\u0259\u00a0M\u00fcdafi\u0259 Nazirliyinin m\u0259tbuat xidm\u0259tind\u0259n m\u0259lumat verilib. T\u0259dbirl\u0259rd\u0259 \u00dcmummilli Lider Heyd\u0259r \u018fliyevin \u015f\u0259hidl\u0259rimizin \u0259ziz xatir\u0259si bir d\u0259qiq\u0259lik s\u00fckutla yad&hellip;","_links":{"self":[{"href":"https:\/\/arantv.az\/index.php?rest_route=\/wp\/v2\/posts\/794971"}],"collection":[{"href":"https:\/\/arantv.az\/index.php?rest_route=\/wp\/v2\/posts"}],"about":[{"href":"https:\/\/arantv.az\/index.php?rest_route=\/wp\/v2\/types\/post"}],"author":[{"embeddable":true,"href":"https:\/\/arantv.az\/index.php?rest_route=\/wp\/v2\/users\/2"}],"replies":[{"embeddable":true,"href":"https:\/\/arantv.az\/index.php?rest_route=%2Fwp%2Fv2%2Fcomments&post=794971"}],"version-history":[{"count":2,"href":"https:\/\/arantv.az\/index.php?rest_route=\/wp\/v2\/posts\/794971\/revisions"}],"predecessor-version":[{"id":794974,"href":"https:\/\/arantv.az\/index.php?rest_route=\/wp\/v2\/posts\/794971\/revisions\/794974"}],"wp:featuredmedia":[{"embeddable":true,"href":"https:\/\/arantv.az\/index.php?rest_route=\/wp\/v2\/media\/794972"}],"wp:attachment":[{"href":"https:\/\/arantv.az\/index.php?rest_route=%2Fwp%2Fv2%2Fmedia&parent=794971"}],"wp:term":[{"taxonomy":"category","embeddable":true,"href":"https:\/\/arantv.az\/index.php?rest_route=%2Fwp%2Fv2%2Fcategories&post=794971"},{"taxonomy":"post_tag","embeddable":true,"href":"https:\/\/arantv.az\/index.php?rest_route=%2Fwp%2Fv2%2Ftags&post=794971"}],"curies":[{"name":"wp","href":"https:\/\/api.w.org\/{rel}","templated":true}]}}