{"id":79503,"date":"2019-09-17T11:39:35","date_gmt":"2019-09-17T08:39:35","guid":{"rendered":"http:\/\/arantv.az\/?p=79503"},"modified":"2019-09-17T11:39:35","modified_gmt":"2019-09-17T08:39:35","slug":"ilk-d%c9%99rs-gunu-ol%c9%99n-m%c9%99kt%c9%99bli-il%c9%99-bagli-insani-sarsidan-faktlar","status":"publish","type":"post","link":"https:\/\/arantv.az\/?p=79503","title":{"rendered":"\u0130lk d\u0259rs g\u00fcn\u00fc \u00f6l\u0259n m\u0259kt\u0259bli il\u0259 ba\u011fl\u0131 \u0130NSANI SARSIDAN FAKTLAR"},"content":{"rendered":"<p><strong>D\u00fcn\u0259n ax\u015fam saatlar\u0131nda \u015eamax\u0131 \u015f\u0259h\u0259rind\u0259 3-c\u00fc sinif \u015fagirdi olan 9 ya\u015fl\u0131 Yusif Nuriyevin yol q\u0259zas\u0131nda v\u0259fat etm\u0259si hadis\u0259si il\u0259 ba\u011fl\u0131 b\u0259zi m\u0259qamlar ayd\u0131nla\u015f\u0131b.<\/strong><\/p>\n<p><b>ARANTV.AZ\u00a0\u00a0<\/b>x\u0259b\u0259r verir ki, avtomobilin vurub \u00f6ld\u00fcrd\u00fcy\u00fc Y.Nuriyev \u015eamax\u0131 \u015f\u0259h\u0259r \u0130n\u015faat\u00e7\u0131 q\u0259s\u0259b\u0259 orta m\u0259kt\u0259binin 3-c\u00fc sinif \u015fagirdi olub v\u0259 d\u00fcn\u0259n m\u0259kt\u0259bd\u0259 ke\u00e7iril\u0259n Bilik G\u00fcn\u00fc \u015f\u0259nliyind\u0259 i\u015ftirak edib. T\u0259dris ilinin ilk d\u0259rs g\u00fcn\u00fc 5 saatl\u0131q d\u0259rsd\u0259n \u00e7\u0131x\u0131b ev\u0259 ged\u0259n Y.V\u0259liyev saat 16 rad\u0259l\u0259rind\u0259 ya\u015fad\u0131\u011f\u0131 evin qar\u015f\u0131s\u0131nda &#8220;Niva&#8221; markal\u0131 avtomobilin vurmas\u0131 n\u0259tic\u0259sind\u0259 d\u00fcnyas\u0131n\u0131 d\u0259yi\u015fib.<\/p>\n<p>Bildirilir ki, m\u0259kt\u0259blinin atas\u0131 da ke\u00e7\u0259n il g\u00f6ld\u0259 bataraq v\u0259fat edib v\u0259 anas\u0131 3 u\u015fa\u011f\u0131n\u0131 t\u0259k b\u00f6y\u00fcd\u00fcrm\u00fc\u015f. Y.Nuriyevin b\u00f6y\u00fck bac\u0131-qarda\u015f\u0131 da \u0130n\u015faat\u00e7\u0131 q\u0259s\u0259b\u0259 m\u0259kt\u0259bind\u0259 t\u0259hsil al\u0131r v\u0259 o d\u0259rsd\u0259n sonra h\u0259r zaman bac\u0131-qarda\u015f\u0131 il\u0259 birlikd\u0259 ev\u0259 qay\u0131d\u0131rm\u0131\u015f.<\/p>\n<p>Qeyd ed\u0259k ki, hadis\u0259 il\u0259 ba\u011fl\u0131 \u015eamax\u0131 rayon Polis \u015e\u00f6b\u0259sind\u0259 cinay\u0259t i\u015fi a\u00e7\u0131l\u0131b, ara\u015fd\u0131rma apar\u0131l\u0131r.Publika.az<\/p>\n","protected":false},"excerpt":{"rendered":"<p>D\u00fcn\u0259n ax\u015fam saatlar\u0131nda \u015eamax\u0131 \u015f\u0259h\u0259rind\u0259 3-c\u00fc sinif \u015fagirdi olan 9 ya\u015fl\u0131 Yusif Nuriyevin yol q\u0259zas\u0131nda v\u0259fat etm\u0259si hadis\u0259si il\u0259 ba\u011fl\u0131 b\u0259zi m\u0259qamlar ayd\u0131nla\u015f\u0131b. ARANTV.AZ\u00a0\u00a0x\u0259b\u0259r verir ki, avtomobilin vurub \u00f6ld\u00fcrd\u00fcy\u00fc Y.Nuriyev \u015eamax\u0131 \u015f\u0259h\u0259r \u0130n\u015faat\u00e7\u0131 q\u0259s\u0259b\u0259 orta m\u0259kt\u0259binin 3-c\u00fc sinif \u015fagirdi olub v\u0259 d\u00fcn\u0259n m\u0259kt\u0259bd\u0259 ke\u00e7iril\u0259n Bilik G\u00fcn\u00fc \u015f\u0259nliyind\u0259 i\u015ftirak edib. T\u0259dris ilinin ilk d\u0259rs g\u00fcn\u00fc 5 saatl\u0131q d\u0259rsd\u0259n \u00e7\u0131x\u0131b ev\u0259 ged\u0259n Y.V\u0259liyev saat 16 rad\u0259l\u0259rind\u0259 ya\u015fad\u0131\u011f\u0131 evin qar\u015f\u0131s\u0131nda &#8220;Niva&#8221; markal\u0131 avtomobilin vurmas\u0131 n\u0259tic\u0259sind\u0259 d\u00fcnyas\u0131n\u0131 d\u0259yi\u015fib. Bildirilir ki, m\u0259kt\u0259blinin atas\u0131 da ke\u00e7\u0259n il g\u00f6ld\u0259 bataraq v\u0259fat edib v\u0259 anas\u0131 3 u\u015fa\u011f\u0131n\u0131 t\u0259k&hellip;<\/p>\n","protected":false},"author":2,"featured_media":79504,"comment_status":"closed","ping_status":"closed","sticky":false,"template":"","format":"standard","meta":{"om_disable_all_campaigns":false,"_monsterinsights_skip_tracking":false,"_monsterinsights_sitenote_active":false,"_monsterinsights_sitenote_note":"","_monsterinsights_sitenote_category":0},"categories":[5],"tags":[],"aioseo_notices":[],"gutentor_comment":0,"rttpg_featured_image_url":{"full":["https:\/\/arantv.az\/wp-content\/uploads\/2019\/09\/portfel_mekteb_chantasi_030919-1.jpg",800,450,false],"landscape":["https:\/\/arantv.az\/wp-content\/uploads\/2019\/09\/portfel_mekteb_chantasi_030919-1.jpg",800,450,false],"portraits":["https:\/\/arantv.az\/wp-content\/uploads\/2019\/09\/portfel_mekteb_chantasi_030919-1.jpg",800,450,false],"thumbnail":["https:\/\/arantv.az\/wp-content\/uploads\/2019\/09\/portfel_mekteb_chantasi_030919-1-150x150.jpg",150,150,true],"medium":["https:\/\/arantv.az\/wp-content\/uploads\/2019\/09\/portfel_mekteb_chantasi_030919-1-300x169.jpg",300,169,true],"large":["https:\/\/arantv.az\/wp-content\/uploads\/2019\/09\/portfel_mekteb_chantasi_030919-1.jpg",640,360,false],"1536x1536":["https:\/\/arantv.az\/wp-content\/uploads\/2019\/09\/portfel_mekteb_chantasi_030919-1.jpg",800,450,false],"2048x2048":["https:\/\/arantv.az\/wp-content\/uploads\/2019\/09\/portfel_mekteb_chantasi_030919-1.jpg",800,450,false],"post-thumbnail":["https:\/\/arantv.az\/wp-content\/uploads\/2019\/09\/portfel_mekteb_chantasi_030919-1-240x172.jpg",240,172,true],"advps-thumb-one":["https:\/\/arantv.az\/wp-content\/uploads\/2019\/09\/portfel_mekteb_chantasi_030919-1.jpg",800,450,false]},"rttpg_author":{"display_name":"V\u00fcsal Rafiqo\u011flu","author_link":"https:\/\/arantv.az\/?author=2"},"rttpg_comment":0,"rttpg_category":"<a href=\"https:\/\/arantv.az\/?cat=5\" rel=\"category\">Hadis\u0259<\/a>","rttpg_excerpt":"D\u00fcn\u0259n ax\u015fam saatlar\u0131nda \u015eamax\u0131 \u015f\u0259h\u0259rind\u0259 3-c\u00fc sinif \u015fagirdi olan 9 ya\u015fl\u0131 Yusif Nuriyevin yol q\u0259zas\u0131nda v\u0259fat etm\u0259si hadis\u0259si il\u0259 ba\u011fl\u0131 b\u0259zi m\u0259qamlar ayd\u0131nla\u015f\u0131b. ARANTV.AZ\u00a0\u00a0x\u0259b\u0259r verir ki, avtomobilin vurub \u00f6ld\u00fcrd\u00fcy\u00fc Y.Nuriyev \u015eamax\u0131 \u015f\u0259h\u0259r \u0130n\u015faat\u00e7\u0131 q\u0259s\u0259b\u0259 orta m\u0259kt\u0259binin 3-c\u00fc sinif \u015fagirdi olub v\u0259 d\u00fcn\u0259n m\u0259kt\u0259bd\u0259 ke\u00e7iril\u0259n Bilik G\u00fcn\u00fc \u015f\u0259nliyind\u0259 i\u015ftirak edib. T\u0259dris ilinin ilk d\u0259rs g\u00fcn\u00fc 5&hellip;","_links":{"self":[{"href":"https:\/\/arantv.az\/index.php?rest_route=\/wp\/v2\/posts\/79503"}],"collection":[{"href":"https:\/\/arantv.az\/index.php?rest_route=\/wp\/v2\/posts"}],"about":[{"href":"https:\/\/arantv.az\/index.php?rest_route=\/wp\/v2\/types\/post"}],"author":[{"embeddable":true,"href":"https:\/\/arantv.az\/index.php?rest_route=\/wp\/v2\/users\/2"}],"replies":[{"embeddable":true,"href":"https:\/\/arantv.az\/index.php?rest_route=%2Fwp%2Fv2%2Fcomments&post=79503"}],"version-history":[{"count":0,"href":"https:\/\/arantv.az\/index.php?rest_route=\/wp\/v2\/posts\/79503\/revisions"}],"wp:featuredmedia":[{"embeddable":true,"href":"https:\/\/arantv.az\/index.php?rest_route=\/wp\/v2\/media\/79504"}],"wp:attachment":[{"href":"https:\/\/arantv.az\/index.php?rest_route=%2Fwp%2Fv2%2Fmedia&parent=79503"}],"wp:term":[{"taxonomy":"category","embeddable":true,"href":"https:\/\/arantv.az\/index.php?rest_route=%2Fwp%2Fv2%2Fcategories&post=79503"},{"taxonomy":"post_tag","embeddable":true,"href":"https:\/\/arantv.az\/index.php?rest_route=%2Fwp%2Fv2%2Ftags&post=79503"}],"curies":[{"name":"wp","href":"https:\/\/api.w.org\/{rel}","templated":true}]}}