{"id":795074,"date":"2025-03-21T10:46:07","date_gmt":"2025-03-21T06:46:07","guid":{"rendered":"https:\/\/arantv.az\/?p=795074"},"modified":"2025-03-21T10:46:07","modified_gmt":"2025-03-21T06:46:07","slug":"tovuzda-gunl%c9%99rl%c9%99-evd%c9%99-n%c9%99zar%c9%99tsiz-qoyulan-korp%c9%99-bar%c9%99d%c9%99-yeni-t%c9%99f%c9%99rruat","status":"publish","type":"post","link":"https:\/\/arantv.az\/?p=795074","title":{"rendered":"Tovuzda g\u00fcnl\u0259rl\u0259 evd\u0259 n\u0259zar\u0259tsiz qoyulan k\u00f6rp\u0259 bar\u0259d\u0259 yeni t\u0259f\u0259rr\u00fcat"},"content":{"rendered":"<p>Tovuz rayonunun Yuxar\u0131 \u00d6ys\u00fczl\u00fc k\u0259ndind\u0259 k\u00f6rp\u0259nin \u00fc\u00e7 g\u00fcn evd\u0259 t\u0259k qalmas\u0131 il\u0259 ba\u011fl\u0131 yeni t\u0259f\u0259rr\u00fcat m\u0259lum olub.<\/p>\n<p>Oxu.Az-\u0131n \u0259ld\u0259 etdiyi m\u0259lumata g\u00f6r\u0259, ana s\u00f6z\u00fcged\u0259n k\u0259ndd\u0259 m\u0259nzill\u0259rin birind\u0259 kiray\u0259 qal\u0131r, \u00e7\u0259tin xasiyy\u0259tli biridir.<\/p>\n<p>K\u0259ndd\u0259 yerl\u0259\u015f\u0259n kafel\u0259rin birind\u0259 i\u015fl\u0259y\u0259n qad\u0131n h\u0259r g\u00fcn s\u0259h\u0259r saat 11-12 rad\u0259l\u0259rind\u0259 i\u015f\u0259 gedir v\u0259 \u00f6vlad\u0131n\u0131 evd\u0259 t\u0259k qoyur. Gec\u0259 is\u0259 gec saatlarda ev\u0259 g\u0259lir.<\/p>\n<p>Bildirilir ki, qad\u0131n k\u00f6rp\u0259ni ev sahibinin \u00fcmidin\u0259 qoyub gedir, o is\u0259 u\u015fa\u011fa daim n\u0259zar\u0259t ed\u0259 bilmir.<\/p>\n","protected":false},"excerpt":{"rendered":"<p>Tovuz rayonunun Yuxar\u0131 \u00d6ys\u00fczl\u00fc k\u0259ndind\u0259 k\u00f6rp\u0259nin \u00fc\u00e7 g\u00fcn evd\u0259 t\u0259k qalmas\u0131 il\u0259 ba\u011fl\u0131 yeni t\u0259f\u0259rr\u00fcat m\u0259lum olub. Oxu.Az-\u0131n \u0259ld\u0259 etdiyi m\u0259lumata g\u00f6r\u0259, ana s\u00f6z\u00fcged\u0259n k\u0259ndd\u0259 m\u0259nzill\u0259rin birind\u0259 kiray\u0259 qal\u0131r, \u00e7\u0259tin xasiyy\u0259tli biridir. K\u0259ndd\u0259 yerl\u0259\u015f\u0259n kafel\u0259rin birind\u0259 i\u015fl\u0259y\u0259n qad\u0131n h\u0259r g\u00fcn s\u0259h\u0259r saat 11-12 rad\u0259l\u0259rind\u0259 i\u015f\u0259 gedir v\u0259 \u00f6vlad\u0131n\u0131 evd\u0259 t\u0259k qoyur. Gec\u0259 is\u0259 gec saatlarda ev\u0259 g\u0259lir. Bildirilir ki, qad\u0131n k\u00f6rp\u0259ni ev sahibinin \u00fcmidin\u0259 qoyub gedir, o is\u0259 u\u015fa\u011fa daim n\u0259zar\u0259t ed\u0259 bilmir.<\/p>\n","protected":false},"author":2,"featured_media":795075,"comment_status":"closed","ping_status":"closed","sticky":false,"template":"","format":"standard","meta":{"om_disable_all_campaigns":false,"_monsterinsights_skip_tracking":false,"_monsterinsights_sitenote_active":false,"_monsterinsights_sitenote_note":"","_monsterinsights_sitenote_category":0},"categories":[1],"tags":[],"aioseo_notices":[],"gutentor_comment":0,"rttpg_featured_image_url":{"full":["https:\/\/arantv.az\/wp-content\/uploads\/2025\/03\/M_51742538783.png",649,407,false],"landscape":["https:\/\/arantv.az\/wp-content\/uploads\/2025\/03\/M_51742538783.png",649,407,false],"portraits":["https:\/\/arantv.az\/wp-content\/uploads\/2025\/03\/M_51742538783.png",649,407,false],"thumbnail":["https:\/\/arantv.az\/wp-content\/uploads\/2025\/03\/M_51742538783-500x280.png",500,280,true],"medium":["https:\/\/arantv.az\/wp-content\/uploads\/2025\/03\/M_51742538783-582x365.png",582,365,true],"large":["https:\/\/arantv.az\/wp-content\/uploads\/2025\/03\/M_51742538783.png",640,401,false],"1536x1536":["https:\/\/arantv.az\/wp-content\/uploads\/2025\/03\/M_51742538783.png",649,407,false],"2048x2048":["https:\/\/arantv.az\/wp-content\/uploads\/2025\/03\/M_51742538783.png",649,407,false],"post-thumbnail":["https:\/\/arantv.az\/wp-content\/uploads\/2025\/03\/M_51742538783-240x172.png",240,172,true],"advps-thumb-one":["https:\/\/arantv.az\/wp-content\/uploads\/2025\/03\/M_51742538783.png",649,407,false]},"rttpg_author":{"display_name":"V\u00fcsal Rafiqo\u011flu","author_link":"https:\/\/arantv.az\/?author=2"},"rttpg_comment":0,"rttpg_category":"<a href=\"https:\/\/arantv.az\/?cat=1\" rel=\"category\">C\u0259miyy\u0259t<\/a>","rttpg_excerpt":"Tovuz rayonunun Yuxar\u0131 \u00d6ys\u00fczl\u00fc k\u0259ndind\u0259 k\u00f6rp\u0259nin \u00fc\u00e7 g\u00fcn evd\u0259 t\u0259k qalmas\u0131 il\u0259 ba\u011fl\u0131 yeni t\u0259f\u0259rr\u00fcat m\u0259lum olub. Oxu.Az-\u0131n \u0259ld\u0259 etdiyi m\u0259lumata g\u00f6r\u0259, ana s\u00f6z\u00fcged\u0259n k\u0259ndd\u0259 m\u0259nzill\u0259rin birind\u0259 kiray\u0259 qal\u0131r, \u00e7\u0259tin xasiyy\u0259tli biridir. K\u0259ndd\u0259 yerl\u0259\u015f\u0259n kafel\u0259rin birind\u0259 i\u015fl\u0259y\u0259n qad\u0131n h\u0259r g\u00fcn s\u0259h\u0259r saat 11-12 rad\u0259l\u0259rind\u0259 i\u015f\u0259 gedir v\u0259 \u00f6vlad\u0131n\u0131 evd\u0259 t\u0259k qoyur. Gec\u0259 is\u0259 gec saatlarda&hellip;","_links":{"self":[{"href":"https:\/\/arantv.az\/index.php?rest_route=\/wp\/v2\/posts\/795074"}],"collection":[{"href":"https:\/\/arantv.az\/index.php?rest_route=\/wp\/v2\/posts"}],"about":[{"href":"https:\/\/arantv.az\/index.php?rest_route=\/wp\/v2\/types\/post"}],"author":[{"embeddable":true,"href":"https:\/\/arantv.az\/index.php?rest_route=\/wp\/v2\/users\/2"}],"replies":[{"embeddable":true,"href":"https:\/\/arantv.az\/index.php?rest_route=%2Fwp%2Fv2%2Fcomments&post=795074"}],"version-history":[{"count":1,"href":"https:\/\/arantv.az\/index.php?rest_route=\/wp\/v2\/posts\/795074\/revisions"}],"predecessor-version":[{"id":795076,"href":"https:\/\/arantv.az\/index.php?rest_route=\/wp\/v2\/posts\/795074\/revisions\/795076"}],"wp:featuredmedia":[{"embeddable":true,"href":"https:\/\/arantv.az\/index.php?rest_route=\/wp\/v2\/media\/795075"}],"wp:attachment":[{"href":"https:\/\/arantv.az\/index.php?rest_route=%2Fwp%2Fv2%2Fmedia&parent=795074"}],"wp:term":[{"taxonomy":"category","embeddable":true,"href":"https:\/\/arantv.az\/index.php?rest_route=%2Fwp%2Fv2%2Fcategories&post=795074"},{"taxonomy":"post_tag","embeddable":true,"href":"https:\/\/arantv.az\/index.php?rest_route=%2Fwp%2Fv2%2Ftags&post=795074"}],"curies":[{"name":"wp","href":"https:\/\/api.w.org\/{rel}","templated":true}]}}