{"id":79515,"date":"2019-09-17T13:42:52","date_gmt":"2019-09-17T10:42:52","guid":{"rendered":"http:\/\/arantv.az\/?p=79515"},"modified":"2019-09-17T13:42:52","modified_gmt":"2019-09-17T10:42:52","slug":"%c9%99rdogan-putin-v%c9%99-ruhanini-%c9%99ncir%c9%99-qonaq-etdi-foto","status":"publish","type":"post","link":"https:\/\/arantv.az\/?p=79515","title":{"rendered":"\u018frdo\u011fan Putin v\u0259 Ruhanini \u0259ncir\u0259 qonaq etdi &#8211; FOTO"},"content":{"rendered":"<p>T\u00fcrkiy\u0259 Prezidenti R\u0259c\u0259b Tayyib \u018frdo\u011fan Putin v\u0259 Ruhaniy\u0259 \u0259ncir qona\u011fl\u0131\u011f\u0131 verib.<\/p>\n<p>O bununla ba\u011fl\u0131 \u00f6z\u00fcn\u00fcn r\u0259smi \u201c<a href=\"https:\/\/www.facebook.com\/RTErdogan\/posts\/10156982170703577\" target=\"_blank\" rel=\"noopener\">Facebook<\/a>\u201d s\u0259hif\u0259sind\u0259 status v\u0259 fotolar payla\u015f\u0131b:<\/p>\n<p>\u201c\u00dc\u00e7t\u0259r\u0259fli zirv\u0259 g\u00f6r\u00fc\u015f\u00fc \u00fc\u00e7\u00fcn \u00f6lk\u0259miz\u0259 g\u0259l\u0259n Rusiya d\u00f6vl\u0259t ba\u015f\u00e7\u0131s\u0131 Putin v\u0259 \u0130ran Prezidenti Ruhaniy\u0259 Ayd\u0131n b\u00f6lg\u0259sinin \u0259ncirl\u0259rind\u0259n t\u0259klif etdik\u201d.<\/p>\n<div id=\"AdviadNativeVideo0\" class=\"AdviadNativeVideo\"><\/div>\n<p>Xat\u0131rladaq ki, \u00f6t\u0259n g\u00fcn \u00fc\u00e7\u00a0\u00f6lk\u0259 ba\u015f\u00e7\u0131s\u0131n\u0131n zirv\u0259 g\u00f6r\u00fc\u015f\u00fcnd\u0259 Suriyaya dair sammit ke\u00e7irilib. Ankaradak\u0131 haz\u0131rk\u0131 dan\u0131\u015f\u0131qlar t\u0259minat\u00e7\u0131 d\u00f6vl\u0259t ba\u015f\u00e7\u0131lar\u0131n\u0131n Suriya il\u0259 ba\u011fl\u0131 be\u015finci g\u00f6r\u00fc\u015f\u00fc olub.<\/p>\n<p>Bu formatda sammitl\u0259r daha \u0259vv\u0259l 22 noyabr 2017-ci ild\u0259 So\u00e7id\u0259, 4 aprel 2018-ci ild\u0259 Ankarada v\u0259 7 sentyabr 2018-ci ild\u0259 Tehranda ba\u015f tutub. Sonuncu g\u00f6r\u00fc\u015f is\u0259 14 fevral 2019-cu ild\u0259 So\u00e7id\u0259 ke\u00e7irilib.<\/p>\n<div class=\"gallery\">\n<div class=\"gallery-i\"><img src=\"https:\/\/assets.oxu.az\/uploads\/W1siZiIsIjIwMTkvMDkvMTcvMTQvMDMvMjQvZWM3MmQ1OGMtMDJlNy00ZjZmLTgxOTMtYTRjMzI5Mzc3MmJjLzEuanBnIl0sWyJwIiwiZW5jb2RlIiwianBnIiwiLXF1YWxpdHkgODAiXSxbInAiLCJ0aHVtYiIsIjU5MHg1OTBcdTAwM2UiXV0?sha=cff8f2497c649c58\" \/><\/p>\n<div class=\"gallery-i-caption\"><\/div>\n<\/div>\n<div class=\"gallery-i\"><img src=\"https:\/\/assets.oxu.az\/uploads\/W1siZiIsIjIwMTkvMDkvMTcvMTQvMDMvMjQvZGZlZWJmNGQtMjllMC00NDY1LWEzNzctYTczNTIzZmQ0YTZkLzIuanBnIl0sWyJwIiwiZW5jb2RlIiwianBnIiwiLXF1YWxpdHkgODAiXSxbInAiLCJ0aHVtYiIsIjU5MHg1OTBcdTAwM2UiXV0?sha=b374b9ebec142b48\" \/><\/p>\n<div class=\"gallery-i-caption\"><\/div>\n<\/div>\n<div class=\"gallery-i\"><img src=\"https:\/\/assets.oxu.az\/uploads\/W1siZiIsIjIwMTkvMDkvMTcvMTQvMDMvMjQvMTNmMGE0N2UtOWYzNy00ZDExLWEyMjQtNzEyNDVlNjE2ZjhjLzMuanBnIl0sWyJwIiwiZW5jb2RlIiwianBnIiwiLXF1YWxpdHkgODAiXSxbInAiLCJ0aHVtYiIsIjU5MHg1OTBcdTAwM2UiXV0?sha=001ea6f483758c6b\" \/><\/div>\n<\/div>\n","protected":false},"excerpt":{"rendered":"<p>T\u00fcrkiy\u0259 Prezidenti R\u0259c\u0259b Tayyib \u018frdo\u011fan Putin v\u0259 Ruhaniy\u0259 \u0259ncir qona\u011fl\u0131\u011f\u0131 verib. O bununla ba\u011fl\u0131 \u00f6z\u00fcn\u00fcn r\u0259smi \u201cFacebook\u201d s\u0259hif\u0259sind\u0259 status v\u0259 fotolar payla\u015f\u0131b: \u201c\u00dc\u00e7t\u0259r\u0259fli zirv\u0259 g\u00f6r\u00fc\u015f\u00fc \u00fc\u00e7\u00fcn \u00f6lk\u0259miz\u0259 g\u0259l\u0259n Rusiya d\u00f6vl\u0259t ba\u015f\u00e7\u0131s\u0131 Putin v\u0259 \u0130ran Prezidenti Ruhaniy\u0259 Ayd\u0131n b\u00f6lg\u0259sinin \u0259ncirl\u0259rind\u0259n t\u0259klif etdik\u201d. Xat\u0131rladaq ki, \u00f6t\u0259n g\u00fcn \u00fc\u00e7\u00a0\u00f6lk\u0259 ba\u015f\u00e7\u0131s\u0131n\u0131n zirv\u0259 g\u00f6r\u00fc\u015f\u00fcnd\u0259 Suriyaya dair sammit ke\u00e7irilib. Ankaradak\u0131 haz\u0131rk\u0131 dan\u0131\u015f\u0131qlar t\u0259minat\u00e7\u0131 d\u00f6vl\u0259t ba\u015f\u00e7\u0131lar\u0131n\u0131n Suriya il\u0259 ba\u011fl\u0131 be\u015finci g\u00f6r\u00fc\u015f\u00fc olub. Bu formatda sammitl\u0259r daha \u0259vv\u0259l 22 noyabr 2017-ci ild\u0259 So\u00e7id\u0259, 4 aprel 2018-ci ild\u0259 Ankarada v\u0259 7 sentyabr 2018-ci ild\u0259 Tehranda ba\u015f tutub. Sonuncu g\u00f6r\u00fc\u015f&hellip;<\/p>\n","protected":false},"author":2,"featured_media":79516,"comment_status":"closed","ping_status":"closed","sticky":false,"template":"","format":"standard","meta":{"om_disable_all_campaigns":false,"_monsterinsights_skip_tracking":false,"_monsterinsights_sitenote_active":false,"_monsterinsights_sitenote_note":"","_monsterinsights_sitenote_category":0},"categories":[24],"tags":[],"aioseo_notices":[],"gutentor_comment":0,"rttpg_featured_image_url":{"full":["https:\/\/arantv.az\/wp-content\/uploads\/2019\/09\/1-8.jpg",620,417,false],"landscape":["https:\/\/arantv.az\/wp-content\/uploads\/2019\/09\/1-8.jpg",620,417,false],"portraits":["https:\/\/arantv.az\/wp-content\/uploads\/2019\/09\/1-8.jpg",620,417,false],"thumbnail":["https:\/\/arantv.az\/wp-content\/uploads\/2019\/09\/1-8-150x150.jpg",150,150,true],"medium":["https:\/\/arantv.az\/wp-content\/uploads\/2019\/09\/1-8-300x202.jpg",300,202,true],"large":["https:\/\/arantv.az\/wp-content\/uploads\/2019\/09\/1-8.jpg",620,417,false],"1536x1536":["https:\/\/arantv.az\/wp-content\/uploads\/2019\/09\/1-8.jpg",620,417,false],"2048x2048":["https:\/\/arantv.az\/wp-content\/uploads\/2019\/09\/1-8.jpg",620,417,false],"post-thumbnail":["https:\/\/arantv.az\/wp-content\/uploads\/2019\/09\/1-8-240x172.jpg",240,172,true],"advps-thumb-one":["https:\/\/arantv.az\/wp-content\/uploads\/2019\/09\/1-8.jpg",620,417,false]},"rttpg_author":{"display_name":"V\u00fcsal Rafiqo\u011flu","author_link":"https:\/\/arantv.az\/?author=2"},"rttpg_comment":0,"rttpg_category":"<a href=\"https:\/\/arantv.az\/?cat=24\" rel=\"category\">Maraql\u0131<\/a>","rttpg_excerpt":"T\u00fcrkiy\u0259 Prezidenti R\u0259c\u0259b Tayyib \u018frdo\u011fan Putin v\u0259 Ruhaniy\u0259 \u0259ncir qona\u011fl\u0131\u011f\u0131 verib. O bununla ba\u011fl\u0131 \u00f6z\u00fcn\u00fcn r\u0259smi \u201cFacebook\u201d s\u0259hif\u0259sind\u0259 status v\u0259 fotolar payla\u015f\u0131b: \u201c\u00dc\u00e7t\u0259r\u0259fli zirv\u0259 g\u00f6r\u00fc\u015f\u00fc \u00fc\u00e7\u00fcn \u00f6lk\u0259miz\u0259 g\u0259l\u0259n Rusiya d\u00f6vl\u0259t ba\u015f\u00e7\u0131s\u0131 Putin v\u0259 \u0130ran Prezidenti Ruhaniy\u0259 Ayd\u0131n b\u00f6lg\u0259sinin \u0259ncirl\u0259rind\u0259n t\u0259klif etdik\u201d. Xat\u0131rladaq ki, \u00f6t\u0259n g\u00fcn \u00fc\u00e7\u00a0\u00f6lk\u0259 ba\u015f\u00e7\u0131s\u0131n\u0131n zirv\u0259 g\u00f6r\u00fc\u015f\u00fcnd\u0259 Suriyaya dair sammit ke\u00e7irilib. Ankaradak\u0131 haz\u0131rk\u0131&hellip;","_links":{"self":[{"href":"https:\/\/arantv.az\/index.php?rest_route=\/wp\/v2\/posts\/79515"}],"collection":[{"href":"https:\/\/arantv.az\/index.php?rest_route=\/wp\/v2\/posts"}],"about":[{"href":"https:\/\/arantv.az\/index.php?rest_route=\/wp\/v2\/types\/post"}],"author":[{"embeddable":true,"href":"https:\/\/arantv.az\/index.php?rest_route=\/wp\/v2\/users\/2"}],"replies":[{"embeddable":true,"href":"https:\/\/arantv.az\/index.php?rest_route=%2Fwp%2Fv2%2Fcomments&post=79515"}],"version-history":[{"count":0,"href":"https:\/\/arantv.az\/index.php?rest_route=\/wp\/v2\/posts\/79515\/revisions"}],"wp:featuredmedia":[{"embeddable":true,"href":"https:\/\/arantv.az\/index.php?rest_route=\/wp\/v2\/media\/79516"}],"wp:attachment":[{"href":"https:\/\/arantv.az\/index.php?rest_route=%2Fwp%2Fv2%2Fmedia&parent=79515"}],"wp:term":[{"taxonomy":"category","embeddable":true,"href":"https:\/\/arantv.az\/index.php?rest_route=%2Fwp%2Fv2%2Fcategories&post=79515"},{"taxonomy":"post_tag","embeddable":true,"href":"https:\/\/arantv.az\/index.php?rest_route=%2Fwp%2Fv2%2Ftags&post=79515"}],"curies":[{"name":"wp","href":"https:\/\/api.w.org\/{rel}","templated":true}]}}