{"id":79519,"date":"2019-09-17T13:44:42","date_gmt":"2019-09-17T10:44:42","guid":{"rendered":"http:\/\/arantv.az\/?p=79519"},"modified":"2019-09-17T13:44:42","modified_gmt":"2019-09-17T10:44:42","slug":"sosial-sigorta-haqlarinin-yigimi-sah%c9%99sind%c9%99-gorulmus-isl%c9%99r-muzakir%c9%99-edilib-foto","status":"publish","type":"post","link":"https:\/\/arantv.az\/?p=79519","title":{"rendered":"Sosial s\u0131\u011forta haqlar\u0131n\u0131n y\u0131\u011f\u0131m\u0131 sah\u0259sind\u0259 g\u00f6r\u00fclm\u00fc\u015f i\u015fl\u0259r m\u00fczakir\u0259 edilib &#8211; FOTO"},"content":{"rendered":"<p>Sentyabr\u0131n 14-d\u0259 Vergil\u0259r Nazirliyinin T\u0259dris M\u0259rk\u0259zind\u0259 Vergil\u0259r nazirinin birinci m\u00fcavini Sahir M\u0259mm\u0259dxanovun s\u0259drliyi il\u0259 \u201cSosial s\u0131\u011forta haqlar\u0131n\u0131n y\u0131\u011f\u0131m\u0131 \u00fczr\u0259 g\u00f6r\u00fclm\u00fc\u015f i\u015fl\u0259r v\u0259 m\u00f6vcud v\u0259ziyy\u0259t, probleml\u0259r\u201d m\u00f6vzusunda konfrans ke\u00e7irilib.<\/p>\n<p>Vergil\u0259r Nazirliyind\u0259n veril\u0259n m\u0259lumata g\u00f6r\u0259, Nazirliyin m\u0259rk\u0259zi aparat\u0131n\u0131n m\u0259sul \u015f\u0259xsl\u0259ri, yerli vergi orqan\u0131 \u0259m\u0259kda\u015flar\u0131, D\u00f6vl\u0259t Sosial M\u00fcdafi\u0259 Fondunun m\u0259sul \u015f\u0259xsl\u0259ri v\u0259 m\u00fcst\u0259qil ekspertl\u0259rin i\u015ftirak\u0131 il\u0259 ke\u00e7iril\u0259n t\u0259dbird\u0259 d\u00f6vl\u0259t sosial s\u0131\u011forta haqlar\u0131n\u0131n y\u0131\u011f\u0131m\u0131 sah\u0259sind\u0259 g\u00f6r\u00fclm\u00fc\u015f i\u015fl\u0259r, sosial s\u0131\u011forta \u00fczr\u0259 qanunvericilik v\u0259 hesablama mexanizml\u0259ri, sosial s\u0131\u011forta \u00fczr\u0259 proqnozlar\u0131n icra v\u0259ziyy\u0259ti, bu sah\u0259d\u0259 m\u00f6vcud olan \u00e7\u0259tinlikl\u0259r, t\u0259hlil istiqam\u0259tl\u0259ri v\u0259 risk meyarlar\u0131 m\u00fczakir\u0259 olunub.<\/p>\n<p>T\u0259dbird\u0259 Vergil\u0259r nazirinin birinci m\u00fcavini Sahir M\u0259mm\u0259dxanov \u00e7\u0131x\u0131\u015f ed\u0259r\u0259k d\u00f6vl\u0259t sosial s\u0131\u011forta haqlar\u0131n\u0131n y\u0131\u011f\u0131m\u0131 sah\u0259sind\u0259 Vergil\u0259r Nazirliyi t\u0259r\u0259find\u0259n \u00f6t\u0259n m\u00fcdd\u0259t \u0259rzind\u0259 g\u00f6r\u00fclm\u00fc\u015f i\u015fl\u0259r bar\u0259d\u0259 m\u0259lumat verib v\u0259 cari ilin ikinci yar\u0131milliyind\u0259 bu sah\u0259d\u0259 qar\u015f\u0131da duran \u0259sas m\u0259s\u0259l\u0259l\u0259r bar\u0259d\u0259 dan\u0131\u015f\u0131b.<\/p>\n<div id=\"AdviadNativeVideo0\" class=\"AdviadNativeVideo\"><\/div>\n<p>Qeyd edilib ki, apar\u0131lm\u0131\u015f i\u015fl\u0259rin n\u0259tic\u0259si olaraq 2019-cu ilin yanvar-avqust aylar\u0131nda m\u0259cburi d\u00f6vl\u0259t sosial s\u0131\u011forta (MDSS) v\u0259 i\u015fsizlikd\u0259n s\u0131\u011forta haqlar\u0131 \u00fczr\u0259 proqnozlar art\u0131qlamas\u0131 il\u0259 icra edilib.\u00a0 M\u0259cburi d\u00f6vl\u0259t sosial s\u0131\u011forta haqlar\u0131 \u00fczr\u0259 n\u0259z\u0259rd\u0259 tutulandan 7 faiz, i\u015fsizlikd\u0259n s\u0131\u011forta haqlar\u0131 \u00fczr\u0259 6,7 faiz art\u0131q v\u0259sait daxil olub. Eyni zamanda, sosial s\u0131\u011forta v\u0259 i\u015fsizlik s\u0131\u011fortas\u0131 \u00fczr\u0259 borcu olan vergi \u00f6d\u0259yicil\u0259rinin say\u0131 v\u0259 borcun \u00fcmumi m\u0259bl\u0259\u011fi ilin \u0259vv\u0259li il\u0259 m\u00fcqayis\u0259d\u0259 \u0259h\u0259miyy\u0259tli \u015f\u0259kild\u0259 azal\u0131b.<\/p>\n<p>Konfransda \u018fm\u0259k v\u0259 \u018fhalinin Sosial M\u00fcdafi\u0259si Nazirliyinin n\u00fcmay\u0259nd\u0259 hey\u0259tinin i\u015ftirak\u0131 il\u0259 birlikd\u0259 \u00abinteqrasiya\u00bb prosesl\u0259ri \u00fczr\u0259 m\u00fc\u0259yy\u0259n edilmi\u015f T\u0259dbirl\u0259r Plan\u0131 \u00fczr\u0259 i\u015fl\u0259rin icra v\u0259ziyy\u0259ti n\u0259z\u0259rd\u0259n ke\u00e7irilib v\u0259 g\u0259l\u0259c\u0259k d\u00f6vl\u0259rd\u0259 qar\u015f\u0131ya qoyulmu\u015f v\u0259zif\u0259l\u0259rin icras\u0131na dair aidiyy\u0259ti \u00fczr\u0259 tap\u015f\u0131r\u0131qlar verilib.<\/p>\n<p>Vergil\u0259r Nazirliyinin v\u0259 \u018fm\u0259k v\u0259 \u018fhalinin Sosial M\u00fcdafi\u0259si Nazirliyinin yan\u0131nda D\u00f6vl\u0259t Sosial M\u00fcdafi\u0259 Fondunun t\u0259dbird\u0259 i\u015ftirak ed\u0259n m\u0259zur\u0259\u00e7il\u0259ri t\u0259r\u0259find\u0259n m\u0259cburi d\u00f6vl\u0259t sosial s\u0131\u011forta (MDSS) v\u0259 i\u015fsizlikd\u0259n s\u0131\u011forta haqlar\u0131n\u0131n hesablanmas\u0131na v\u0259 \u00f6d\u0259nilm\u0259sin\u0259 n\u0259zar\u0259t, MDSS haqlar\u0131n\u0131n azald\u0131lmas\u0131na v\u0259 ya yay\u0131nd\u0131r\u0131lmas\u0131na g\u00f6r\u0259 maliyy\u0259 sanksiyas\u0131n\u0131 t\u0259tbiq etm\u0259k v\u0259 dig\u0259r m\u0259s\u0259l\u0259l\u0259rl\u0259 ba\u011fl\u0131 t\u0259dbir i\u015ftirak\u00e7\u0131lar\u0131 \u0259trafl\u0131 m\u0259lumatland\u0131r\u0131l\u0131b.<\/p>\n<p>T\u0259dbird\u0259 d\u00f6vl\u0259t sosial s\u0131\u011forta haqlar\u0131n\u0131n y\u0131\u011f\u0131m\u0131 sah\u0259sind\u0259 m\u00f6vcud \u00e7\u0259tinlikl\u0259r \u0259trafl\u0131 m\u00fczakir\u0259 edilib, b\u0259yannam\u0259l\u0259rin kameral vergi yoxlamalar\u0131n\u0131n apar\u0131lmas\u0131na dair, vaxt\u0131nda t\u0259qdim edilm\u0259mi\u015f vergi b\u0259yannam\u0259l\u0259ri (hesabatlar\u0131) il\u0259 ba\u011fl\u0131 vergi \u00f6d\u0259yicil\u0259rind\u0259n hesabatlar\u0131n q\u0259bulu v\u0259 s. ba\u011fl\u0131 vergi orqanlar\u0131n\u0131n rastla\u015fd\u0131qlar\u0131 m\u0259s\u0259l\u0259l\u0259r t\u0259hlil edilib.<\/p>\n<p>T\u0259dbir i\u015ftirak\u00e7\u0131lar\u0131n\u0131n sosial s\u0131\u011forta \u00f6hd\u0259likl\u0259rinin icras\u0131 il\u0259 ba\u011fl\u0131 t\u0259cr\u00fcb\u0259d\u0259 qar\u015f\u0131ya \u00e7\u0131xan probleml\u0259r\u0259 dair suallar\u0131 cavabland\u0131r\u0131l\u0131b. T\u0259dbird\u0259 i\u015ftirak ed\u0259n m\u00fcst\u0259qil ekspertl\u0259r qald\u0131r\u0131lan m\u0259s\u0259l\u0259l\u0259rin h\u0259lli il\u0259 ba\u011fl\u0131 \u00f6z t\u0259klifl\u0259rini veribl\u0259r.<\/p>\n<div class=\"gallery\">\n<div class=\"gallery-i\"><img src=\"https:\/\/assets.oxu.az\/uploads\/W1siZiIsIjIwMTkvMDkvMTcvMTIvNTIvMjAvZWM5M2E1NDAtYjk0Zi00ZmQwLWI1MDQtNThiMGEzNGI0OTMxLzIuSlBHIl0sWyJwIiwiZW5jb2RlIiwianBnIiwiLXF1YWxpdHkgODAiXSxbInAiLCJ0aHVtYiIsIjU5MHg1OTBcdTAwM2UiXV0?sha=5bd07572f8421e3f\" alt=\"\" \/><\/p>\n<div class=\"gallery-i-caption\"><\/div>\n<\/div>\n<div class=\"gallery-i\"><img src=\"https:\/\/assets.oxu.az\/uploads\/W1siZiIsIjIwMTkvMDkvMTcvMTIvNTIvMjEvZjdjN2ZiZGUtYmVhYy00Mzk5LWI5M2ItNzAyNjkxM2U1YjhlLzMuSlBHIl0sWyJwIiwiZW5jb2RlIiwianBnIiwiLXF1YWxpdHkgODAiXSxbInAiLCJ0aHVtYiIsIjU5MHg1OTBcdTAwM2UiXV0?sha=3591a4efe8acb7ee\" alt=\"\" \/><\/p>\n<div class=\"gallery-i-caption\"><\/div>\n<\/div>\n<div class=\"gallery-i\"><img src=\"https:\/\/assets.oxu.az\/uploads\/W1siZiIsIjIwMTkvMDkvMTcvMTIvNTIvMjEvMzdmNzU1NjItMjk1Mi00NDA3LWFiY2EtNGFlZmZlOTFlMjJiLzQuSlBHIl0sWyJwIiwiZW5jb2RlIiwianBnIiwiLXF1YWxpdHkgODAiXSxbInAiLCJ0aHVtYiIsIjU5MHg1OTBcdTAwM2UiXV0?sha=0e9494caa8d56c89\" alt=\"\" \/><\/p>\n<div class=\"gallery-i-caption\"><\/div>\n<\/div>\n<div class=\"gallery-i\"><img src=\"https:\/\/assets.oxu.az\/uploads\/W1siZiIsIjIwMTkvMDkvMTcvMTIvNTIvMjEvNDQ2NDA4NjYtNGNlYy00YWVmLTk0MmUtYTZjMjAxODQ0ZDc2LzUuSlBHIl0sWyJwIiwiZW5jb2RlIiwianBnIiwiLXF1YWxpdHkgODAiXSxbInAiLCJ0aHVtYiIsIjU5MHg1OTBcdTAwM2UiXV0?sha=77c6fe4b3c3c0ebb\" alt=\"\" \/><\/p>\n<div class=\"gallery-i-caption\"><\/div>\n<\/div>\n<div class=\"gallery-i\"><img src=\"https:\/\/assets.oxu.az\/uploads\/W1siZiIsIjIwMTkvMDkvMTcvMTIvNTIvMjEvYzFiYjE1NGEtM2FkNC00ZDExLTk4YzctNDM4MWY4Y2U1YjIwLzYuSlBHIl0sWyJwIiwiZW5jb2RlIiwianBnIiwiLXF1YWxpdHkgODAiXSxbInAiLCJ0aHVtYiIsIjU5MHg1OTBcdTAwM2UiXV0?sha=10f38b0bab944590\" alt=\"\" \/><\/p>\n<div class=\"gallery-i-caption\"><\/div>\n<\/div>\n<div class=\"gallery-i\"><img src=\"https:\/\/assets.oxu.az\/uploads\/W1siZiIsIjIwMTkvMDkvMTcvMTIvNTIvMjEvZmJkMmU1NTAtODQ3Yi00N2Y0LWE0NTQtMmU2YTNiOWUxYjNkLzcuSlBHIl0sWyJwIiwiZW5jb2RlIiwianBnIiwiLXF1YWxpdHkgODAiXSxbInAiLCJ0aHVtYiIsIjU5MHg1OTBcdTAwM2UiXV0?sha=8ae4e85c7108265f\" alt=\"\" \/><\/p>\n<div class=\"gallery-i-caption\"><\/div>\n<\/div>\n<div class=\"gallery-i\"><img src=\"https:\/\/assets.oxu.az\/uploads\/W1siZiIsIjIwMTkvMDkvMTcvMTIvNTIvMjEvZDZmYjZhYTQtNGUyYi00NTNmLThjNGYtMzFkMDhhYzRiODk5LzguSlBHIl0sWyJwIiwiZW5jb2RlIiwianBnIiwiLXF1YWxpdHkgODAiXSxbInAiLCJ0aHVtYiIsIjU5MHg1OTBcdTAwM2UiXV0?sha=8a4165f52c748cbc\" alt=\"\" \/><\/p>\n<div class=\"gallery-i-caption\"><\/div>\n<\/div>\n<div class=\"gallery-i\"><img src=\"https:\/\/assets.oxu.az\/uploads\/W1siZiIsIjIwMTkvMDkvMTcvMTIvNTIvNDYvM2YwNDg2MmQtMTRhYi00OWNmLWFmNDYtNzc5YzFiMDYwYmIxLzEuSlBHIl0sWyJwIiwiZW5jb2RlIiwianBnIiwiLXF1YWxpdHkgODAiXSxbInAiLCJ0aHVtYiIsIjU5MHg1OTBcdTAwM2UiXV0?sha=484042a750e82a96\" alt=\"\" \/><\/div>\n<\/div>\n","protected":false},"excerpt":{"rendered":"<p>Sentyabr\u0131n 14-d\u0259 Vergil\u0259r Nazirliyinin T\u0259dris M\u0259rk\u0259zind\u0259 Vergil\u0259r nazirinin birinci m\u00fcavini Sahir M\u0259mm\u0259dxanovun s\u0259drliyi il\u0259 \u201cSosial s\u0131\u011forta haqlar\u0131n\u0131n y\u0131\u011f\u0131m\u0131 \u00fczr\u0259 g\u00f6r\u00fclm\u00fc\u015f i\u015fl\u0259r v\u0259 m\u00f6vcud v\u0259ziyy\u0259t, probleml\u0259r\u201d m\u00f6vzusunda konfrans ke\u00e7irilib. Vergil\u0259r Nazirliyind\u0259n veril\u0259n m\u0259lumata g\u00f6r\u0259, Nazirliyin m\u0259rk\u0259zi aparat\u0131n\u0131n m\u0259sul \u015f\u0259xsl\u0259ri, yerli vergi orqan\u0131 \u0259m\u0259kda\u015flar\u0131, D\u00f6vl\u0259t Sosial M\u00fcdafi\u0259 Fondunun m\u0259sul \u015f\u0259xsl\u0259ri v\u0259 m\u00fcst\u0259qil ekspertl\u0259rin i\u015ftirak\u0131 il\u0259 ke\u00e7iril\u0259n t\u0259dbird\u0259 d\u00f6vl\u0259t sosial s\u0131\u011forta haqlar\u0131n\u0131n y\u0131\u011f\u0131m\u0131 sah\u0259sind\u0259 g\u00f6r\u00fclm\u00fc\u015f i\u015fl\u0259r, sosial s\u0131\u011forta \u00fczr\u0259 qanunvericilik v\u0259 hesablama mexanizml\u0259ri, sosial s\u0131\u011forta \u00fczr\u0259 proqnozlar\u0131n icra v\u0259ziyy\u0259ti, bu sah\u0259d\u0259 m\u00f6vcud olan \u00e7\u0259tinlikl\u0259r, t\u0259hlil istiqam\u0259tl\u0259ri v\u0259 risk meyarlar\u0131 m\u00fczakir\u0259 olunub. T\u0259dbird\u0259 Vergil\u0259r&hellip;<\/p>\n","protected":false},"author":2,"featured_media":79520,"comment_status":"closed","ping_status":"closed","sticky":false,"template":"","format":"standard","meta":{"om_disable_all_campaigns":false,"_monsterinsights_skip_tracking":false,"_monsterinsights_sitenote_active":false,"_monsterinsights_sitenote_note":"","_monsterinsights_sitenote_category":0},"categories":[19],"tags":[],"aioseo_notices":[],"gutentor_comment":0,"rttpg_featured_image_url":{"full":["https:\/\/arantv.az\/wp-content\/uploads\/2019\/09\/2-3.jpg",620,429,false],"landscape":["https:\/\/arantv.az\/wp-content\/uploads\/2019\/09\/2-3.jpg",620,429,false],"portraits":["https:\/\/arantv.az\/wp-content\/uploads\/2019\/09\/2-3.jpg",620,429,false],"thumbnail":["https:\/\/arantv.az\/wp-content\/uploads\/2019\/09\/2-3-150x150.jpg",150,150,true],"medium":["https:\/\/arantv.az\/wp-content\/uploads\/2019\/09\/2-3-300x208.jpg",300,208,true],"large":["https:\/\/arantv.az\/wp-content\/uploads\/2019\/09\/2-3.jpg",620,429,false],"1536x1536":["https:\/\/arantv.az\/wp-content\/uploads\/2019\/09\/2-3.jpg",620,429,false],"2048x2048":["https:\/\/arantv.az\/wp-content\/uploads\/2019\/09\/2-3.jpg",620,429,false],"post-thumbnail":["https:\/\/arantv.az\/wp-content\/uploads\/2019\/09\/2-3-240x172.jpg",240,172,true],"advps-thumb-one":["https:\/\/arantv.az\/wp-content\/uploads\/2019\/09\/2-3.jpg",620,429,false]},"rttpg_author":{"display_name":"V\u00fcsal Rafiqo\u011flu","author_link":"https:\/\/arantv.az\/?author=2"},"rttpg_comment":0,"rttpg_category":"<a href=\"https:\/\/arantv.az\/?cat=19\" rel=\"category\">G\u00fcnd\u0259m<\/a>","rttpg_excerpt":"Sentyabr\u0131n 14-d\u0259 Vergil\u0259r Nazirliyinin T\u0259dris M\u0259rk\u0259zind\u0259 Vergil\u0259r nazirinin birinci m\u00fcavini Sahir M\u0259mm\u0259dxanovun s\u0259drliyi il\u0259 \u201cSosial s\u0131\u011forta haqlar\u0131n\u0131n y\u0131\u011f\u0131m\u0131 \u00fczr\u0259 g\u00f6r\u00fclm\u00fc\u015f i\u015fl\u0259r v\u0259 m\u00f6vcud v\u0259ziyy\u0259t, probleml\u0259r\u201d m\u00f6vzusunda konfrans ke\u00e7irilib. Vergil\u0259r Nazirliyind\u0259n veril\u0259n m\u0259lumata g\u00f6r\u0259, Nazirliyin m\u0259rk\u0259zi aparat\u0131n\u0131n m\u0259sul \u015f\u0259xsl\u0259ri, yerli vergi orqan\u0131 \u0259m\u0259kda\u015flar\u0131, D\u00f6vl\u0259t Sosial M\u00fcdafi\u0259 Fondunun m\u0259sul \u015f\u0259xsl\u0259ri v\u0259 m\u00fcst\u0259qil ekspertl\u0259rin i\u015ftirak\u0131 il\u0259 ke\u00e7iril\u0259n t\u0259dbird\u0259&hellip;","_links":{"self":[{"href":"https:\/\/arantv.az\/index.php?rest_route=\/wp\/v2\/posts\/79519"}],"collection":[{"href":"https:\/\/arantv.az\/index.php?rest_route=\/wp\/v2\/posts"}],"about":[{"href":"https:\/\/arantv.az\/index.php?rest_route=\/wp\/v2\/types\/post"}],"author":[{"embeddable":true,"href":"https:\/\/arantv.az\/index.php?rest_route=\/wp\/v2\/users\/2"}],"replies":[{"embeddable":true,"href":"https:\/\/arantv.az\/index.php?rest_route=%2Fwp%2Fv2%2Fcomments&post=79519"}],"version-history":[{"count":0,"href":"https:\/\/arantv.az\/index.php?rest_route=\/wp\/v2\/posts\/79519\/revisions"}],"wp:featuredmedia":[{"embeddable":true,"href":"https:\/\/arantv.az\/index.php?rest_route=\/wp\/v2\/media\/79520"}],"wp:attachment":[{"href":"https:\/\/arantv.az\/index.php?rest_route=%2Fwp%2Fv2%2Fmedia&parent=79519"}],"wp:term":[{"taxonomy":"category","embeddable":true,"href":"https:\/\/arantv.az\/index.php?rest_route=%2Fwp%2Fv2%2Fcategories&post=79519"},{"taxonomy":"post_tag","embeddable":true,"href":"https:\/\/arantv.az\/index.php?rest_route=%2Fwp%2Fv2%2Ftags&post=79519"}],"curies":[{"name":"wp","href":"https:\/\/api.w.org\/{rel}","templated":true}]}}