{"id":79523,"date":"2019-09-17T13:46:29","date_gmt":"2019-09-17T10:46:29","guid":{"rendered":"http:\/\/arantv.az\/?p=79523"},"modified":"2019-09-17T13:46:29","modified_gmt":"2019-09-17T10:46:29","slug":"zakir-h%c9%99s%c9%99nov-erm%c9%99nistan-munaqis%c9%99nin-h%c9%99lli-il%c9%99-bagli-danisiqlari-q%c9%99sd%c9%99n-yubadir","status":"publish","type":"post","link":"https:\/\/arantv.az\/?p=79523","title":{"rendered":"Zakir H\u0259s\u0259nov: Erm\u0259nistan m\u00fcnaqi\u015f\u0259nin h\u0259lli il\u0259 ba\u011fl\u0131 dan\u0131\u015f\u0131qlar\u0131 q\u0259sd\u0259n yubad\u0131r"},"content":{"rendered":"<p>Sentyabr\u0131n 17-d\u0259 Az\u0259rbaycan Respublikas\u0131n\u0131n M\u00fcdafi\u0259 naziri general-polkovnik Zakir H\u0259s\u0259nov B\u00f6y\u00fck Britaniya v\u0259 \u015eimali \u0130rlandiya Birl\u0259\u015fmi\u015f Krall\u0131\u011f\u0131n\u0131n \u00f6lk\u0259mizd\u0259 yeni t\u0259yin olunmu\u015f f\u00f6vq\u0259lad\u0259 v\u0259 s\u0259lahiyy\u0259tli s\u0259firi Ceyms \u015earp il\u0259 g\u00f6r\u00fc\u015f\u00fcb.<\/p>\n<p>Bu bar\u0259d\u0259\u00a0Az\u0259rbaycan M\u00fcdafi\u0259 Nazirliyinin M\u0259tbuat xidm\u0259tind\u0259n\u00a0<a href=\"https:\/\/mod.gov.az\/az\/news\/azerbaycanin-mudafie-naziri-boyuk-britaniyanin-olkemizde-yeni-teyin-olunmus-sefiri-ile-gorusub-28544.html\" target=\"_blank\" rel=\"noopener\">m\u0259lumat<\/a>\u00a0verilib.<\/p>\n<p>M\u00fcdafi\u0259 naziri s\u0259firi \u00f6lk\u0259mizd\u0259 diplomatik f\u0259aliyy\u0259t\u0259 ba\u015flamas\u0131 m\u00fcnasib\u0259til\u0259 t\u0259brik edib v\u0259 ona Az\u0259rbaycan il\u0259 B\u00f6y\u00fck Britaniya aras\u0131nda \u0259m\u0259kda\u015fl\u0131\u011f\u0131n geni\u015fl\u0259ndirilm\u0259si istiqam\u0259tind\u0259 u\u011furlar arzulay\u0131b.<\/p>\n<div id=\"AdviadNativeVideo0\" class=\"AdviadNativeVideo\"><\/div>\n<p>Regiondak\u0131 h\u0259rbi-siyasi v\u0259ziyy\u0259t\u0259 toxunan M\u00fcdafi\u0259 naziri Erm\u0259nistan\u0131n i\u015f\u011fal\u00e7\u0131l\u0131q siyas\u0259tinin davam etdiyini, AT\u018fT-in Minsk qrupunun h\u0259ms\u0259drl\u0259rinin Erm\u0259nistan-Az\u0259rbaycan Da\u011fl\u0131q Qaraba\u011f m\u00fcnaqi\u015f\u0259sinin h\u0259lli il\u0259 ba\u011fl\u0131 s\u0259yl\u0259rin\u0259 baxmayaraq s\u00fclh dan\u0131\u015f\u0131qlar\u0131n\u0131n r\u0259smi Yerevan t\u0259r\u0259find\u0259n q\u0259sd\u0259n yubad\u0131ld\u0131\u011f\u0131n\u0131 vur\u011fulay\u0131b.<\/p>\n<p>G\u00f6r\u00fc\u015fd\u0259 iki \u00f6lk\u0259 aras\u0131nda m\u00fcdafi\u0259 sah\u0259sind\u0259, o c\u00fcml\u0259d\u0259n terrorizm\u0259 qar\u015f\u0131 m\u00fcbariz\u0259 v\u0259 s\u00fclhm\u0259raml\u0131 \u0259m\u0259liyyatlar\u0131n ke\u00e7irilm\u0259si \u00fczr\u0259 \u0259m\u0259kda\u015fl\u0131\u011fa dair fikir m\u00fcbadil\u0259si apar\u0131l\u0131b.<br \/>\nT\u0259r\u0259fl\u0259r \u00f6lk\u0259l\u0259rimiz aras\u0131nda h\u0259rbi-texniki sah\u0259d\u0259 \u0259m\u0259kda\u015fl\u0131q \u00fc\u00e7\u00fcn b\u00f6y\u00fck potensial\u0131n oldu\u011funu v\u0259 bu imkanlar\u0131n geni\u015fl\u0259ndirilm\u0259sinin vacibliyini vur\u011fulay\u0131blar.<\/p>\n<p>\u00d6lk\u0259l\u0259rimiz aras\u0131nda h\u0259rbi t\u0259hsil sah\u0259sind\u0259 \u0259ld\u0259 olunan raz\u0131la\u015fmalar\u0131n inki\u015faf etdirilm\u0259sinin, h\u0259rbi ingilis dili kurslar\u0131n\u0131n davam\u0131n\u0131n v\u0259 onlar\u0131n dinl\u0259yicil\u0259rinin say\u0131n\u0131n art\u0131r\u0131lmas\u0131n\u0131n z\u0259ruriliyi d\u0259 x\u00fcsusi qeyd edilib.<\/p>\n<p>\u00d6lk\u0259mizd\u0259 diplomatik f\u0259aliyy\u0259t\u0259 ba\u015flamas\u0131ndan m\u0259mnunlu\u011funu ifad\u0259 ed\u0259n s\u0259fir Az\u0259rbaycan-B\u00f6y\u00fck Britaniya \u0259laq\u0259l\u0259rinin, x\u00fcsusil\u0259 h\u0259rbi sah\u0259d\u0259 \u0259m\u0259kda\u015fl\u0131\u011f\u0131n inki\u015faf\u0131 \u00fc\u00e7\u00fcn s\u0259yl\u0259rini \u0259sirg\u0259m\u0259y\u0259c\u0259yini deyib.<\/p>\n<p>C.\u015earp \u00f6z n\u00f6vb\u0259sind\u0259 B\u00f6y\u00fck Britaniyan\u0131n Az\u0259rbaycan\u0131n \u0259razi b\u00fct\u00f6vl\u00fcy\u00fcn\u00fc tan\u0131d\u0131\u011f\u0131n\u0131 v\u0259 ona h\u00f6rm\u0259tl\u0259 yana\u015fd\u0131\u011f\u0131n\u0131 qeyd edib, \u00f6lk\u0259sinin Da\u011fl\u0131q Qaraba\u011f m\u00fcnaqi\u015f\u0259sinin s\u00fclh yolu il\u0259 h\u0259llinin t\u0259r\u0259fdar\u0131 oldu\u011funu, bunun C\u0259nubi Qafqaz regionunun inki\u015faf\u0131 v\u0259 t\u0259hl\u00fck\u0259sizliyinin t\u0259min edilm\u0259si bax\u0131m\u0131ndan vacibliyini bildirib.<\/p>\n<p>Britaniyal\u0131 diplomat h\u0259m\u00e7inin regional sabitlik v\u0259 t\u0259hl\u00fck\u0259sizliy\u0259 yeni \u00e7a\u011f\u0131r\u0131\u015f v\u0259 t\u0259hdidl\u0259rl\u0259 m\u00fcbariz\u0259d\u0259 birg\u0259 s\u0259yl\u0259rin g\u00fccl\u0259ndirilm\u0259sinin vacibliyini vur\u011fulay\u0131b, \u018ffqan\u0131standak\u0131 s\u00fclhm\u0259raml\u0131 \u0259m\u0259liyyatlarda f\u0259al i\u015ftirak\u0131na g\u00f6r\u0259 Az\u0259rbaycana minn\u0259tdarl\u0131\u011f\u0131n\u0131 bildirib.<\/p>\n<p>T\u0259r\u0259fl\u0259r regional v\u0259 ikit\u0259r\u0259fli \u0259m\u0259kda\u015fl\u0131q, X\u0259z\u0259r d\u0259nizi v\u0259 m\u00fch\u00fcm enerji infrastrukturlar\u0131n\u0131n t\u0259hl\u00fck\u0259sizliyi, h\u0259m\u00e7inin qar\u015f\u0131l\u0131ql\u0131 maraq do\u011furan bir s\u0131ra dig\u0259r m\u0259s\u0259l\u0259l\u0259ri m\u00fczakir\u0259 edibl\u0259r.<br \/>\nSonra britaniyal\u0131 diplomat \u00f6lk\u0259sinin Az\u0259rbaycanda yeni t\u0259yin olunmu\u015f h\u0259rbi atta\u015fesi polkovnik-leytenant Entoni Bramveli M\u00fcdafi\u0259 nazirin\u0259 t\u0259qdim edib.<\/p>\n<p>H\u0259rbi atta\u015feni Az\u0259rbaycanda h\u0259rbi-diplomatik missiyas\u0131na ba\u015flamas\u0131 m\u00fcnasib\u0259til\u0259 t\u0259brik ed\u0259n nazir ona \u00f6lk\u0259l\u0259rimizin ordular\u0131 aras\u0131nda \u0259laq\u0259l\u0259rin geni\u015fl\u0259ndirilm\u0259si istiqam\u0259tind\u0259 g\u0259l\u0259c\u0259k f\u0259aliyy\u0259tind\u0259 u\u011furlar arzulay\u0131b.<\/p>\n<div class=\"gallery\">\n<div class=\"gallery-i\"><img src=\"https:\/\/assets.oxu.az\/uploads\/W1siZiIsIjIwMTkvMDkvMTcvMTMvMzMvMjcvMTkyODc0MmItMDlhYi00ODUzLTljMTctYTEwZWEyMjBkNGQ0L2JjMTFjY2E5MDgxODQ0NmNmMDYyY2M1NzcyMTE5NWRjLmpwZyJdLFsicCIsImVuY29kZSIsImpwZyIsIi1xdWFsaXR5IDgwIl0sWyJwIiwidGh1bWIiLCI1OTB4NTkwXHUwMDNlIl1d?sha=fabad10f41f137c6\" \/><\/p>\n<div class=\"gallery-i-caption\"><\/div>\n<\/div>\n<div class=\"gallery-i\"><img src=\"https:\/\/assets.oxu.az\/uploads\/W1siZiIsIjIwMTkvMDkvMTcvMTMvMzMvMjcvNzAyMmZjMmYtYTBkMi00Y2U3LWJhZjctYWM0ZmE0MDFjMGU3L2VjYWE3NjEwN2EwOWYxMTMyZGM0MmU2OTc0MGE0NDg2LmpwZyJdLFsicCIsImVuY29kZSIsImpwZyIsIi1xdWFsaXR5IDgwIl0sWyJwIiwidGh1bWIiLCI1OTB4NTkwXHUwMDNlIl1d?sha=b7485ad630030131\" \/><\/div>\n<\/div>\n","protected":false},"excerpt":{"rendered":"<p>Sentyabr\u0131n 17-d\u0259 Az\u0259rbaycan Respublikas\u0131n\u0131n M\u00fcdafi\u0259 naziri general-polkovnik Zakir H\u0259s\u0259nov B\u00f6y\u00fck Britaniya v\u0259 \u015eimali \u0130rlandiya Birl\u0259\u015fmi\u015f Krall\u0131\u011f\u0131n\u0131n \u00f6lk\u0259mizd\u0259 yeni t\u0259yin olunmu\u015f f\u00f6vq\u0259lad\u0259 v\u0259 s\u0259lahiyy\u0259tli s\u0259firi Ceyms \u015earp il\u0259 g\u00f6r\u00fc\u015f\u00fcb. Bu bar\u0259d\u0259\u00a0Az\u0259rbaycan M\u00fcdafi\u0259 Nazirliyinin M\u0259tbuat xidm\u0259tind\u0259n\u00a0m\u0259lumat\u00a0verilib. M\u00fcdafi\u0259 naziri s\u0259firi \u00f6lk\u0259mizd\u0259 diplomatik f\u0259aliyy\u0259t\u0259 ba\u015flamas\u0131 m\u00fcnasib\u0259til\u0259 t\u0259brik edib v\u0259 ona Az\u0259rbaycan il\u0259 B\u00f6y\u00fck Britaniya aras\u0131nda \u0259m\u0259kda\u015fl\u0131\u011f\u0131n geni\u015fl\u0259ndirilm\u0259si istiqam\u0259tind\u0259 u\u011furlar arzulay\u0131b. Regiondak\u0131 h\u0259rbi-siyasi v\u0259ziyy\u0259t\u0259 toxunan M\u00fcdafi\u0259 naziri Erm\u0259nistan\u0131n i\u015f\u011fal\u00e7\u0131l\u0131q siyas\u0259tinin davam etdiyini, AT\u018fT-in Minsk qrupunun h\u0259ms\u0259drl\u0259rinin Erm\u0259nistan-Az\u0259rbaycan Da\u011fl\u0131q Qaraba\u011f m\u00fcnaqi\u015f\u0259sinin h\u0259lli il\u0259 ba\u011fl\u0131 s\u0259yl\u0259rin\u0259 baxmayaraq s\u00fclh dan\u0131\u015f\u0131qlar\u0131n\u0131n r\u0259smi Yerevan t\u0259r\u0259find\u0259n q\u0259sd\u0259n yubad\u0131ld\u0131\u011f\u0131n\u0131 vur\u011fulay\u0131b. G\u00f6r\u00fc\u015fd\u0259 iki&hellip;<\/p>\n","protected":false},"author":2,"featured_media":79524,"comment_status":"closed","ping_status":"closed","sticky":false,"template":"","format":"standard","meta":{"om_disable_all_campaigns":false,"_monsterinsights_skip_tracking":false,"_monsterinsights_sitenote_active":false,"_monsterinsights_sitenote_note":"","_monsterinsights_sitenote_category":0},"categories":[19],"tags":[],"aioseo_notices":[],"gutentor_comment":0,"rttpg_featured_image_url":{"full":["https:\/\/arantv.az\/wp-content\/uploads\/2019\/09\/zakir.jpg",620,413,false],"landscape":["https:\/\/arantv.az\/wp-content\/uploads\/2019\/09\/zakir.jpg",620,413,false],"portraits":["https:\/\/arantv.az\/wp-content\/uploads\/2019\/09\/zakir.jpg",620,413,false],"thumbnail":["https:\/\/arantv.az\/wp-content\/uploads\/2019\/09\/zakir-150x150.jpg",150,150,true],"medium":["https:\/\/arantv.az\/wp-content\/uploads\/2019\/09\/zakir-300x200.jpg",300,200,true],"large":["https:\/\/arantv.az\/wp-content\/uploads\/2019\/09\/zakir.jpg",620,413,false],"1536x1536":["https:\/\/arantv.az\/wp-content\/uploads\/2019\/09\/zakir.jpg",620,413,false],"2048x2048":["https:\/\/arantv.az\/wp-content\/uploads\/2019\/09\/zakir.jpg",620,413,false],"post-thumbnail":["https:\/\/arantv.az\/wp-content\/uploads\/2019\/09\/zakir-240x172.jpg",240,172,true],"advps-thumb-one":["https:\/\/arantv.az\/wp-content\/uploads\/2019\/09\/zakir.jpg",620,413,false]},"rttpg_author":{"display_name":"V\u00fcsal Rafiqo\u011flu","author_link":"https:\/\/arantv.az\/?author=2"},"rttpg_comment":0,"rttpg_category":"<a href=\"https:\/\/arantv.az\/?cat=19\" rel=\"category\">G\u00fcnd\u0259m<\/a>","rttpg_excerpt":"Sentyabr\u0131n 17-d\u0259 Az\u0259rbaycan Respublikas\u0131n\u0131n M\u00fcdafi\u0259 naziri general-polkovnik Zakir H\u0259s\u0259nov B\u00f6y\u00fck Britaniya v\u0259 \u015eimali \u0130rlandiya Birl\u0259\u015fmi\u015f Krall\u0131\u011f\u0131n\u0131n \u00f6lk\u0259mizd\u0259 yeni t\u0259yin olunmu\u015f f\u00f6vq\u0259lad\u0259 v\u0259 s\u0259lahiyy\u0259tli s\u0259firi Ceyms \u015earp il\u0259 g\u00f6r\u00fc\u015f\u00fcb. Bu bar\u0259d\u0259\u00a0Az\u0259rbaycan M\u00fcdafi\u0259 Nazirliyinin M\u0259tbuat xidm\u0259tind\u0259n\u00a0m\u0259lumat\u00a0verilib. M\u00fcdafi\u0259 naziri s\u0259firi \u00f6lk\u0259mizd\u0259 diplomatik f\u0259aliyy\u0259t\u0259 ba\u015flamas\u0131 m\u00fcnasib\u0259til\u0259 t\u0259brik edib v\u0259 ona Az\u0259rbaycan il\u0259 B\u00f6y\u00fck Britaniya aras\u0131nda \u0259m\u0259kda\u015fl\u0131\u011f\u0131n geni\u015fl\u0259ndirilm\u0259si istiqam\u0259tind\u0259 u\u011furlar&hellip;","_links":{"self":[{"href":"https:\/\/arantv.az\/index.php?rest_route=\/wp\/v2\/posts\/79523"}],"collection":[{"href":"https:\/\/arantv.az\/index.php?rest_route=\/wp\/v2\/posts"}],"about":[{"href":"https:\/\/arantv.az\/index.php?rest_route=\/wp\/v2\/types\/post"}],"author":[{"embeddable":true,"href":"https:\/\/arantv.az\/index.php?rest_route=\/wp\/v2\/users\/2"}],"replies":[{"embeddable":true,"href":"https:\/\/arantv.az\/index.php?rest_route=%2Fwp%2Fv2%2Fcomments&post=79523"}],"version-history":[{"count":0,"href":"https:\/\/arantv.az\/index.php?rest_route=\/wp\/v2\/posts\/79523\/revisions"}],"wp:featuredmedia":[{"embeddable":true,"href":"https:\/\/arantv.az\/index.php?rest_route=\/wp\/v2\/media\/79524"}],"wp:attachment":[{"href":"https:\/\/arantv.az\/index.php?rest_route=%2Fwp%2Fv2%2Fmedia&parent=79523"}],"wp:term":[{"taxonomy":"category","embeddable":true,"href":"https:\/\/arantv.az\/index.php?rest_route=%2Fwp%2Fv2%2Fcategories&post=79523"},{"taxonomy":"post_tag","embeddable":true,"href":"https:\/\/arantv.az\/index.php?rest_route=%2Fwp%2Fv2%2Ftags&post=79523"}],"curies":[{"name":"wp","href":"https:\/\/api.w.org\/{rel}","templated":true}]}}