{"id":795421,"date":"2025-03-23T16:30:49","date_gmt":"2025-03-23T12:30:49","guid":{"rendered":"https:\/\/arantv.az\/?p=795421"},"modified":"2025-03-23T16:30:49","modified_gmt":"2025-03-23T12:30:49","slug":"nikol-vovayi-minsk-qrupu-olub-umer-est-mort-is-dead-%d5%b4%d5%a1%d5%b0%d5%a1%d6%81%d5%a1%d5%ae-%d5%a7","status":"publish","type":"post","link":"https:\/\/arantv.az\/?p=795421","title":{"rendered":"Nikol Vovayi, Minsk Qrupu \u00f6l\u00fcb, umer, est mort, is dead, \u0574\u0561\u0570\u0561\u0581\u0561\u056e \u0567!!!"},"content":{"rendered":"<p><strong>Nikol Pa\u015finyan \u201cX\u201d sosial \u015f\u0259b\u0259k\u0259sind\u0259 \u201cErm\u0259nistan v\u0259 Az\u0259rbaycan aras\u0131nda s\u00fclh sazi\u015finin layih\u0259si raz\u0131la\u015fd\u0131r\u0131l\u0131b v\u0259 imzalanma\u011f\u0131 g\u00f6zl\u0259yir. M\u0259n raz\u0131la\u015fd\u0131r\u0131lm\u0131\u015f s\u0259n\u0259di imzalama\u011fa haz\u0131ram\u201d, &#8211; yazandan sonra \u015f\u0259rti s\u0259rh\u0259dl\u0259rd\u0259 silahlar susmur. Makrondan tutmu\u015f, dig\u0259r himay\u0259darlar\u0131nad\u0259k bir \u00e7oxlar\u0131ndan \u201calq\u0131\u015f\u201d alan Erm\u0259nistan\u0131n ba\u015f naziri n\u0259d\u0259ns\u0259 s\u00fclh ba\u011flama\u011fa \u201chaz\u0131r oldu\u011fu\u201d Az\u0259rbaycana at\u0259\u015f a\u00e7anlar\u0131n ara\u015fd\u0131r\u0131lmas\u0131na h\u0259v\u0259sli g\u00f6r\u00fcnm\u00fcr. M\u0259ntiq onu deyir ki, Pa\u015finyan orduya \u201ci\u015finizd\u0259 olun\u201d, deyib v\u0259 \u201cs\u00fclhm\u0259raml\u0131\u201d b\u0259yanatlar\u0131na davam edir.<\/strong><\/p>\n<p>N\u00f6vb\u0259ti b\u0259yanat\u0131 AT\u018fT-in Minsk Qrupu il\u0259 ba\u011fl\u0131 oldu. Pa\u015finyan \u00f6lk\u0259nin \u0130ctimai Televiziyas\u0131na m\u00fcsahib\u0259sind\u0259 bildirib ki, \u201cm\u00fczakir\u0259 edil\u0259 bil\u0259nl\u0259rd\u0259n biri AT\u018fT-in Minsk Qrupunun burax\u0131lmas\u0131 imkan\u0131d\u0131r. Bir daha t\u0259krar edir\u0259m: AT\u018fT MQ-nin burax\u0131lmas\u0131 m\u0259s\u0259l\u0259si m\u00fczakir\u0259y\u0259 a\u00e7\u0131qd\u0131r. Biz yax\u0131n zamanda bu bar\u0259d\u0259 m\u00fczakir\u0259l\u0259r ba\u015flatmaq niyy\u0259tind\u0259yik\u201d. M\u00f6vqey\u0259 bax\u0131n, minn\u0259t\u0259 bax\u0131n. Az\u0259rbaycan 5 ildir deyir Minsk Qrupu yoxdur, pensiyaya \u00e7\u0131x\u0131b, sonra da \u00f6l\u00fcb, amma Nikol h\u0259l\u0259 indi m\u00fczakir\u0259y\u0259 ba\u015flamaq niyy\u0259tind\u0259ymi\u015f. B\u0259lk\u0259 t\u0259l\u0259sm\u0259y\u0259s\u0259n&#8230; Az\u0259rbaycan X\u0130N d\u0259f\u0259l\u0259rl\u0259 AT\u018fT-in Minsk Qrupunun v\u0259 onunla ba\u011fl\u0131 strukturlar\u0131n r\u0259smi burax\u0131lmas\u0131n\u0131n z\u0259ruriliyini b\u0259yan edib. Prezident \u0130lham \u018fliyevin bu m\u0259s\u0259l\u0259 il\u0259 ba\u011fl\u0131 prinsipial m\u00f6vqeyi var. D\u00f6vl\u0259t ba\u015f\u00e7\u0131m\u0131z 44 g\u00fcnl\u00fck m\u00fcharib\u0259d\u0259n bir ay sonra, 2020-ci ilin 12 dekabr\u0131nda o zamank\u0131 3+1-i, y\u0259ni AT\u018fT-in Minsk qrupunun Fransadan olan h\u0259ms\u0259dri Stefan Viskontini, AB\u015e-dan olan h\u0259ms\u0259dri Endr\u00fc \u015eoferi, Rusiyan\u0131n Az\u0259rbaycandak\u0131 f\u00f6vq\u0259lad\u0259 v\u0259 s\u0259lahiyy\u0259tli s\u0259firi Mixail Bo\u00e7arnikovu v\u0259 AT\u018fT-in f\u0259aliyy\u0259td\u0259 olan s\u0259drinin \u015f\u0259xsi n\u00fcmay\u0259nd\u0259si Anji Kasp\u015fiki q\u0259bul etmi\u015fdi, m\u0259hz onlar\u0131n xahi\u015fi il\u0259. Prezident demi\u015fdi ki, \u201cburaya g\u0259lm\u0259k sizin ideyan\u0131z idi. Bunu bir daha kameralar qar\u015f\u0131s\u0131nda dey\u0259 bil\u0259r\u0259m. M\u0259n Minsk qrupunu s\u0259f\u0259r\u0259 d\u0259v\u0259t etm\u0259mi\u015f\u0259m. Lakin m\u0259n\u0259 m\u0259lumat ver\u0259nd\u0259 ki, Minsk qrupu g\u0259lm\u0259k ist\u0259yir, dedim g\u0259lsinl\u0259r, etiraz etmir\u0259m. B\u0259lk\u0259 onlar\u0131n m\u0259n\u0259 s\u00f6zl\u0259ri var. \u018fg\u0259r siz bunu kamera qar\u015f\u0131s\u0131nda s\u00f6yl\u0259m\u0259k ist\u0259yirsinizs\u0259, buyurun\u201d. \u00d6lk\u0259 ba\u015f\u00e7\u0131s\u0131 alic\u0259nabl\u0131q n\u00fcmayi\u015f etdir\u0259r\u0259k turist diplomatlar\u0131 dinl\u0259mi\u015fdi. Onlara bildirmi\u015fdi ki, ke\u00e7mi\u015f Da\u011fl\u0131q Qaraba\u011f m\u00fcnaqi\u015f\u0259si art\u0131q tarix\u0259 qovu\u015fub. \u201cT\u0259\u0259ss\u00fcfl\u0259r olsun ki, Minsk qrupu m\u00fcnaqi\u015f\u0259nin h\u0259llind\u0259 he\u00e7 bir rol oynamay\u0131b. Halbuki bunu etm\u0259k \u00fc\u00e7\u00fcn Minsk qrupu 28 il \u0259rzind\u0259 m\u00fcvafiq mandata sahib idi. M\u0259n son 17 il \u0259rzind\u0259 dan\u0131\u015f\u0131qlarda i\u015ftirak etmi\u015fdim. Lakin m\u00fcharib\u0259 zaman\u0131 dediyim kimi, Minsk qrupunun ideyalarla \u00e7\u0131x\u0131\u015f etm\u0259k v\u0259 yarad\u0131c\u0131 olmaq istiqam\u0259tind\u0259 m\u00fc\u0259yy\u0259n f\u0259aliyy\u0259ti olsa da, bunlar he\u00e7 bir n\u0259tic\u0259 verm\u0259mi\u015fdir. Reall\u0131q bundan ibar\u0259tdir\u201d, dey\u0259n Az\u0259rbaycan Prezidenti bel\u0259 bir missiyaya daha yer olmad\u0131\u011f\u0131n\u0131 ayd\u0131n \u015f\u0259kild\u0259 ifad\u0259 etmi\u015fdi.<\/p>\n<p><img src=\"https:\/\/az.trend.az\/media\/2025\/03\/22\/pashinyan_28374.png\" alt=\"Pa\u015finyan \u015f\u0259rtl\u0259rimizi q\u0259bul etdi?\" \/><\/p>\n<p><strong>Sonrak\u0131 ill\u0259rd\u0259 Minsk Qrupunun \u00fczvl\u0259ri regiona qay\u0131tmaq \u00fc\u00e7\u00fcn \u00e7ox c\u0259hd g\u00f6st\u0259rdil\u0259r. H\u0259tta t\u0259k-t\u0259k \u0130r\u0259vana g\u0259l\u0259nl\u0259r d\u0259 oldu. Amma Bak\u0131 m\u00f6vqeyind\u0259n d\u00f6nm\u0259di. 2022-ci ilin fevral\u0131nda Rusiya-Ukrayna m\u00fcharib\u0259si ba\u015flad\u0131qdan sonra is\u0259 AB\u015e v\u0259 Fransa Minsk Qrupunda f\u0259aliyy\u0259tl\u0259rini dondurduqlar\u0131n\u0131 b\u0259yan etdil\u0259r. Rusiya il\u0259 d\u00fc\u015fm\u0259n\u00e7ilik ed\u0259n \u00f6lk\u0259l\u0259rin diplomatlar\u0131 nec\u0259 bir \u00e7\u0259tir alt\u0131nda qala bil\u0259rdil\u0259r? T\u0259bii ki, m\u00fcmk\u00fcnd\u00fcz idi. Bu g\u00fcnl\u0259rd\u0259 is\u0259 Rusiya X\u0130N s\u00f6z\u00e7\u00fcs\u00fc Mariya Zaxarova Minsk Qrupunun b\u0259rpas\u0131n\u0131n m\u00fcmk\u00fcns\u00fczl\u00fcy\u00fcn\u00fc elan etdi.\u00a0<\/strong><\/p>\n<p>T\u0259bii ki, \u0259sas s\u00f6z sahibi qalib, prosesl\u0259ri diqt\u0259 ed\u0259n Az\u0259rbaycand\u0131r. D\u00f6vl\u0259t ba\u015f\u00e7\u0131m\u0131z ke\u00e7\u0259n ilin yay\u0131nda q\u0259ti \u015f\u0259kild\u0259 b\u0259yan etmi\u015fdi ki, Erm\u0259nistan s\u00fclh m\u00fcqavil\u0259sini imzalamaq ist\u0259yirs\u0259, o halda konstitusiyas\u0131n\u0131 d\u0259yi\u015fdirm\u0259li v\u0259 Minsk Qrupundan imtina etdiyini r\u0259smil\u0259\u015fdirm\u0259lidir! Bu q\u0259d\u0259r sad\u0259.<\/p>\n<p><strong>B\u00fct\u00fcn bunlardan sonra Nikol Pa\u015finyan Minsk Qrupu il\u0259 ba\u011fl\u0131 m\u00fczakir\u0259l\u0259r\u0259 ba\u015flamaq \u201cniyy\u0259tini\u201d a\u00e7\u0131qlay\u0131r. N\u0259yi m\u00fczakir\u0259 ed\u0259c\u0259ksiniz? Hans\u0131 dild\u0259 deyilsin ki, ba\u015fa d\u00fc\u015f\u0259siniz? Yoxdur, gorbagor oldu Az\u0259rbaycan \u0259razil\u0259rinin ilhaq\u0131 \u00fc\u00e7\u00fcn gec\u0259-g\u00fcnd\u00fcz \u00e7al\u0131\u015fan, \u0130r\u0259van-Xank\u0259ndi mar\u015frutunu \u201csu yolu\u201dna d\u00f6nd\u0259r\u0259n, on ill\u0259rl\u0259 Az\u0259rbaycan\u0131n faci\u0259l\u0259rini g\u00f6rm\u0259zd\u0259n g\u0259lib, kef \u00e7\u0259k\u0259n, \u201cturist diplomatlar\u201d kimi m\u0259\u015fhur olan, havay\u0131 pensiya alan, Az\u0259rbaycan \u0259razisind\u0259n bel\u0259, Qaraba\u011fa getm\u0259yi \u00f6zl\u0259rin\u0259 s\u0131\u011f\u0131\u015fd\u0131rmayan anti-Az\u0259rbaycan missiya! Minsk Qrupunun n\u0259inki \u201c\u00fc\u00e7-yeddisi\u201d, ill\u0259ri \u00e7\u0131x\u0131b. K\u0259s\u0259si, Nikol Vovayi, Minsk Qrupu \u00f6l\u00fcb, umer, est mort, is dead,\u00a0\u0574\u0561\u0570\u0561\u0581\u0561\u056e\u00a0\u0567!!!<\/strong><\/p>\n<p>\u00d6l\u00fcm fakt\u0131n\u0131 sad\u0259c\u0259 r\u0259smil\u0259\u015fdirm\u0259k laz\u0131md\u0131r, n\u0259 m\u00fczakir\u0259? \u015e\u00fcbh\u0259 yoxdur ki, Erm\u0259nistan Minsk Qrupunun \u00f6l\u00fcs\u00fcnd\u0259n d\u0259 n\u0259l\u0259rs\u0259 qazanmaq ist\u0259yir. Putinin Makronu g\u00f6rm\u0259y\u0259 g\u00f6z\u00fc yoxdur, Pa\u015finyan deyir g\u0259lin, oturaq, Fransa, AB\u015e v\u0259 Rusiya diplomatlar\u0131n\u0131n biz\u0259 laz\u0131m olub-olmayaca\u011f\u0131n\u0131 m\u00fczakir\u0259 ed\u0259k. Absurdlu\u011fun son h\u0259ddi.<\/p>\n<p><img src=\"https:\/\/sherg.az\/\/storage\/posts\/February2022\/8rPDqJd2501MusAjiAQ4.jpg\" alt=\"Zaxarovan\u0131n canf\u0259\u015fanl\u0131\u011f\u0131n\u0131n kodlar\u0131 a\u00e7\u0131l\u0131r:\u201cErm\u0259ni terror\u00e7ular\u0131n  qaytar\u0131lmas\u0131 Rusiyan\u0131n...\u201d\" \/><\/p>\n<p><strong>Rusiya Xarici \u0130\u015fl\u0259r Nazirliyinin r\u0259smi n\u00fcmay\u0259nd\u0259si Mariya Zaxarova Kremlin m\u00f6vqeyini a\u00e7\u0131q ifad\u0259 edib. Deyib ki, AT\u018fT-in Minsk Qrupu \u00e7\u0259r\u00e7iv\u0259sind\u0259 i\u015fin b\u0259rpas\u0131 m\u00fcmk\u00fcn deyil.<\/strong><\/p>\n<p>H\u0259tta onu da bildirib ki, son zamanlar Rusiya il\u0259 AB\u015e aras\u0131nda t\u0259maslar\u0131n b\u0259rpa olunmas\u0131n\u0131n Minsk Qrupu m\u00f6vzusu il\u0259 he\u00e7 bir \u0259laq\u0259si yoxdur. Y\u0259ni Trampla Putinin m\u00fcnasib\u0259ti bel\u0259, bu qrupu dirild\u0259 bilm\u0259y\u0259c\u0259k. Ortada \u201c\u00f6l\u00fcm fakt\u0131\u201d var ax\u0131.<\/p>\n<p><strong>M.Zaxarova Rusiyan\u0131n AT\u018fT-in Minsk Qrupu il\u0259 ba\u011fl\u0131 m\u00f6vqeyinin d\u0259yi\u015fm\u0259z oldu\u011funu s\u00f6yl\u0259yib. H\u0259m\u00e7inin Erm\u0259nistan\u0131n Qaraba\u011f\u0131 Az\u0259rbaycan\u0131n ayr\u0131lmaz t\u0259rkib hiss\u0259si kimi tan\u0131d\u0131\u011f\u0131n\u0131, 2023-c\u00fc ilin sentyabr\u0131nda yerd\u0259 v\u0259ziyy\u0259tin k\u00f6kl\u00fc \u015f\u0259kild\u0259 d\u0259yi\u015fdiyini xat\u0131rlad\u0131b. Zaxarova qeyd edib ki, b\u00fct\u00fcn bunlardan sonra AT\u018fT-in Minsk Qrupu \u00f6z aktuall\u0131\u011f\u0131n\u0131 itirib: \u201c\u0130ki h\u0259ms\u0259dr qrupda f\u0259aliyy\u0259tini dayand\u0131randan, yuxar\u0131da sadalad\u0131\u011f\u0131m faktorlardan sonra hans\u0131 Minsk Qrupundan s\u00f6hb\u0259t ged\u0259 bil\u0259r?!\u201d (APA)<\/strong><\/p>\n<p>Rusiya X\u0130N s\u00f6z\u00e7\u00fcs\u00fc AT\u018fT-in Qaraba\u011f nizamlanmas\u0131 il\u0259 ba\u011fl\u0131 b\u00fct\u00fcn strukturlar\u0131n\u0131n burax\u0131lmal\u0131 oldu\u011funu vur\u011fulay\u0131b. \u018flav\u0259 edib ki, bunu optimal yolu Bak\u0131 v\u0259 \u0130r\u0259van\u0131n birlikd\u0259 AT\u018fT-in qeyd olunan institutlar\u0131n\u0131n l\u0259\u011fv olunmas\u0131 t\u0259klifi il\u0259 \u00e7\u0131x\u0131\u015f etm\u0259sidir. Laz\u0131m olanlar deyilib. B\u00fct\u00fcn bunlardan sonra Pa\u015finyan minn\u0259tl\u0259 m\u00fczakir\u0259y\u0259 haz\u0131r oldu\u011funu dem\u0259kl\u0259&#8230;Bel\u0259 yerd\u0259 \u201cmotalla bir canl\u0131n\u0131n misal\u0131\u201d yada d\u00fc\u015f\u00fcr&#8230;<\/p>\n<p><strong>\u018fslind\u0259 m\u0259qs\u0259d b\u0259llidir. \u0130r\u0259van Minsk Qrupunu \u201cqurban\u201d verm\u0259kl\u0259 Avropa \u0130ttifaq\u0131n\u0131n k\u0259\u015ffiyyat \u015f\u0259b\u0259k\u0259sinin b\u00f6lg\u0259d\u0259 qalmas\u0131n\u0131 legitiml\u0259\u015fdirm\u0259k ist\u0259yir. Y\u0259ni \u201co olmas\u0131n, bu olsun\u201d.\u00a0<\/strong><\/p>\n<p><strong><img loading=\"lazy\" src=\"https:\/\/img.ednews.net\/news\/2021\/09\/photo_480330.jpg\" alt=\"D\u0259mir yumruq\u201d yerind\u0259dir, bunu he\u00e7 kim unutmas\u0131n! \u0130lham \u018fliyev\" width=\"837\" height=\"632\" \/><\/strong><\/p>\n<p>Bu g\u00fcn Bak\u0131n\u0131n \u0259sas t\u0259l\u0259bi Minsk Qrupu deyil, \u00e7\u00fcnki \u201c\u00f6l\u00fcn\u00fcn dal\u0131nca dan\u0131\u015fmazlar\u201d. Az\u0259rbaycan Erm\u0259nistandan konstitusiyas\u0131n\u0131 d\u0259yi\u015fdirm\u0259yi, \u0259razi iddialar\u0131 olan s\u0259n\u0259dl\u0259rd\u0259n imtinan\u0131 t\u0259l\u0259b edir! Pa\u015finyan s\u00f6z oyunu il\u0259 m\u0259\u015f\u011ful olmaqla diqq\u0259ti \u0259sas t\u0259l\u0259bd\u0259n yay\u0131nd\u0131rma\u011fa v\u0259 h\u0259m d\u0259 \u00f6z\u00fcn\u00fc \u201ckonstruktiv m\u00fczakir\u0259l\u0259r\u0259 haz\u0131r\u201d adam kimi t\u0259qdim etm\u0259y\u0259 \u00e7al\u0131\u015f\u0131r.<\/p>\n<div class=\"news-author text-left\"><a href=\"https:\/\/musavat.com\/author\/elsad-pasasoy_10\"><img class=\"img-responsive img-author\" src=\"https:\/\/cdn.musavat.com\/authors\/thumbnails\/efebc9e552e05242fb5c15b017367239.jpg\" \/>El\u015fad PA\u015eASOY<\/a><\/div>\n","protected":false},"excerpt":{"rendered":"<p>Nikol Pa\u015finyan \u201cX\u201d sosial \u015f\u0259b\u0259k\u0259sind\u0259 \u201cErm\u0259nistan v\u0259 Az\u0259rbaycan aras\u0131nda s\u00fclh sazi\u015finin layih\u0259si raz\u0131la\u015fd\u0131r\u0131l\u0131b v\u0259 imzalanma\u011f\u0131 g\u00f6zl\u0259yir. M\u0259n raz\u0131la\u015fd\u0131r\u0131lm\u0131\u015f s\u0259n\u0259di imzalama\u011fa haz\u0131ram\u201d, &#8211; yazandan sonra \u015f\u0259rti s\u0259rh\u0259dl\u0259rd\u0259 silahlar susmur. Makrondan tutmu\u015f, dig\u0259r himay\u0259darlar\u0131nad\u0259k bir \u00e7oxlar\u0131ndan \u201calq\u0131\u015f\u201d alan Erm\u0259nistan\u0131n ba\u015f naziri n\u0259d\u0259ns\u0259 s\u00fclh ba\u011flama\u011fa \u201chaz\u0131r oldu\u011fu\u201d Az\u0259rbaycana at\u0259\u015f a\u00e7anlar\u0131n ara\u015fd\u0131r\u0131lmas\u0131na h\u0259v\u0259sli g\u00f6r\u00fcnm\u00fcr. M\u0259ntiq onu deyir ki, Pa\u015finyan orduya \u201ci\u015finizd\u0259 olun\u201d, deyib v\u0259 \u201cs\u00fclhm\u0259raml\u0131\u201d b\u0259yanatlar\u0131na davam edir. N\u00f6vb\u0259ti b\u0259yanat\u0131 AT\u018fT-in Minsk Qrupu il\u0259 ba\u011fl\u0131 oldu. Pa\u015finyan \u00f6lk\u0259nin \u0130ctimai Televiziyas\u0131na m\u00fcsahib\u0259sind\u0259 bildirib ki, \u201cm\u00fczakir\u0259 edil\u0259 bil\u0259nl\u0259rd\u0259n biri AT\u018fT-in Minsk Qrupunun burax\u0131lmas\u0131 imkan\u0131d\u0131r. Bir daha&hellip;<\/p>\n","protected":false},"author":2,"featured_media":795422,"comment_status":"closed","ping_status":"closed","sticky":false,"template":"","format":"standard","meta":{"om_disable_all_campaigns":false,"_monsterinsights_skip_tracking":false,"_monsterinsights_sitenote_active":false,"_monsterinsights_sitenote_note":"","_monsterinsights_sitenote_category":0},"categories":[19],"tags":[],"aioseo_notices":[],"gutentor_comment":0,"rttpg_featured_image_url":{"full":["https:\/\/arantv.az\/wp-content\/uploads\/2025\/03\/34c92720f35f37d62f304ab3fc1d8c7d.jpg",870,500,false],"landscape":["https:\/\/arantv.az\/wp-content\/uploads\/2025\/03\/34c92720f35f37d62f304ab3fc1d8c7d.jpg",870,500,false],"portraits":["https:\/\/arantv.az\/wp-content\/uploads\/2025\/03\/34c92720f35f37d62f304ab3fc1d8c7d.jpg",870,500,false],"thumbnail":["https:\/\/arantv.az\/wp-content\/uploads\/2025\/03\/34c92720f35f37d62f304ab3fc1d8c7d-500x280.jpg",500,280,true],"medium":["https:\/\/arantv.az\/wp-content\/uploads\/2025\/03\/34c92720f35f37d62f304ab3fc1d8c7d-635x365.jpg",635,365,true],"large":["https:\/\/arantv.az\/wp-content\/uploads\/2025\/03\/34c92720f35f37d62f304ab3fc1d8c7d-840x483.jpg",640,368,true],"1536x1536":["https:\/\/arantv.az\/wp-content\/uploads\/2025\/03\/34c92720f35f37d62f304ab3fc1d8c7d.jpg",870,500,false],"2048x2048":["https:\/\/arantv.az\/wp-content\/uploads\/2025\/03\/34c92720f35f37d62f304ab3fc1d8c7d.jpg",870,500,false],"post-thumbnail":["https:\/\/arantv.az\/wp-content\/uploads\/2025\/03\/34c92720f35f37d62f304ab3fc1d8c7d-240x172.jpg",240,172,true],"advps-thumb-one":["https:\/\/arantv.az\/wp-content\/uploads\/2025\/03\/34c92720f35f37d62f304ab3fc1d8c7d.jpg",870,500,false]},"rttpg_author":{"display_name":"V\u00fcsal Rafiqo\u011flu","author_link":"https:\/\/arantv.az\/?author=2"},"rttpg_comment":0,"rttpg_category":"<a href=\"https:\/\/arantv.az\/?cat=19\" rel=\"category\">G\u00fcnd\u0259m<\/a>","rttpg_excerpt":"Nikol Pa\u015finyan \u201cX\u201d sosial \u015f\u0259b\u0259k\u0259sind\u0259 \u201cErm\u0259nistan v\u0259 Az\u0259rbaycan aras\u0131nda s\u00fclh sazi\u015finin layih\u0259si raz\u0131la\u015fd\u0131r\u0131l\u0131b v\u0259 imzalanma\u011f\u0131 g\u00f6zl\u0259yir. M\u0259n raz\u0131la\u015fd\u0131r\u0131lm\u0131\u015f s\u0259n\u0259di imzalama\u011fa haz\u0131ram\u201d, &#8211; yazandan sonra \u015f\u0259rti s\u0259rh\u0259dl\u0259rd\u0259 silahlar susmur. Makrondan tutmu\u015f, dig\u0259r himay\u0259darlar\u0131nad\u0259k bir \u00e7oxlar\u0131ndan \u201calq\u0131\u015f\u201d alan Erm\u0259nistan\u0131n ba\u015f naziri n\u0259d\u0259ns\u0259 s\u00fclh ba\u011flama\u011fa \u201chaz\u0131r oldu\u011fu\u201d Az\u0259rbaycana at\u0259\u015f a\u00e7anlar\u0131n ara\u015fd\u0131r\u0131lmas\u0131na h\u0259v\u0259sli g\u00f6r\u00fcnm\u00fcr. M\u0259ntiq onu deyir ki, Pa\u015finyan&hellip;","_links":{"self":[{"href":"https:\/\/arantv.az\/index.php?rest_route=\/wp\/v2\/posts\/795421"}],"collection":[{"href":"https:\/\/arantv.az\/index.php?rest_route=\/wp\/v2\/posts"}],"about":[{"href":"https:\/\/arantv.az\/index.php?rest_route=\/wp\/v2\/types\/post"}],"author":[{"embeddable":true,"href":"https:\/\/arantv.az\/index.php?rest_route=\/wp\/v2\/users\/2"}],"replies":[{"embeddable":true,"href":"https:\/\/arantv.az\/index.php?rest_route=%2Fwp%2Fv2%2Fcomments&post=795421"}],"version-history":[{"count":1,"href":"https:\/\/arantv.az\/index.php?rest_route=\/wp\/v2\/posts\/795421\/revisions"}],"predecessor-version":[{"id":795423,"href":"https:\/\/arantv.az\/index.php?rest_route=\/wp\/v2\/posts\/795421\/revisions\/795423"}],"wp:featuredmedia":[{"embeddable":true,"href":"https:\/\/arantv.az\/index.php?rest_route=\/wp\/v2\/media\/795422"}],"wp:attachment":[{"href":"https:\/\/arantv.az\/index.php?rest_route=%2Fwp%2Fv2%2Fmedia&parent=795421"}],"wp:term":[{"taxonomy":"category","embeddable":true,"href":"https:\/\/arantv.az\/index.php?rest_route=%2Fwp%2Fv2%2Fcategories&post=795421"},{"taxonomy":"post_tag","embeddable":true,"href":"https:\/\/arantv.az\/index.php?rest_route=%2Fwp%2Fv2%2Ftags&post=795421"}],"curies":[{"name":"wp","href":"https:\/\/api.w.org\/{rel}","templated":true}]}}