{"id":795436,"date":"2025-03-23T20:32:09","date_gmt":"2025-03-23T16:32:09","guid":{"rendered":"https:\/\/arantv.az\/?p=795436"},"modified":"2025-03-23T20:32:09","modified_gmt":"2025-03-23T16:32:09","slug":"papa-az%c9%99rbaycan-v%c9%99-erm%c9%99nistandan-danisdi-sulhun-%c9%99ld%c9%99-edilm%c9%99si","status":"publish","type":"post","link":"https:\/\/arantv.az\/?p=795436","title":{"rendered":"Papa Az\u0259rbaycan v\u0259 Erm\u0259nistandan dan\u0131\u015fd\u0131: &#8220;S\u00fclh\u00fcn \u0259ld\u0259 edilm\u0259si&#8230;&#8221;"},"content":{"rendered":"<p><strong>Roma Papas\u0131 Fransisk Az\u0259rbaycan v\u0259 Erm\u0259nistan haqda dan\u0131\u015f\u0131b.<\/strong><\/p>\n<p>Roma Papas\u0131 Erm\u0259nistan v\u0259 Az\u0259rbaycan aras\u0131nda s\u00fclh sazi\u015finin yekun ba\u011flanmas\u0131na do\u011fru ir\u0259lil\u0259diyi v\u0259 C\u0259nubi Qafqazda s\u00fclh istiqam\u0259tind\u0259 at\u0131lan add\u0131mlara g\u00f6r\u0259 minn\u0259tdarl\u0131\u011f\u0131n\u0131 bildirib\u201d.<\/p>\n<p>\u201cQoy bu, dig\u0259r m\u00fcnaqi\u015f\u0259l\u0259r \u00fc\u00e7\u00fcn d\u0259 \u00fcmid \u0259lam\u0259ti olsun\u201d, &#8211; dey\u0259 o bildirib.<\/p>\n","protected":false},"excerpt":{"rendered":"<p>Roma Papas\u0131 Fransisk Az\u0259rbaycan v\u0259 Erm\u0259nistan haqda dan\u0131\u015f\u0131b. Roma Papas\u0131 Erm\u0259nistan v\u0259 Az\u0259rbaycan aras\u0131nda s\u00fclh sazi\u015finin yekun ba\u011flanmas\u0131na do\u011fru ir\u0259lil\u0259diyi v\u0259 C\u0259nubi Qafqazda s\u00fclh istiqam\u0259tind\u0259 at\u0131lan add\u0131mlara g\u00f6r\u0259 minn\u0259tdarl\u0131\u011f\u0131n\u0131 bildirib\u201d. \u201cQoy bu, dig\u0259r m\u00fcnaqi\u015f\u0259l\u0259r \u00fc\u00e7\u00fcn d\u0259 \u00fcmid \u0259lam\u0259ti olsun\u201d, &#8211; dey\u0259 o bildirib.<\/p>\n","protected":false},"author":2,"featured_media":795437,"comment_status":"closed","ping_status":"closed","sticky":false,"template":"","format":"standard","meta":{"om_disable_all_campaigns":false,"_monsterinsights_skip_tracking":false,"_monsterinsights_sitenote_active":false,"_monsterinsights_sitenote_note":"","_monsterinsights_sitenote_category":0},"categories":[4],"tags":[],"aioseo_notices":[],"gutentor_comment":0,"rttpg_featured_image_url":{"full":["https:\/\/arantv.az\/wp-content\/uploads\/2025\/03\/8c3129942531c7aaa94e1e89d478f747.jpg",870,500,false],"landscape":["https:\/\/arantv.az\/wp-content\/uploads\/2025\/03\/8c3129942531c7aaa94e1e89d478f747.jpg",870,500,false],"portraits":["https:\/\/arantv.az\/wp-content\/uploads\/2025\/03\/8c3129942531c7aaa94e1e89d478f747.jpg",870,500,false],"thumbnail":["https:\/\/arantv.az\/wp-content\/uploads\/2025\/03\/8c3129942531c7aaa94e1e89d478f747-500x280.jpg",500,280,true],"medium":["https:\/\/arantv.az\/wp-content\/uploads\/2025\/03\/8c3129942531c7aaa94e1e89d478f747-635x365.jpg",635,365,true],"large":["https:\/\/arantv.az\/wp-content\/uploads\/2025\/03\/8c3129942531c7aaa94e1e89d478f747-840x483.jpg",640,368,true],"1536x1536":["https:\/\/arantv.az\/wp-content\/uploads\/2025\/03\/8c3129942531c7aaa94e1e89d478f747.jpg",870,500,false],"2048x2048":["https:\/\/arantv.az\/wp-content\/uploads\/2025\/03\/8c3129942531c7aaa94e1e89d478f747.jpg",870,500,false],"post-thumbnail":["https:\/\/arantv.az\/wp-content\/uploads\/2025\/03\/8c3129942531c7aaa94e1e89d478f747-240x172.jpg",240,172,true],"advps-thumb-one":["https:\/\/arantv.az\/wp-content\/uploads\/2025\/03\/8c3129942531c7aaa94e1e89d478f747.jpg",870,500,false]},"rttpg_author":{"display_name":"V\u00fcsal Rafiqo\u011flu","author_link":"https:\/\/arantv.az\/?author=2"},"rttpg_comment":0,"rttpg_category":"<a href=\"https:\/\/arantv.az\/?cat=4\" rel=\"category\">Siyas\u0259t<\/a>","rttpg_excerpt":"Roma Papas\u0131 Fransisk Az\u0259rbaycan v\u0259 Erm\u0259nistan haqda dan\u0131\u015f\u0131b. Roma Papas\u0131 Erm\u0259nistan v\u0259 Az\u0259rbaycan aras\u0131nda s\u00fclh sazi\u015finin yekun ba\u011flanmas\u0131na do\u011fru ir\u0259lil\u0259diyi v\u0259 C\u0259nubi Qafqazda s\u00fclh istiqam\u0259tind\u0259 at\u0131lan add\u0131mlara g\u00f6r\u0259 minn\u0259tdarl\u0131\u011f\u0131n\u0131 bildirib\u201d. \u201cQoy bu, dig\u0259r m\u00fcnaqi\u015f\u0259l\u0259r \u00fc\u00e7\u00fcn d\u0259 \u00fcmid \u0259lam\u0259ti olsun\u201d, &#8211; dey\u0259 o bildirib.","_links":{"self":[{"href":"https:\/\/arantv.az\/index.php?rest_route=\/wp\/v2\/posts\/795436"}],"collection":[{"href":"https:\/\/arantv.az\/index.php?rest_route=\/wp\/v2\/posts"}],"about":[{"href":"https:\/\/arantv.az\/index.php?rest_route=\/wp\/v2\/types\/post"}],"author":[{"embeddable":true,"href":"https:\/\/arantv.az\/index.php?rest_route=\/wp\/v2\/users\/2"}],"replies":[{"embeddable":true,"href":"https:\/\/arantv.az\/index.php?rest_route=%2Fwp%2Fv2%2Fcomments&post=795436"}],"version-history":[{"count":1,"href":"https:\/\/arantv.az\/index.php?rest_route=\/wp\/v2\/posts\/795436\/revisions"}],"predecessor-version":[{"id":795438,"href":"https:\/\/arantv.az\/index.php?rest_route=\/wp\/v2\/posts\/795436\/revisions\/795438"}],"wp:featuredmedia":[{"embeddable":true,"href":"https:\/\/arantv.az\/index.php?rest_route=\/wp\/v2\/media\/795437"}],"wp:attachment":[{"href":"https:\/\/arantv.az\/index.php?rest_route=%2Fwp%2Fv2%2Fmedia&parent=795436"}],"wp:term":[{"taxonomy":"category","embeddable":true,"href":"https:\/\/arantv.az\/index.php?rest_route=%2Fwp%2Fv2%2Fcategories&post=795436"},{"taxonomy":"post_tag","embeddable":true,"href":"https:\/\/arantv.az\/index.php?rest_route=%2Fwp%2Fv2%2Ftags&post=795436"}],"curies":[{"name":"wp","href":"https:\/\/api.w.org\/{rel}","templated":true}]}}