{"id":795439,"date":"2025-03-23T20:33:32","date_gmt":"2025-03-23T16:33:32","guid":{"rendered":"https:\/\/arantv.az\/?p=795439"},"modified":"2025-03-23T20:33:32","modified_gmt":"2025-03-23T16:33:32","slug":"putinin-rusiyadaki-v%c9%99-xaricd%c9%99ki-heyranlari-kremlin-t%c9%99hluk%c9%99li-qafqaz-plani-varmi","status":"publish","type":"post","link":"https:\/\/arantv.az\/?p=795439","title":{"rendered":"Putinin Rusiyadak\u0131 v\u0259 xaricd\u0259ki heyranlar\u0131 \u2013 Kremlin t\u0259hl\u00fck\u0259li Qafqaz plan\u0131&#8230; varm\u0131?"},"content":{"rendered":"<p><strong>Ukrayna m\u00fcharib\u0259sinin sonu n\u0259yins\u0259 ba\u015flan\u011f\u0131c\u0131 olacaq. Analitik \u00e7evr\u0259l\u0259rd\u0259 dola\u015fan ehtimallara g\u00f6r\u0259, s\u00f6hb\u0259t h\u0259r \u015feyd\u0259n \u00f6nc\u0259 AB\u015e-la Rusiya aras\u0131nda m\u00fcmk\u00fcn yeni geosiyasi anla\u015fmalardan gedir. Bu anla\u015fmalar konkret olaraq, Az\u0259rbaycan\u0131n yerl\u0259\u015fdiyi G\u00fcney Qafqaza nec\u0259 proyeksiya ed\u0259 bil\u0259r?<\/strong><\/p>\n<p>H\u0259l\u0259lik s\u00f6yl\u0259m\u0259k \u00e7\u0259tindir. Ancaq \u0259g\u0259r AB\u015e prezidentinin x\u00fcsusi n\u00fcmay\u0259nd\u0259si Stiv Uitkoff suveren Ukraynan\u0131n 20%-nd\u0259n \u00e7oxunu i\u015f\u011fal el\u0259mi\u015f bir d\u00f6vl\u0259tin \u2013 Rusiyan\u0131n indiki r\u0259hb\u0259rin\u0259 heyranl\u0131\u011f\u0131n\u0131 gizl\u0259tm\u0259yib d\u0259, onu \u201cd\u0259rin-z\u0259ka sahibi\u201d adland\u0131r\u0131rsa (az \u00f6nc\u0259 Uitkoffun gizli \u015f\u0259kild\u0259 Bak\u0131da olmas\u0131 x\u0259b\u0259ri yay\u0131lm\u0131\u015fd\u0131), eyni zamanda, i\u015far\u0259 edirs\u0259 ki, G\u00fcney Qafqaz da ba\u015fqa b\u00f6lg\u0259l\u0259r kimi, \u00f6z ba\u015f\u0131n\u0131n \u00e7ar\u0259sin\u0259 qalmal\u0131d\u0131r, onda suallar\u0131n say\u0131 art\u0131r.<\/p>\n<p>H\u0259min sitat bel\u0259dir: \u201cM\u0259n n\u0259 \u00fc\u00e7\u00fcn prezidentin (Tramp\u0131n \u2013 red.) yan\u0131na getm\u0259liy\u0259m v\u0259 ona bir \u015feyi dialoqla bitir\u0259 bil\u0259c\u0259yimizi t\u0259klif etm\u0259liy\u0259m? Sonra effektiv \u015f\u0259kild\u0259 h\u0259r\u0259k\u0259t edib sonunda bu q\u0259d\u0259r effektiv olmaya bil\u0259c\u0259yimizi g\u00f6r\u0259k?.. Bu, yax\u015f\u0131 siyasi resept deyil. Bel\u0259 hesablamalar iranl\u0131lar, ruslar v\u0259 ukraynal\u0131lar il\u0259 eyni olacaq. Az\u0259rbaycanla Erm\u0259nistan il\u0259 d\u0259 eyni olacaq. Bu prinsipl\u0259r AB\u015e-\u0131n dan\u0131\u015fa bil\u0259c\u0259yi b\u00fct\u00fcn m\u00fcnaqi\u015f\u0259l\u0259r\u0259 aiddir\u201d&#8230;<\/p>\n<p><strong>T\u0259cav\u00fczkar \u00f6lk\u0259y\u0259 v\u0259 onun prezidentin\u0259 simpatiyadan s\u00f6z d\u00fc\u015fm\u00fc\u015fk\u0259n, a\u015fa\u011f\u0131dak\u0131 r\u0259q\u0259ml\u0259r\u0259 diqq\u0259t ed\u0259k: \u00dcmumrusiya \u0130ctimai R\u0259yin \u00d6yr\u0259nilm\u0259si M\u0259rk\u0259zinin ke\u00e7irdiyi sor\u011funun n\u0259tic\u0259sin\u0259 g\u00f6r\u0259, haz\u0131rda rekord sayda rusiyal\u0131 \u2013 \u0259halinin 79,8%-i (!) Vladimir Putin\u0259 g\u00fcv\u0259nir. Respondentl\u0259rin yaln\u0131z 16%-i Putin\u0259 inanmad\u0131\u011f\u0131n\u0131 bildirib. 78,1% Putinin f\u0259aliyy\u0259tini m\u00fcsb\u0259t, 13,6% is\u0259 m\u0259nfi qiym\u0259tl\u0259ndirib.<\/strong><\/p>\n<p>Dem\u0259k ki, Rusiyan\u0131 qon\u015fu \u00f6lk\u0259nin \u0259razil\u0259ri hesab\u0131na, silah g\u00fcc\u00fcn\u0259 b\u00f6y\u00fctm\u0259y\u0259 davam ed\u0259n Putin\u0259 r\u0259\u011fb\u0259t b\u0259sl\u0259y\u0259n t\u0259kc\u0259 Tramp v\u0259 onun n\u00fcmay\u0259nd\u0259si deyilmi\u015f, h\u0259m d\u0259 Rusiya c\u0259miyy\u0259tinin m\u00fctl\u0259q \u0259ks\u0259riyy\u0259ti imi\u015f. H\u0259r iki fakt olduqca d\u00fc\u015f\u00fcnd\u00fcr\u00fcc\u00fc olmaqla b\u0259rab\u0259r, b\u00f6lg\u0259mizl\u0259 ba\u011fl\u0131 narahat g\u00f6zl\u0259ntini g\u00fccl\u0259ndirir. \u018fc\u0259ba, Ukrayna m\u00fcnaqi\u015f\u0259sinin bitm\u0259si v\u0259 ya dondurulmas\u0131 il\u0259, eyni zamanda, Tramp Amerikas\u0131n\u0131n Avropada v\u0259 dig\u0259r b\u00f6lg\u0259l\u0259rd\u0259 qlobal m\u00f6vcudlu\u011funun z\u0259ifl\u0259m\u0259si il\u0259 Kremlin postsovet m\u0259kan\u0131nda \u0259l-qolu a\u00e7\u0131lm\u0131\u015f olacaqm\u0131?..<\/p>\n<p>\u201cRusiya \u00e7ox g\u00fcman ki, \u201cyax\u0131n xaric\u201d \u00f6lk\u0259l\u0259rin\u0259, x\u00fcsus\u0259n d\u0259 ke\u00e7mi\u015f SSR\u0130 \u0259razisind\u0259ki v\u0259 \u015e\u0259rqi Avropadak\u0131 \u00f6lk\u0259l\u0259r\u0259 h\u0259rbi-siyasi t\u0259zyiql\u0259r d\u0259 daxil, \u00f6z t\u0259sirini g\u00fccl\u0259ndirm\u0259kd\u0259 davam ed\u0259c\u0259k. Yeni h\u0259rbi \u0259m\u0259liyyatlar v\u0259 ya Moskva \u00fc\u00e7\u00fcn strateji maraq k\u0259sb ed\u0259n b\u00f6lg\u0259l\u0259rd\u0259 m\u00f6vcudlu\u011fun geni\u015fl\u0259ndirilm\u0259si d\u0259 m\u00fcmk\u00fcnd\u00fcr\u201d.<\/p>\n<p><img src=\"https:\/\/i.ytimg.com\/vi\/eCrsn7kGwlg\/maxresdefault.jpg\" alt=\"Assoc. Prof. Dr. David Felsen - Vice Rector for International Relations\" \/><\/p>\n<p><strong>Bunu Minval.az-a m\u00fcsahib\u0259sind\u0259 amerikal\u0131 politoloq, Oksford Universitetinin siyas\u0259t \u00fczr\u0259 f\u0259ls\u0259f\u0259 doktoru, professor Devid Felsen deyib.<\/strong><\/p>\n<p>Onun q\u0259na\u0259tinc\u0259, C\u0259nubi Qafqaz\u0131 \u0259n \u00e7ox narahat ed\u0259n m\u0259s\u0259l\u0259 m\u0259hz Putin d\u00f6vr\u00fcnd\u0259 Moskvan\u0131n ke\u00e7mi\u015f sovet respublikalar\u0131nda \u00f6z t\u0259sirini b\u0259rpaya v\u0259 geni\u015fl\u0259ndirm\u0259y\u0259 y\u00f6n\u0259lik xarici siyas\u0259t kursunu g\u00fccl\u0259ndirm\u0259k ist\u0259yi olmal\u0131d\u0131r. \u201cBu, x\u00fcsusil\u0259 Erm\u0259nistan v\u0259 Az\u0259rbaycan aras\u0131nda davam ed\u0259n g\u0259rginlik \u015f\u0259raitind\u0259 regional t\u0259hl\u00fck\u0259sizliy\u0259 \u0259lav\u0259 probleml\u0259r yarada bil\u0259r. Odur ki, Avropa, C\u0259nubi Qafqaz v\u0259 M\u0259rk\u0259zi Asiya x\u00fcsusil\u0259 ehtiyatl\u0131 olmal\u0131 v\u0259 hadis\u0259l\u0259rin g\u0259l\u0259c\u0259k inki\u015faf\u0131n\u0131n nec\u0259 inki\u015faf ed\u0259c\u0259yini diqq\u0259tl\u0259 izl\u0259m\u0259lidir. \u00c7\u00fcnki Rusiyan\u0131n bu regionlarda g\u0259l\u0259c\u0259k add\u0131mlar\u0131 \u0259sas\u0259n Ukraynadak\u0131 m\u00fcharib\u0259nin n\u0259tic\u0259sind\u0259n as\u0131l\u0131 olacaq\u201d, &#8211; dey\u0259 ekspert x\u0259b\u0259rdarl\u0131q edib.<\/p>\n<p>Analitik hesab edir ki, Kreml ba\u015f\u00e7\u0131s\u0131 postsovet \u00f6lk\u0259l\u0259rind\u0259 \u00f6z t\u0259sirini g\u00fccl\u0259ndirm\u0259yi h\u0259d\u0259fl\u0259yib v\u0259 Ukraynadak\u0131 h\u0259rbi \u0259m\u0259liyyatlar\u0131n n\u0259tic\u0259si Moskvan\u0131n s\u00f6z\u00fcged\u0259n m\u0259kanda strategiyas\u0131n\u0131n m\u00fc\u0259yy\u0259nl\u0259\u015fm\u0259sind\u0259 \u0259sas rol oynayacaq: \u201cBu, h\u0259min \u00f6lk\u0259l\u0259rd\u0259 h\u0259m t\u0259hl\u00fck\u0259sizlik, h\u0259m d\u0259 siyasi-iqtisadi prosesl\u0259r\u0259 t\u0259sir g\u00f6st\u0259r\u0259, onlar\u0131 h\u0259m Rusiya, h\u0259m d\u0259 Q\u0259rb t\u0259r\u0259fda\u015flar\u0131 il\u0259 ba\u011fl\u0131 xarici iqtisadi v\u0259 strateji prioritetl\u0259rin\u0259 yenid\u0259n baxma\u011fa s\u00f6vq ed\u0259 bil\u0259r. Rusiya \u015e\u0259rqi Avropa, M\u0259rk\u0259zi Asiya v\u0259 C\u0259nubi Qafqazda \u00f6z t\u0259sirini n\u0259inki saxlamaq, h\u0259m d\u0259 g\u00fccl\u0259ndirm\u0259k ist\u0259y\u0259c\u0259k. Bu, h\u0259min regionlar\u0131n Rusiya \u00fc\u00e7\u00fcn strateji \u0259h\u0259miyy\u0259ti, tarixi ba\u011fl\u0131l\u0131q v\u0259 k\u00f6hn\u0259 ittifaqlar\u0131n m\u00f6vcudlu\u011fu, habel\u0259 postsovet m\u0259kan\u0131nda \u00f6z geosiyasi rolunu b\u0259rpa etm\u0259k ist\u0259yi kimi bir ne\u00e7\u0259 \u0259sas faktorla ba\u011fl\u0131d\u0131r. \u00c7ox g\u00fcman ki, Rusiya bu regionlarda \u00f6z h\u0259d\u0259fin\u0259 \u00e7atmaq \u00fc\u00e7\u00fcn siyasi, iqtisadi v\u0259 h\u0259rbi t\u0259sir imkanlar\u0131ndan istifad\u0259 etm\u0259y\u0259 \u00e7al\u0131\u015facaq\u201d&#8230;<\/p>\n<p>\u015e\u00fcbh\u0259 yox ki, Az\u0259rbaycan bu t\u0259hdidl\u0259r qar\u015f\u0131s\u0131nda \u0259n g\u00fccl\u00fc \u201cimmuniteti\u201d olan azsayl\u0131 d\u00f6vl\u0259tl\u0259rd\u0259ndir. H\u0259r nec\u0259 olmasa, \u00f6lk\u0259mizd\u0259 birc\u0259 rus \u0259sg\u0259ri d\u0259 yoxdur, \u201cerm\u0259ni kart\u0131\u201d is\u0259 faktiki oyundan \u00e7\u0131xar\u0131l\u0131b, ba\u011flan\u0131b. \u00dcst\u0259g\u0259l, qarda\u015f T\u00fcrkiy\u0259 timsal\u0131nda g\u00fccl\u00fc m\u00fctt\u0259fiqimiz, \u015eu\u015fa B\u0259yannam\u0259si var. \u018fliyev-Putin, \u018frdo\u011fan-Putin m\u00fcnasib\u0259tl\u0259rind\u0259 is\u0259 d\u0259rin \u00e7atlar yoxdur.<\/p>\n<p>Ancaq \u201c\u015f\u0259r dem\u0259s\u0259n, xeyir g\u0259lm\u0259z\u201d. \u0130\u015fimizi m\u00f6hk\u0259m tutmal\u0131, ay\u0131q-say\u0131ql\u0131\u011f\u0131m\u0131z\u0131 bir an bel\u0259 itirm\u0259m\u0259liyik. B\u00fct\u00fcn hallarda 2025 tarixd\u0259 bir \u00e7ox parametrl\u0259r\u0259 g\u00f6r\u0259, nec\u0259 qalacaq &#8211; t\u0259lat\u00fcml\u00fc il kimi, yoxsa&#8230; Yax\u0131n aylarda, x\u00fcsus\u0259n d\u0259 ilin ortalar\u0131nda bu suala xeyli d\u0259r\u0259c\u0259d\u0259 ayd\u0131nl\u0131q g\u0259l\u0259c\u0259k.<\/p>\n","protected":false},"excerpt":{"rendered":"<p>Ukrayna m\u00fcharib\u0259sinin sonu n\u0259yins\u0259 ba\u015flan\u011f\u0131c\u0131 olacaq. Analitik \u00e7evr\u0259l\u0259rd\u0259 dola\u015fan ehtimallara g\u00f6r\u0259, s\u00f6hb\u0259t h\u0259r \u015feyd\u0259n \u00f6nc\u0259 AB\u015e-la Rusiya aras\u0131nda m\u00fcmk\u00fcn yeni geosiyasi anla\u015fmalardan gedir. Bu anla\u015fmalar konkret olaraq, Az\u0259rbaycan\u0131n yerl\u0259\u015fdiyi G\u00fcney Qafqaza nec\u0259 proyeksiya ed\u0259 bil\u0259r? H\u0259l\u0259lik s\u00f6yl\u0259m\u0259k \u00e7\u0259tindir. Ancaq \u0259g\u0259r AB\u015e prezidentinin x\u00fcsusi n\u00fcmay\u0259nd\u0259si Stiv Uitkoff suveren Ukraynan\u0131n 20%-nd\u0259n \u00e7oxunu i\u015f\u011fal el\u0259mi\u015f bir d\u00f6vl\u0259tin \u2013 Rusiyan\u0131n indiki r\u0259hb\u0259rin\u0259 heyranl\u0131\u011f\u0131n\u0131 gizl\u0259tm\u0259yib d\u0259, onu \u201cd\u0259rin-z\u0259ka sahibi\u201d adland\u0131r\u0131rsa (az \u00f6nc\u0259 Uitkoffun gizli \u015f\u0259kild\u0259 Bak\u0131da olmas\u0131 x\u0259b\u0259ri yay\u0131lm\u0131\u015fd\u0131), eyni zamanda, i\u015far\u0259 edirs\u0259 ki, G\u00fcney Qafqaz da ba\u015fqa b\u00f6lg\u0259l\u0259r kimi, \u00f6z ba\u015f\u0131n\u0131n \u00e7ar\u0259sin\u0259 qalmal\u0131d\u0131r, onda&hellip;<\/p>\n","protected":false},"author":2,"featured_media":795440,"comment_status":"closed","ping_status":"closed","sticky":false,"template":"","format":"standard","meta":{"om_disable_all_campaigns":false,"_monsterinsights_skip_tracking":false,"_monsterinsights_sitenote_active":false,"_monsterinsights_sitenote_note":"","_monsterinsights_sitenote_category":0},"categories":[4],"tags":[],"aioseo_notices":[],"gutentor_comment":0,"rttpg_featured_image_url":{"full":["https:\/\/arantv.az\/wp-content\/uploads\/2025\/03\/2a07d19d04e914bdf8668375a93fd09f.jpg",750,499,false],"landscape":["https:\/\/arantv.az\/wp-content\/uploads\/2025\/03\/2a07d19d04e914bdf8668375a93fd09f.jpg",750,499,false],"portraits":["https:\/\/arantv.az\/wp-content\/uploads\/2025\/03\/2a07d19d04e914bdf8668375a93fd09f.jpg",750,499,false],"thumbnail":["https:\/\/arantv.az\/wp-content\/uploads\/2025\/03\/2a07d19d04e914bdf8668375a93fd09f-500x280.jpg",500,280,true],"medium":["https:\/\/arantv.az\/wp-content\/uploads\/2025\/03\/2a07d19d04e914bdf8668375a93fd09f-549x365.jpg",549,365,true],"large":["https:\/\/arantv.az\/wp-content\/uploads\/2025\/03\/2a07d19d04e914bdf8668375a93fd09f.jpg",640,426,false],"1536x1536":["https:\/\/arantv.az\/wp-content\/uploads\/2025\/03\/2a07d19d04e914bdf8668375a93fd09f.jpg",750,499,false],"2048x2048":["https:\/\/arantv.az\/wp-content\/uploads\/2025\/03\/2a07d19d04e914bdf8668375a93fd09f.jpg",750,499,false],"post-thumbnail":["https:\/\/arantv.az\/wp-content\/uploads\/2025\/03\/2a07d19d04e914bdf8668375a93fd09f-240x172.jpg",240,172,true],"advps-thumb-one":["https:\/\/arantv.az\/wp-content\/uploads\/2025\/03\/2a07d19d04e914bdf8668375a93fd09f.jpg",750,499,false]},"rttpg_author":{"display_name":"V\u00fcsal Rafiqo\u011flu","author_link":"https:\/\/arantv.az\/?author=2"},"rttpg_comment":0,"rttpg_category":"<a href=\"https:\/\/arantv.az\/?cat=4\" rel=\"category\">Siyas\u0259t<\/a>","rttpg_excerpt":"Ukrayna m\u00fcharib\u0259sinin sonu n\u0259yins\u0259 ba\u015flan\u011f\u0131c\u0131 olacaq. Analitik \u00e7evr\u0259l\u0259rd\u0259 dola\u015fan ehtimallara g\u00f6r\u0259, s\u00f6hb\u0259t h\u0259r \u015feyd\u0259n \u00f6nc\u0259 AB\u015e-la Rusiya aras\u0131nda m\u00fcmk\u00fcn yeni geosiyasi anla\u015fmalardan gedir. Bu anla\u015fmalar konkret olaraq, Az\u0259rbaycan\u0131n yerl\u0259\u015fdiyi G\u00fcney Qafqaza nec\u0259 proyeksiya ed\u0259 bil\u0259r? H\u0259l\u0259lik s\u00f6yl\u0259m\u0259k \u00e7\u0259tindir. Ancaq \u0259g\u0259r AB\u015e prezidentinin x\u00fcsusi n\u00fcmay\u0259nd\u0259si Stiv Uitkoff suveren Ukraynan\u0131n 20%-nd\u0259n \u00e7oxunu i\u015f\u011fal el\u0259mi\u015f bir d\u00f6vl\u0259tin \u2013&hellip;","_links":{"self":[{"href":"https:\/\/arantv.az\/index.php?rest_route=\/wp\/v2\/posts\/795439"}],"collection":[{"href":"https:\/\/arantv.az\/index.php?rest_route=\/wp\/v2\/posts"}],"about":[{"href":"https:\/\/arantv.az\/index.php?rest_route=\/wp\/v2\/types\/post"}],"author":[{"embeddable":true,"href":"https:\/\/arantv.az\/index.php?rest_route=\/wp\/v2\/users\/2"}],"replies":[{"embeddable":true,"href":"https:\/\/arantv.az\/index.php?rest_route=%2Fwp%2Fv2%2Fcomments&post=795439"}],"version-history":[{"count":2,"href":"https:\/\/arantv.az\/index.php?rest_route=\/wp\/v2\/posts\/795439\/revisions"}],"predecessor-version":[{"id":795442,"href":"https:\/\/arantv.az\/index.php?rest_route=\/wp\/v2\/posts\/795439\/revisions\/795442"}],"wp:featuredmedia":[{"embeddable":true,"href":"https:\/\/arantv.az\/index.php?rest_route=\/wp\/v2\/media\/795440"}],"wp:attachment":[{"href":"https:\/\/arantv.az\/index.php?rest_route=%2Fwp%2Fv2%2Fmedia&parent=795439"}],"wp:term":[{"taxonomy":"category","embeddable":true,"href":"https:\/\/arantv.az\/index.php?rest_route=%2Fwp%2Fv2%2Fcategories&post=795439"},{"taxonomy":"post_tag","embeddable":true,"href":"https:\/\/arantv.az\/index.php?rest_route=%2Fwp%2Fv2%2Ftags&post=795439"}],"curies":[{"name":"wp","href":"https:\/\/api.w.org\/{rel}","templated":true}]}}