{"id":795446,"date":"2025-03-23T20:35:08","date_gmt":"2025-03-23T16:35:08","guid":{"rendered":"https:\/\/arantv.az\/?p=795446"},"modified":"2025-03-23T20:35:08","modified_gmt":"2025-03-23T16:35:08","slug":"bu-tarix%c9%99d%c9%99k-kul%c9%99k-%c9%99s%c9%99c%c9%99k-yagis-yagacaq","status":"publish","type":"post","link":"https:\/\/arantv.az\/?p=795446","title":{"rendered":"Bu tarix\u0259d\u0259k k\u00fcl\u0259k \u0259s\u0259c\u0259k, ya\u011f\u0131\u015f ya\u011facaq"},"content":{"rendered":"<p><strong>\u00d6lk\u0259 \u0259razisind\u0259 ya\u011f\u0131nt\u0131l\u0131 v\u0259 k\u00fcl\u0259kli hava \u015f\u0259raitinin mart\u0131n 25-d\u0259k davam ed\u0259c\u0259yi g\u00f6zl\u0259nilir.<\/strong><\/p>\n<p>Milli Hidrometeorologiya Xidm\u0259tind\u0259n Musavat.com-a bildiribl\u0259r ki, ayr\u0131-ayr\u0131 yerl\u0259rd\u0259 ya\u011f\u0131nt\u0131lar\u0131n intensivl\u0259\u015f\u0259c\u0259yi, \u015fim\u015f\u0259k \u00e7axaca\u011f\u0131, dolu d\u00fc\u015f\u0259c\u0259yi, da\u011fl\u0131q rayonlarda sulu qar, qar ya\u011faca\u011f\u0131 ehtimal olunur.<\/p>\n<p>Ya\u011f\u0131nt\u0131l\u0131 hava \u015f\u0259raiti il\u0259 \u0259laq\u0259dar \u00e7aylarda sululu\u011fun artaca\u011f\u0131, B\u00f6y\u00fck v\u0259 Ki\u00e7ik Qafqaz\u0131n b\u0259zi da\u011f \u00e7aylar\u0131ndan q\u0131sam\u00fcdd\u0259tli sel ke\u00e7\u0259c\u0259yi ehtimal\u0131 var.<\/p>\n<p>Bak\u0131da v\u0259 Ab\u015feron yar\u0131madas\u0131nda, eyni zamanda b\u0259zi b\u00f6lg\u0259l\u0259rd\u0259 g\u00f6zl\u0259nil\u0259n k\u00fcl\u0259kli hava \u015f\u0259raiti il\u0259 ba\u011fl\u0131 sar\u0131 x\u0259b\u0259rdarl\u0131q verib.<\/p>\n<p>Bak\u0131da v\u0259 Ab\u015feron yar\u0131madas\u0131nda, Ming\u0259\u00e7evir, Q\u0259b\u0259l\u0259, O\u011fuz, \u015e\u0259ki, \u0130smay\u0131ll\u0131, Qusar, Xa\u00e7maz, Alt\u0131a\u011fac, Siy\u0259z\u0259n, \u015eabran, Qobustan, Hac\u0131qabul, K\u0259lb\u0259c\u0259r, La\u00e7\u0131n, Z\u0259ngilan v\u0259 Da\u015fk\u0259s\u0259nd\u0259 \u015fimal-q\u0259rb k\u00fcl\u0259yi \u0259s\u0259c\u0259k, sar\u0131 x\u0259b\u0259rdarl\u0131\u011fa uy\u011fun olaraq k\u00fcl\u0259yin s\u00fcr\u0259ti 13.9-20.7 m\/san t\u0259\u015fkil ed\u0259c\u0259k.<\/p>\n","protected":false},"excerpt":{"rendered":"<p>\u00d6lk\u0259 \u0259razisind\u0259 ya\u011f\u0131nt\u0131l\u0131 v\u0259 k\u00fcl\u0259kli hava \u015f\u0259raitinin mart\u0131n 25-d\u0259k davam ed\u0259c\u0259yi g\u00f6zl\u0259nilir. Milli Hidrometeorologiya Xidm\u0259tind\u0259n Musavat.com-a bildiribl\u0259r ki, ayr\u0131-ayr\u0131 yerl\u0259rd\u0259 ya\u011f\u0131nt\u0131lar\u0131n intensivl\u0259\u015f\u0259c\u0259yi, \u015fim\u015f\u0259k \u00e7axaca\u011f\u0131, dolu d\u00fc\u015f\u0259c\u0259yi, da\u011fl\u0131q rayonlarda sulu qar, qar ya\u011faca\u011f\u0131 ehtimal olunur. Ya\u011f\u0131nt\u0131l\u0131 hava \u015f\u0259raiti il\u0259 \u0259laq\u0259dar \u00e7aylarda sululu\u011fun artaca\u011f\u0131, B\u00f6y\u00fck v\u0259 Ki\u00e7ik Qafqaz\u0131n b\u0259zi da\u011f \u00e7aylar\u0131ndan q\u0131sam\u00fcdd\u0259tli sel ke\u00e7\u0259c\u0259yi ehtimal\u0131 var. Bak\u0131da v\u0259 Ab\u015feron yar\u0131madas\u0131nda, eyni zamanda b\u0259zi b\u00f6lg\u0259l\u0259rd\u0259 g\u00f6zl\u0259nil\u0259n k\u00fcl\u0259kli hava \u015f\u0259raiti il\u0259 ba\u011fl\u0131 sar\u0131 x\u0259b\u0259rdarl\u0131q verib. Bak\u0131da v\u0259 Ab\u015feron yar\u0131madas\u0131nda, Ming\u0259\u00e7evir, Q\u0259b\u0259l\u0259, O\u011fuz, \u015e\u0259ki, \u0130smay\u0131ll\u0131, Qusar, Xa\u00e7maz, Alt\u0131a\u011fac, Siy\u0259z\u0259n, \u015eabran, Qobustan, Hac\u0131qabul, K\u0259lb\u0259c\u0259r, La\u00e7\u0131n, Z\u0259ngilan&hellip;<\/p>\n","protected":false},"author":2,"featured_media":795447,"comment_status":"closed","ping_status":"closed","sticky":false,"template":"","format":"standard","meta":{"om_disable_all_campaigns":false,"_monsterinsights_skip_tracking":false,"_monsterinsights_sitenote_active":false,"_monsterinsights_sitenote_note":"","_monsterinsights_sitenote_category":0},"categories":[22],"tags":[],"aioseo_notices":[],"gutentor_comment":0,"rttpg_featured_image_url":{"full":["https:\/\/arantv.az\/wp-content\/uploads\/2025\/03\/a7d2d6ba51ee10faedadde017fbfcc21.jpg",850,500,false],"landscape":["https:\/\/arantv.az\/wp-content\/uploads\/2025\/03\/a7d2d6ba51ee10faedadde017fbfcc21.jpg",850,500,false],"portraits":["https:\/\/arantv.az\/wp-content\/uploads\/2025\/03\/a7d2d6ba51ee10faedadde017fbfcc21.jpg",850,500,false],"thumbnail":["https:\/\/arantv.az\/wp-content\/uploads\/2025\/03\/a7d2d6ba51ee10faedadde017fbfcc21-500x280.jpg",500,280,true],"medium":["https:\/\/arantv.az\/wp-content\/uploads\/2025\/03\/a7d2d6ba51ee10faedadde017fbfcc21-621x365.jpg",621,365,true],"large":["https:\/\/arantv.az\/wp-content\/uploads\/2025\/03\/a7d2d6ba51ee10faedadde017fbfcc21-840x494.jpg",640,376,true],"1536x1536":["https:\/\/arantv.az\/wp-content\/uploads\/2025\/03\/a7d2d6ba51ee10faedadde017fbfcc21.jpg",850,500,false],"2048x2048":["https:\/\/arantv.az\/wp-content\/uploads\/2025\/03\/a7d2d6ba51ee10faedadde017fbfcc21.jpg",850,500,false],"post-thumbnail":["https:\/\/arantv.az\/wp-content\/uploads\/2025\/03\/a7d2d6ba51ee10faedadde017fbfcc21-240x172.jpg",240,172,true],"advps-thumb-one":["https:\/\/arantv.az\/wp-content\/uploads\/2025\/03\/a7d2d6ba51ee10faedadde017fbfcc21.jpg",850,500,false]},"rttpg_author":{"display_name":"V\u00fcsal Rafiqo\u011flu","author_link":"https:\/\/arantv.az\/?author=2"},"rttpg_comment":0,"rttpg_category":"<a href=\"https:\/\/arantv.az\/?cat=22\" rel=\"category\">Hava<\/a>","rttpg_excerpt":"\u00d6lk\u0259 \u0259razisind\u0259 ya\u011f\u0131nt\u0131l\u0131 v\u0259 k\u00fcl\u0259kli hava \u015f\u0259raitinin mart\u0131n 25-d\u0259k davam ed\u0259c\u0259yi g\u00f6zl\u0259nilir. Milli Hidrometeorologiya Xidm\u0259tind\u0259n Musavat.com-a bildiribl\u0259r ki, ayr\u0131-ayr\u0131 yerl\u0259rd\u0259 ya\u011f\u0131nt\u0131lar\u0131n intensivl\u0259\u015f\u0259c\u0259yi, \u015fim\u015f\u0259k \u00e7axaca\u011f\u0131, dolu d\u00fc\u015f\u0259c\u0259yi, da\u011fl\u0131q rayonlarda sulu qar, qar ya\u011faca\u011f\u0131 ehtimal olunur. Ya\u011f\u0131nt\u0131l\u0131 hava \u015f\u0259raiti il\u0259 \u0259laq\u0259dar \u00e7aylarda sululu\u011fun artaca\u011f\u0131, B\u00f6y\u00fck v\u0259 Ki\u00e7ik Qafqaz\u0131n b\u0259zi da\u011f \u00e7aylar\u0131ndan q\u0131sam\u00fcdd\u0259tli sel ke\u00e7\u0259c\u0259yi ehtimal\u0131 var. Bak\u0131da&hellip;","_links":{"self":[{"href":"https:\/\/arantv.az\/index.php?rest_route=\/wp\/v2\/posts\/795446"}],"collection":[{"href":"https:\/\/arantv.az\/index.php?rest_route=\/wp\/v2\/posts"}],"about":[{"href":"https:\/\/arantv.az\/index.php?rest_route=\/wp\/v2\/types\/post"}],"author":[{"embeddable":true,"href":"https:\/\/arantv.az\/index.php?rest_route=\/wp\/v2\/users\/2"}],"replies":[{"embeddable":true,"href":"https:\/\/arantv.az\/index.php?rest_route=%2Fwp%2Fv2%2Fcomments&post=795446"}],"version-history":[{"count":1,"href":"https:\/\/arantv.az\/index.php?rest_route=\/wp\/v2\/posts\/795446\/revisions"}],"predecessor-version":[{"id":795448,"href":"https:\/\/arantv.az\/index.php?rest_route=\/wp\/v2\/posts\/795446\/revisions\/795448"}],"wp:featuredmedia":[{"embeddable":true,"href":"https:\/\/arantv.az\/index.php?rest_route=\/wp\/v2\/media\/795447"}],"wp:attachment":[{"href":"https:\/\/arantv.az\/index.php?rest_route=%2Fwp%2Fv2%2Fmedia&parent=795446"}],"wp:term":[{"taxonomy":"category","embeddable":true,"href":"https:\/\/arantv.az\/index.php?rest_route=%2Fwp%2Fv2%2Fcategories&post=795446"},{"taxonomy":"post_tag","embeddable":true,"href":"https:\/\/arantv.az\/index.php?rest_route=%2Fwp%2Fv2%2Ftags&post=795446"}],"curies":[{"name":"wp","href":"https:\/\/api.w.org\/{rel}","templated":true}]}}