{"id":795452,"date":"2025-03-23T20:37:49","date_gmt":"2025-03-23T16:37:49","guid":{"rendered":"https:\/\/arantv.az\/?p=795452"},"modified":"2025-03-23T20:37:49","modified_gmt":"2025-03-23T16:37:49","slug":"mirzoyanin-cop-larla-bagli-sayiqlamasi-t%c9%99hlil","status":"publish","type":"post","link":"https:\/\/arantv.az\/?p=795452","title":{"rendered":"Mirzoyan\u0131n COP-larla ba\u011fl\u0131 say\u0131qlamas\u0131 &#8211; T\u018fHL\u0130L"},"content":{"rendered":"<p><em><strong>Erm\u0259nistan\u0131n xarici i\u015fl\u0259r naziri Ararat Mirzoyan he\u00e7 bir \u0259sas olmadan Az\u0259rbaycana qar\u015f\u0131 ittihamlar\u0131n\u0131 davam etdirir.\u00a0 Bel\u0259 ki, bu d\u0259f\u0259 o, Braziliyan\u0131n \u201cFolha\u201d q\u0259zetin\u0259 m\u00fcsahib\u0259si zaman\u0131 guya indiy\u0259 q\u0259d\u0259r \u0259vv\u0259lki COP iclaslar\u0131nda \u201cQlobal C\u0259nubun\u201d v\u0259 inki\u015faf etm\u0259kd\u0259 olan \u00f6lk\u0259l\u0259rin ehtiyaclar\u0131na az diqq\u0259t ayr\u0131ld\u0131\u011f\u0131 bar\u0259d\u0259 c\u0259f\u0259ng iddialar s\u0259sl\u0259ndirib. \u015e\u00fcbh\u0259siz, Ararat Mirzoyan\u0131n yalan v\u0259 iftira dolu bu fikirl\u0259ri onun x\u0259st\u0259 t\u0259x\u0259yy\u00fcl\u00fcn\u00fcn m\u0259hsuldur. Bunu h\u0259m d\u0259 onun n\u00f6vb\u0259ti dezinformasiyas\u0131 kimi d\u0259 d\u0259y\u0259rl\u0259ndirm\u0259k olar.\u00a0<\/strong><\/em><\/p>\n<p>Bu da bu h\u0259r \u015feyd\u0259n \u0259vv\u0259l, Erm\u0259nistan xarici i\u015fl\u0259r nazirinin COP \u00e7\u0259r\u00e7iv\u0259sind\u0259 apar\u0131lan iqlim dan\u0131\u015f\u0131qlar\u0131ndan, \u00fcmumiyy\u0259tl\u0259, x\u0259b\u0259rsiz oldu\u011funu g\u00f6st\u0259rir. Halbuki, indiy\u0259 q\u0259d\u0259r b\u00fct\u00fcn COP-larda iqlim d\u0259yi\u015fikliyi il\u0259 m\u00fcbariz\u0259 sah\u0259sind\u0259 \u201cQlobal C\u0259nub\u201d \u00fc\u00e7\u00fcn \u0259lam\u0259tdar q\u0259rarlar q\u0259bul edilib. Bu bax\u0131mdan, Az\u0259rbaycan\u0131n Xarici \u0130\u015fl\u0259r Nazirliyinin Ararat Mirzoyan\u0131n s\u00f6z\u00fcged\u0259n q\u0259zet\u0259 m\u00fcsahib\u0259sind\u0259 s\u0259sl\u0259ndirdiyi fikirl\u0259r\u0259 dair \u015f\u0259rhind\u0259 qeyd edildiyi kimi, Erm\u0259nistan xarici i\u015fl\u0259r nazirinin s\u0259sl\u0259ndirdiyi fikirl\u0259r yaln\u0131z BMT-nin \u0130qlim D\u0259yi\u015fikliyi \u00fczr\u0259 \u00c7\u0259r\u00e7iv\u0259 Konvensiyas\u0131n\u0131n T\u0259r\u0259fl\u0259r Konfrans\u0131n\u0131n 29-cu sessiyas\u0131na (COP29) deyil, ondan \u0259vv\u0259lki b\u00fct\u00fcn COP-lar\u0131n da ev sahibl\u0259rin\u0259 h\u00f6rm\u0259tsizlikdir.<\/p>\n<p>197 \u00f6lk\u0259d\u0259n olan 76 min i\u015ftirak\u00e7\u0131 il\u0259 Bak\u0131da ke\u00e7irilmi\u015f COP29-a g\u0259ldikd\u0259 is\u0259 qlobal iqlim diplomatiyas\u0131nda d\u00f6n\u00fc\u015f n\u00f6qt\u0259si hesab olunan bu t\u0259dbirin yekununda q\u0259bul edilmi\u015f n\u0259tic\u0259l\u0259r\u0259 g\u00f6r\u0259 \u0259n u\u011furlu COP-lardan biri kimi q\u0259bul edilir. \u018fsas u\u011furlardan biri Paris Sazi\u015finin 6-c\u0131 madd\u0259si \u00fcz\u0259rind\u0259 konsensus idi. Bel\u0259 ki, on ild\u0259n art\u0131q idi ki, t\u0259r\u0259fl\u0259r karbon bazarlar\u0131 mexanizminin i\u015f\u0259 sal\u0131nmas\u0131 bar\u0259d\u0259 raz\u0131l\u0131\u011fa g\u0259l\u0259 bilmirdil\u0259r. Lakin Bak\u0131da konsensus \u0259ld\u0259 olundu v\u0259 karbon bazar\u0131n\u0131 i\u015fl\u0259k etdi. COP29-da b\u0259rpa olunan enerji layih\u0259l\u0259ri \u00fc\u00e7\u00fcn maliyy\u0259l\u0259\u015fm\u0259nin \u0259vv\u0259lki 100 milyarddan 300 milyard dollara q\u0259d\u0259r art\u0131r\u0131lmas\u0131na nail olundu. Bundan da \u201cQlobal C\u0259nub\u201d \u00f6lk\u0259l\u0259rinin iqlim maliyy\u0259sind\u0259n geni\u015f \u015f\u0259kild\u0259 faydalanmas\u0131 m\u00fcmk\u00fcn olacaq. COP29 \u201cQlobal C\u0259nubun\u201d x\u00fcsusi \u0259h\u0259miyy\u0259t verdiyi \u0130tki v\u0259 Z\u0259r\u0259r Fondunun i\u015f\u0259 sal\u0131nmas\u0131 bax\u0131m\u0131ndan da \u0259lam\u0259tdar olub. Haz\u0131rda Fonda v\u0259d edil\u0259n \u00fcmumi maliyy\u0259 d\u0259st\u0259yinin m\u0259bl\u0259\u011fi 730 milyon AB\u015e dollar\u0131ndan art\u0131qd\u0131r. \u018fld\u0259 edil\u0259n bu nailiyy\u0259tl\u0259rl\u0259 \u0130tki v\u0259 Z\u0259r\u0259r Fondu 2025-ci ild\u0259n etibar\u0259n layih\u0259l\u0259ri maliyy\u0259l\u0259\u015fdir\u0259 bil\u0259c\u0259k. Bu, Az\u0259rbaycan\u0131n COP29 S\u0259drliyinin n\u00f6vb\u0259ti u\u011furudur. Bu m\u0259nada dem\u0259k olar ki, Az\u0259rbaycan Q\u0259rbl\u0259 Qlobal C\u0259nub aras\u0131nda b\u00fct\u00fcn sah\u0259l\u0259rd\u0259, o c\u00fcml\u0259d\u0259n ya\u015f\u0131l enerji sah\u0259sind\u0259 k\u00f6rp\u00fc rolunu oynamaqda israrl\u0131 oldu\u011funu da ortaya qoyub.<\/p>\n<p>B\u0259s Mirzoyan bu a\u00e7\u0131qlamas\u0131 il\u0259 n\u0259 dem\u0259k ist\u0259yir? \u018fg\u0259r xat\u0131rlay\u0131s\u0131n\u0131zsa, COP29 \u0259r\u0259f\u0259sind\u0259 v\u0259 t\u0259dbirin ke\u00e7irildiyi g\u00fcnl\u0259rd\u0259 Q\u0259rbin b\u0259zi n\u00fcmay\u0259nd\u0259l\u0259ri bu t\u0259dbirin ba\u015f tutmamas\u0131 \u00fc\u00e7\u00fcn d\u0259rid\u0259n-qab\u0131qdan \u00e7\u0131x\u0131rd\u0131lar.\u00a0 H\u0259tta Fransa Prezidenti Emmanuel Makron COP29-un f\u0259al \u00fczvl\u0259rin\u0259 t\u0259sir etm\u0259kl\u0259 onlar\u0131 bel\u0259 bir m\u00f6t\u0259b\u0259r t\u0259dbird\u0259n yay\u0131nd\u0131rma\u011fa c\u0259hdl\u0259r g\u00f6st\u0259ridi. Amma r\u0259smi Bak\u0131 s\u0259bir n\u00fcmayi\u015f etdir\u0259r\u0259k bu niyy\u0259tl\u0259 olanlara \u0259sla ba\u015f qo\u015fmad\u0131. Bununla da onlara \u00f6z yerl\u0259rini g\u00f6st\u0259rmi\u015f oldu.<br \/>\nBu m\u0259qamda Prezident \u0130lham \u018fliyevin Nizami G\u0259nc\u0259vi Beyn\u0259lxalq M\u0259rk\u0259zinin t\u0259\u015fkilat\u00e7\u0131l\u0131\u011f\u0131 il\u0259 \u201cD\u00fcnya d\u00fcz\u0259ninin yenid\u0259n d\u00fc\u015f\u00fcn\u00fclm\u0259si: \u00c7a\u011f\u0131r\u0131\u015flar\u0131n f\u00fcrs\u0259t\u0259 \u00e7evrilm\u0259si\u201d m\u00f6vzusunda ke\u00e7iril\u0259n XII Qlobal Bak\u0131 Forumundak\u0131 \u00e7\u0131x\u0131\u015f\u0131n\u0131 xat\u0131rlatmaq yerin\u0259 d\u00fc\u015f\u0259rdi: \u201cY\u0259ni deyirdil\u0259r, bir \u00f6lk\u0259 kimi biz qlobal, beyn\u0259lxalq t\u0259dbirin ke\u00e7irilm\u0259sin\u0259 layiq deyilik.\u00a0 Onlardan biri \u2013 AB\u015e-\u0131n D\u00f6vl\u0259t Departamenti idi. \u201cVa\u015finqton Post\u201d, \u201cNyu-York Tayms\u201d, \u201cPolitico\u201d, \u201cNewsweek\u201d v\u0259 \u201cAsso\u015fieyted Press\u201d kimi yalan x\u0259b\u0259r m\u0259nb\u0259l\u0259ri, sad\u0259c\u0259, AB\u015e D\u00f6vl\u0259t Departamentinin t\u0259limatlar\u0131n\u0131 icra edirdil\u0259r. \u0130kinci m\u0259nb\u0259 is\u0259 Fransa prezidentinin ofisi, c\u0259nab Makron, onlar\u0131n \u201cLe Monde\u201d, \u201cFiqaro\u201d v\u0259 dig\u0259r bu kimi saxta x\u0259b\u0259r m\u0259tbuat\u0131 idi. Bir s\u00f6zl\u0259, bu, COP29-un boykot edilm\u0259sin\u0259 y\u00f6n\u0259lmi\u015f qarayaxma v\u0259 b\u00f6htan\u0131n \u0259laq\u0259l\u0259ndirilmi\u015f kampaniyas\u0131 idi\u201d. Bu m\u0259nada Mirzoyan\u0131n bu s\u0259rs\u0259ml\u0259rini h\u0259min kampaniyalar\u0131n davam\u0131 kimi xarakteriz\u0259 etm\u0259k olar. Amma unutmas\u0131n ki, daha onun c\u0259f\u0259ng iddialar\u0131na m\u0259h\u0259l qoyan yoxdur.<br \/>\nHaz\u0131rda qlobal iqlim ictimaiyy\u0259ti \u00fc\u00e7\u00fcn ba\u015fl\u0131ca prioritet Bak\u0131 COP-nun n\u0259tic\u0259l\u0259rinin icras\u0131 v\u0259 Belemd\u0259 ke\u00e7iril\u0259c\u0259k n\u00f6vb\u0259ti COP-a haz\u0131rl\u0131qd\u0131r. \u015e\u00fcbh\u0259siz, Belem COP-u da iqlim dan\u0131\u015f\u0131qlar\u0131nda n\u00f6vb\u0259ti ir\u0259lil\u0259yi\u015f olacaq.<\/p>\n<p><em><strong>Qvami M\u0259h\u0259bb\u0259to\u011flu, \u201c\u0130ki sahil\u201d<\/strong><\/em><\/p>\n","protected":false},"excerpt":{"rendered":"<p>Erm\u0259nistan\u0131n xarici i\u015fl\u0259r naziri Ararat Mirzoyan he\u00e7 bir \u0259sas olmadan Az\u0259rbaycana qar\u015f\u0131 ittihamlar\u0131n\u0131 davam etdirir.\u00a0 Bel\u0259 ki, bu d\u0259f\u0259 o, Braziliyan\u0131n \u201cFolha\u201d q\u0259zetin\u0259 m\u00fcsahib\u0259si zaman\u0131 guya indiy\u0259 q\u0259d\u0259r \u0259vv\u0259lki COP iclaslar\u0131nda \u201cQlobal C\u0259nubun\u201d v\u0259 inki\u015faf etm\u0259kd\u0259 olan \u00f6lk\u0259l\u0259rin ehtiyaclar\u0131na az diqq\u0259t ayr\u0131ld\u0131\u011f\u0131 bar\u0259d\u0259 c\u0259f\u0259ng iddialar s\u0259sl\u0259ndirib. \u015e\u00fcbh\u0259siz, Ararat Mirzoyan\u0131n yalan v\u0259 iftira dolu bu fikirl\u0259ri onun x\u0259st\u0259 t\u0259x\u0259yy\u00fcl\u00fcn\u00fcn m\u0259hsuldur. Bunu h\u0259m d\u0259 onun n\u00f6vb\u0259ti dezinformasiyas\u0131 kimi d\u0259 d\u0259y\u0259rl\u0259ndirm\u0259k olar.\u00a0 Bu da bu h\u0259r \u015feyd\u0259n \u0259vv\u0259l, Erm\u0259nistan xarici i\u015fl\u0259r nazirinin COP \u00e7\u0259r\u00e7iv\u0259sind\u0259 apar\u0131lan iqlim dan\u0131\u015f\u0131qlar\u0131ndan, \u00fcmumiyy\u0259tl\u0259, x\u0259b\u0259rsiz oldu\u011funu g\u00f6st\u0259rir. Halbuki, indiy\u0259&hellip;<\/p>\n","protected":false},"author":2,"featured_media":795453,"comment_status":"closed","ping_status":"closed","sticky":false,"template":"","format":"standard","meta":{"om_disable_all_campaigns":false,"_monsterinsights_skip_tracking":false,"_monsterinsights_sitenote_active":false,"_monsterinsights_sitenote_note":"","_monsterinsights_sitenote_category":0},"categories":[19],"tags":[],"aioseo_notices":[],"gutentor_comment":0,"rttpg_featured_image_url":{"full":["https:\/\/arantv.az\/wp-content\/uploads\/2025\/03\/f0282b5f170981455120082327510192810.jpg",975,540,false],"landscape":["https:\/\/arantv.az\/wp-content\/uploads\/2025\/03\/f0282b5f170981455120082327510192810.jpg",975,540,false],"portraits":["https:\/\/arantv.az\/wp-content\/uploads\/2025\/03\/f0282b5f170981455120082327510192810.jpg",975,540,false],"thumbnail":["https:\/\/arantv.az\/wp-content\/uploads\/2025\/03\/f0282b5f170981455120082327510192810-500x280.jpg",500,280,true],"medium":["https:\/\/arantv.az\/wp-content\/uploads\/2025\/03\/f0282b5f170981455120082327510192810-660x365.jpg",660,365,true],"large":["https:\/\/arantv.az\/wp-content\/uploads\/2025\/03\/f0282b5f170981455120082327510192810-840x465.jpg",640,354,true],"1536x1536":["https:\/\/arantv.az\/wp-content\/uploads\/2025\/03\/f0282b5f170981455120082327510192810.jpg",975,540,false],"2048x2048":["https:\/\/arantv.az\/wp-content\/uploads\/2025\/03\/f0282b5f170981455120082327510192810.jpg",975,540,false],"post-thumbnail":["https:\/\/arantv.az\/wp-content\/uploads\/2025\/03\/f0282b5f170981455120082327510192810-240x172.jpg",240,172,true],"advps-thumb-one":["https:\/\/arantv.az\/wp-content\/uploads\/2025\/03\/f0282b5f170981455120082327510192810.jpg",975,540,false]},"rttpg_author":{"display_name":"V\u00fcsal Rafiqo\u011flu","author_link":"https:\/\/arantv.az\/?author=2"},"rttpg_comment":0,"rttpg_category":"<a href=\"https:\/\/arantv.az\/?cat=19\" rel=\"category\">G\u00fcnd\u0259m<\/a>","rttpg_excerpt":"Erm\u0259nistan\u0131n xarici i\u015fl\u0259r naziri Ararat Mirzoyan he\u00e7 bir \u0259sas olmadan Az\u0259rbaycana qar\u015f\u0131 ittihamlar\u0131n\u0131 davam etdirir.\u00a0 Bel\u0259 ki, bu d\u0259f\u0259 o, Braziliyan\u0131n \u201cFolha\u201d q\u0259zetin\u0259 m\u00fcsahib\u0259si zaman\u0131 guya indiy\u0259 q\u0259d\u0259r \u0259vv\u0259lki COP iclaslar\u0131nda \u201cQlobal C\u0259nubun\u201d v\u0259 inki\u015faf etm\u0259kd\u0259 olan \u00f6lk\u0259l\u0259rin ehtiyaclar\u0131na az diqq\u0259t ayr\u0131ld\u0131\u011f\u0131 bar\u0259d\u0259 c\u0259f\u0259ng iddialar s\u0259sl\u0259ndirib. \u015e\u00fcbh\u0259siz, Ararat Mirzoyan\u0131n yalan v\u0259 iftira dolu bu fikirl\u0259ri&hellip;","_links":{"self":[{"href":"https:\/\/arantv.az\/index.php?rest_route=\/wp\/v2\/posts\/795452"}],"collection":[{"href":"https:\/\/arantv.az\/index.php?rest_route=\/wp\/v2\/posts"}],"about":[{"href":"https:\/\/arantv.az\/index.php?rest_route=\/wp\/v2\/types\/post"}],"author":[{"embeddable":true,"href":"https:\/\/arantv.az\/index.php?rest_route=\/wp\/v2\/users\/2"}],"replies":[{"embeddable":true,"href":"https:\/\/arantv.az\/index.php?rest_route=%2Fwp%2Fv2%2Fcomments&post=795452"}],"version-history":[{"count":1,"href":"https:\/\/arantv.az\/index.php?rest_route=\/wp\/v2\/posts\/795452\/revisions"}],"predecessor-version":[{"id":795454,"href":"https:\/\/arantv.az\/index.php?rest_route=\/wp\/v2\/posts\/795452\/revisions\/795454"}],"wp:featuredmedia":[{"embeddable":true,"href":"https:\/\/arantv.az\/index.php?rest_route=\/wp\/v2\/media\/795453"}],"wp:attachment":[{"href":"https:\/\/arantv.az\/index.php?rest_route=%2Fwp%2Fv2%2Fmedia&parent=795452"}],"wp:term":[{"taxonomy":"category","embeddable":true,"href":"https:\/\/arantv.az\/index.php?rest_route=%2Fwp%2Fv2%2Fcategories&post=795452"},{"taxonomy":"post_tag","embeddable":true,"href":"https:\/\/arantv.az\/index.php?rest_route=%2Fwp%2Fv2%2Ftags&post=795452"}],"curies":[{"name":"wp","href":"https:\/\/api.w.org\/{rel}","templated":true}]}}