{"id":796042,"date":"2025-03-28T17:49:15","date_gmt":"2025-03-28T13:49:15","guid":{"rendered":"https:\/\/arantv.az\/?p=796042"},"modified":"2025-03-28T17:49:15","modified_gmt":"2025-03-28T13:49:15","slug":"hec-vaxt-melissa-groupun-r%c9%99hb%c9%99ri-olmayibmis","status":"publish","type":"post","link":"https:\/\/arantv.az\/?p=796042","title":{"rendered":"He\u00e7 vaxt &#8220;Melissa Group&#8221;un r\u0259hb\u0259ri olmay\u0131bm\u0131\u015f"},"content":{"rendered":"<p>D\u00fcn\u0259n Yasamalda qad\u0131n\u0131n evini ba\u015f\u0131na u\u00e7urulmas\u0131 il\u0259 ba\u011fl\u0131 saytlarda yay\u0131mlanan materiallarda &#8220;Melissa Group&#8221;un r\u0259hb\u0259ri kimi t\u0259qdim edil\u0259n \u015f\u0259xsin fotosu s\u0259hv verilib.<\/p>\n<p>&#8220;Qafqazinfo&#8221;\u00a0<a title=\"xeberler son xeberler 2025\" href=\"https:\/\/big.az\/\" target=\"_blank\" rel=\"noopener\">x\u0259b\u0259r<\/a>\u00a0verir ki, bununla ba\u011fl\u0131 fotolar\u0131 d\u0259rc olunan Faiq Mehdiyev &#8220;Bakuposta&#8221;a a\u00e7\u0131qlama verib.<\/p>\n<p>O bildirib ki, vaxtil\u0259 &#8220;Melissa Group&#8221;da \u00e7al\u0131\u015f\u0131b, amma he\u00e7 vaxt \u015firk\u0259tin r\u0259hb\u0259ri olmay\u0131b.<\/p>\n<p>Qeyd ed\u0259k ki, s\u00f6z\u00fcged\u0259n g\u00f6r\u00fcnt\u00fcl\u0259rl\u0259 ba\u011fl\u0131 &#8220;Melissa Group&#8221; \u015firk\u0259tinin r\u0259hb\u0259ri Qalib M\u0259mm\u0259dov saxlan\u0131l\u0131b.<\/p>\n<p>Fotoda: &#8220;Melissa Group&#8221;un r\u0259hb\u0259ri Qabil M\u0259mm\u0259dov<\/p>\n<p><img class=\"imgbcode\" src=\"https:\/\/upload.az\/foto\/arxiv\/melissa1.jpg\" alt=\"He\u00e7 vaxt &quot;Melissa Group&quot;un r\u0259hb\u0259ri olmay\u0131bm\u0131\u015f\" \/><\/p>\n","protected":false},"excerpt":{"rendered":"<p>D\u00fcn\u0259n Yasamalda qad\u0131n\u0131n evini ba\u015f\u0131na u\u00e7urulmas\u0131 il\u0259 ba\u011fl\u0131 saytlarda yay\u0131mlanan materiallarda &#8220;Melissa Group&#8221;un r\u0259hb\u0259ri kimi t\u0259qdim edil\u0259n \u015f\u0259xsin fotosu s\u0259hv verilib. &#8220;Qafqazinfo&#8221;\u00a0x\u0259b\u0259r\u00a0verir ki, bununla ba\u011fl\u0131 fotolar\u0131 d\u0259rc olunan Faiq Mehdiyev &#8220;Bakuposta&#8221;a a\u00e7\u0131qlama verib. O bildirib ki, vaxtil\u0259 &#8220;Melissa Group&#8221;da \u00e7al\u0131\u015f\u0131b, amma he\u00e7 vaxt \u015firk\u0259tin r\u0259hb\u0259ri olmay\u0131b. Qeyd ed\u0259k ki, s\u00f6z\u00fcged\u0259n g\u00f6r\u00fcnt\u00fcl\u0259rl\u0259 ba\u011fl\u0131 &#8220;Melissa Group&#8221; \u015firk\u0259tinin r\u0259hb\u0259ri Qalib M\u0259mm\u0259dov saxlan\u0131l\u0131b. Fotoda: &#8220;Melissa Group&#8221;un r\u0259hb\u0259ri Qabil M\u0259mm\u0259dov<\/p>\n","protected":false},"author":2,"featured_media":796043,"comment_status":"closed","ping_status":"closed","sticky":false,"template":"","format":"standard","meta":{"om_disable_all_campaigns":false,"_monsterinsights_skip_tracking":false,"_monsterinsights_sitenote_active":false,"_monsterinsights_sitenote_note":"","_monsterinsights_sitenote_category":0},"categories":[1],"tags":[],"aioseo_notices":[],"gutentor_comment":0,"rttpg_featured_image_url":{"full":["https:\/\/arantv.az\/wp-content\/uploads\/2025\/03\/melissa.jpg",637,400,false],"landscape":["https:\/\/arantv.az\/wp-content\/uploads\/2025\/03\/melissa.jpg",637,400,false],"portraits":["https:\/\/arantv.az\/wp-content\/uploads\/2025\/03\/melissa.jpg",637,400,false],"thumbnail":["https:\/\/arantv.az\/wp-content\/uploads\/2025\/03\/melissa-500x280.jpg",500,280,true],"medium":["https:\/\/arantv.az\/wp-content\/uploads\/2025\/03\/melissa-581x365.jpg",581,365,true],"large":["https:\/\/arantv.az\/wp-content\/uploads\/2025\/03\/melissa.jpg",637,400,false],"1536x1536":["https:\/\/arantv.az\/wp-content\/uploads\/2025\/03\/melissa.jpg",637,400,false],"2048x2048":["https:\/\/arantv.az\/wp-content\/uploads\/2025\/03\/melissa.jpg",637,400,false],"post-thumbnail":["https:\/\/arantv.az\/wp-content\/uploads\/2025\/03\/melissa-240x172.jpg",240,172,true],"advps-thumb-one":["https:\/\/arantv.az\/wp-content\/uploads\/2025\/03\/melissa.jpg",637,400,false]},"rttpg_author":{"display_name":"V\u00fcsal Rafiqo\u011flu","author_link":"https:\/\/arantv.az\/?author=2"},"rttpg_comment":0,"rttpg_category":"<a href=\"https:\/\/arantv.az\/?cat=1\" rel=\"category\">C\u0259miyy\u0259t<\/a>","rttpg_excerpt":"D\u00fcn\u0259n Yasamalda qad\u0131n\u0131n evini ba\u015f\u0131na u\u00e7urulmas\u0131 il\u0259 ba\u011fl\u0131 saytlarda yay\u0131mlanan materiallarda &#8220;Melissa Group&#8221;un r\u0259hb\u0259ri kimi t\u0259qdim edil\u0259n \u015f\u0259xsin fotosu s\u0259hv verilib. &#8220;Qafqazinfo&#8221;\u00a0x\u0259b\u0259r\u00a0verir ki, bununla ba\u011fl\u0131 fotolar\u0131 d\u0259rc olunan Faiq Mehdiyev &#8220;Bakuposta&#8221;a a\u00e7\u0131qlama verib. O bildirib ki, vaxtil\u0259 &#8220;Melissa Group&#8221;da \u00e7al\u0131\u015f\u0131b, amma he\u00e7 vaxt \u015firk\u0259tin r\u0259hb\u0259ri olmay\u0131b. Qeyd ed\u0259k ki, s\u00f6z\u00fcged\u0259n g\u00f6r\u00fcnt\u00fcl\u0259rl\u0259 ba\u011fl\u0131 &#8220;Melissa Group&#8221; \u015firk\u0259tinin&hellip;","_links":{"self":[{"href":"https:\/\/arantv.az\/index.php?rest_route=\/wp\/v2\/posts\/796042"}],"collection":[{"href":"https:\/\/arantv.az\/index.php?rest_route=\/wp\/v2\/posts"}],"about":[{"href":"https:\/\/arantv.az\/index.php?rest_route=\/wp\/v2\/types\/post"}],"author":[{"embeddable":true,"href":"https:\/\/arantv.az\/index.php?rest_route=\/wp\/v2\/users\/2"}],"replies":[{"embeddable":true,"href":"https:\/\/arantv.az\/index.php?rest_route=%2Fwp%2Fv2%2Fcomments&post=796042"}],"version-history":[{"count":1,"href":"https:\/\/arantv.az\/index.php?rest_route=\/wp\/v2\/posts\/796042\/revisions"}],"predecessor-version":[{"id":796044,"href":"https:\/\/arantv.az\/index.php?rest_route=\/wp\/v2\/posts\/796042\/revisions\/796044"}],"wp:featuredmedia":[{"embeddable":true,"href":"https:\/\/arantv.az\/index.php?rest_route=\/wp\/v2\/media\/796043"}],"wp:attachment":[{"href":"https:\/\/arantv.az\/index.php?rest_route=%2Fwp%2Fv2%2Fmedia&parent=796042"}],"wp:term":[{"taxonomy":"category","embeddable":true,"href":"https:\/\/arantv.az\/index.php?rest_route=%2Fwp%2Fv2%2Fcategories&post=796042"},{"taxonomy":"post_tag","embeddable":true,"href":"https:\/\/arantv.az\/index.php?rest_route=%2Fwp%2Fv2%2Ftags&post=796042"}],"curies":[{"name":"wp","href":"https:\/\/api.w.org\/{rel}","templated":true}]}}