{"id":796045,"date":"2025-03-28T17:50:29","date_gmt":"2025-03-28T13:50:29","guid":{"rendered":"https:\/\/arantv.az\/?p=796045"},"modified":"2025-03-28T17:50:29","modified_gmt":"2025-03-28T13:50:29","slug":"fitr%c9%99-z%c9%99kati-n%c9%99-q%c9%99d%c9%99r-verilm%c9%99lidir-r%c9%99smi-m%c9%99lumat","status":"publish","type":"post","link":"https:\/\/arantv.az\/?p=796045","title":{"rendered":"Fitr\u0259 z\u0259kat\u0131 n\u0259 q\u0259d\u0259r verilm\u0259lidir? &#8211; R\u018fSM\u0130 M\u018fLUMAT"},"content":{"rendered":"<p><strong>Qaz\u0131lar \u015euras\u0131n\u0131n F\u0259tvas\u0131na g\u00f6r\u0259 adamba\u015f\u0131na 10-15 manat fitr\u0259 z\u0259kat\u0131n\u0131n verilm\u0259si t\u00f6vsiy\u0259 olunur.<\/strong><\/p>\n<p><b>ARANTV.AZ <\/b>x\u0259b\u0259r verir ki, bununla ba\u011fl\u0131 Qafqaz M\u00fcs\u0259lmanlar\u0131 \u0130dar\u0259si (QM\u0130) m\u0259lumat yay\u0131b.<\/p>\n<p>Bildirilib ki, fitr\u0259 can\u0131n s\u0259d\u0259q\u0259sidir v\u0259 imkan\u0131 olan m\u00fcs\u0259lman\u0131n ail\u0259sinin h\u0259r bir \u00fczv\u00fc \u00fc\u00e7\u00fcn fitr\u0259 z\u0259kat\u0131 \u00e7\u0131xarmas\u0131, imkans\u0131zlara, ehtiyac\u0131 olan ail\u0259l\u0259r\u0259 verm\u0259si vacibdir. Bu, h\u0259r bir ail\u0259y\u0259 bayram ovqat\u0131 ya\u015fama\u011fa imkan yarad\u0131r.<\/p>\n<p>Qeyd olunub ki, fitr\u0259 z\u0259kat\u0131n\u0131n vaxt\u0131 Ramazan ay\u0131n\u0131n son g\u00fcn\u00fc &#8211; Bayram ax\u015fam\u0131 \u015fam namaz\u0131ndan sonrad\u0131r.<\/p>\n","protected":false},"excerpt":{"rendered":"<p>Qaz\u0131lar \u015euras\u0131n\u0131n F\u0259tvas\u0131na g\u00f6r\u0259 adamba\u015f\u0131na 10-15 manat fitr\u0259 z\u0259kat\u0131n\u0131n verilm\u0259si t\u00f6vsiy\u0259 olunur. ARANTV.AZ x\u0259b\u0259r verir ki, bununla ba\u011fl\u0131 Qafqaz M\u00fcs\u0259lmanlar\u0131 \u0130dar\u0259si (QM\u0130) m\u0259lumat yay\u0131b. Bildirilib ki, fitr\u0259 can\u0131n s\u0259d\u0259q\u0259sidir v\u0259 imkan\u0131 olan m\u00fcs\u0259lman\u0131n ail\u0259sinin h\u0259r bir \u00fczv\u00fc \u00fc\u00e7\u00fcn fitr\u0259 z\u0259kat\u0131 \u00e7\u0131xarmas\u0131, imkans\u0131zlara, ehtiyac\u0131 olan ail\u0259l\u0259r\u0259 verm\u0259si vacibdir. Bu, h\u0259r bir ail\u0259y\u0259 bayram ovqat\u0131 ya\u015fama\u011fa imkan yarad\u0131r. Qeyd olunub ki, fitr\u0259 z\u0259kat\u0131n\u0131n vaxt\u0131 Ramazan ay\u0131n\u0131n son g\u00fcn\u00fc &#8211; Bayram ax\u015fam\u0131 \u015fam namaz\u0131ndan sonrad\u0131r.<\/p>\n","protected":false},"author":2,"featured_media":796046,"comment_status":"closed","ping_status":"closed","sticky":false,"template":"","format":"standard","meta":{"om_disable_all_campaigns":false,"_monsterinsights_skip_tracking":false,"_monsterinsights_sitenote_active":false,"_monsterinsights_sitenote_note":"","_monsterinsights_sitenote_category":0},"categories":[1],"tags":[],"aioseo_notices":[],"gutentor_comment":0,"rttpg_featured_image_url":{"full":["https:\/\/arantv.az\/wp-content\/uploads\/2025\/03\/zekatjpg-1743152106.jpg",700,467,false],"landscape":["https:\/\/arantv.az\/wp-content\/uploads\/2025\/03\/zekatjpg-1743152106.jpg",700,467,false],"portraits":["https:\/\/arantv.az\/wp-content\/uploads\/2025\/03\/zekatjpg-1743152106.jpg",700,467,false],"thumbnail":["https:\/\/arantv.az\/wp-content\/uploads\/2025\/03\/zekatjpg-1743152106-500x280.jpg",500,280,true],"medium":["https:\/\/arantv.az\/wp-content\/uploads\/2025\/03\/zekatjpg-1743152106-547x365.jpg",547,365,true],"large":["https:\/\/arantv.az\/wp-content\/uploads\/2025\/03\/zekatjpg-1743152106.jpg",640,427,false],"1536x1536":["https:\/\/arantv.az\/wp-content\/uploads\/2025\/03\/zekatjpg-1743152106.jpg",700,467,false],"2048x2048":["https:\/\/arantv.az\/wp-content\/uploads\/2025\/03\/zekatjpg-1743152106.jpg",700,467,false],"post-thumbnail":["https:\/\/arantv.az\/wp-content\/uploads\/2025\/03\/zekatjpg-1743152106-240x172.jpg",240,172,true],"advps-thumb-one":["https:\/\/arantv.az\/wp-content\/uploads\/2025\/03\/zekatjpg-1743152106.jpg",700,467,false]},"rttpg_author":{"display_name":"V\u00fcsal Rafiqo\u011flu","author_link":"https:\/\/arantv.az\/?author=2"},"rttpg_comment":0,"rttpg_category":"<a href=\"https:\/\/arantv.az\/?cat=1\" rel=\"category\">C\u0259miyy\u0259t<\/a>","rttpg_excerpt":"Qaz\u0131lar \u015euras\u0131n\u0131n F\u0259tvas\u0131na g\u00f6r\u0259 adamba\u015f\u0131na 10-15 manat fitr\u0259 z\u0259kat\u0131n\u0131n verilm\u0259si t\u00f6vsiy\u0259 olunur. ARANTV.AZ x\u0259b\u0259r verir ki, bununla ba\u011fl\u0131 Qafqaz M\u00fcs\u0259lmanlar\u0131 \u0130dar\u0259si (QM\u0130) m\u0259lumat yay\u0131b. Bildirilib ki, fitr\u0259 can\u0131n s\u0259d\u0259q\u0259sidir v\u0259 imkan\u0131 olan m\u00fcs\u0259lman\u0131n ail\u0259sinin h\u0259r bir \u00fczv\u00fc \u00fc\u00e7\u00fcn fitr\u0259 z\u0259kat\u0131 \u00e7\u0131xarmas\u0131, imkans\u0131zlara, ehtiyac\u0131 olan ail\u0259l\u0259r\u0259 verm\u0259si vacibdir. Bu, h\u0259r bir ail\u0259y\u0259 bayram ovqat\u0131 ya\u015fama\u011fa imkan&hellip;","_links":{"self":[{"href":"https:\/\/arantv.az\/index.php?rest_route=\/wp\/v2\/posts\/796045"}],"collection":[{"href":"https:\/\/arantv.az\/index.php?rest_route=\/wp\/v2\/posts"}],"about":[{"href":"https:\/\/arantv.az\/index.php?rest_route=\/wp\/v2\/types\/post"}],"author":[{"embeddable":true,"href":"https:\/\/arantv.az\/index.php?rest_route=\/wp\/v2\/users\/2"}],"replies":[{"embeddable":true,"href":"https:\/\/arantv.az\/index.php?rest_route=%2Fwp%2Fv2%2Fcomments&post=796045"}],"version-history":[{"count":1,"href":"https:\/\/arantv.az\/index.php?rest_route=\/wp\/v2\/posts\/796045\/revisions"}],"predecessor-version":[{"id":796047,"href":"https:\/\/arantv.az\/index.php?rest_route=\/wp\/v2\/posts\/796045\/revisions\/796047"}],"wp:featuredmedia":[{"embeddable":true,"href":"https:\/\/arantv.az\/index.php?rest_route=\/wp\/v2\/media\/796046"}],"wp:attachment":[{"href":"https:\/\/arantv.az\/index.php?rest_route=%2Fwp%2Fv2%2Fmedia&parent=796045"}],"wp:term":[{"taxonomy":"category","embeddable":true,"href":"https:\/\/arantv.az\/index.php?rest_route=%2Fwp%2Fv2%2Fcategories&post=796045"},{"taxonomy":"post_tag","embeddable":true,"href":"https:\/\/arantv.az\/index.php?rest_route=%2Fwp%2Fv2%2Ftags&post=796045"}],"curies":[{"name":"wp","href":"https:\/\/api.w.org\/{rel}","templated":true}]}}