{"id":796058,"date":"2025-03-29T10:50:43","date_gmt":"2025-03-29T06:50:43","guid":{"rendered":"https:\/\/arantv.az\/?p=796058"},"modified":"2025-03-29T10:50:43","modified_gmt":"2025-03-29T06:50:43","slug":"erm%c9%99ni-patriarxi-%c9%99rdoganin-iftarinda-ramazanda-dinl%c9%99rarasi-birlik-mesaji-foto-video","status":"publish","type":"post","link":"https:\/\/arantv.az\/?p=796058","title":{"rendered":"Erm\u0259ni patriarx\u0131 \u018frdo\u011fan\u0131n iftar\u0131nda: Ramazanda dinl\u0259raras\u0131 birlik mesaj\u0131: FOTO\/V\u0130DEO"},"content":{"rendered":"<p>T\u00fcrkiy\u0259 Prezidenti R\u0259c\u0259b Tayyib \u018frdo\u011fan\u0131n t\u0259\u015f\u0259bb\u00fcs\u00fc il\u0259 Ankaradak\u0131 Prezident Kompleksind\u0259 Ramazan ay\u0131 m\u00fcnasib\u0259til\u0259 t\u0259\u015fkil olunan iftar m\u0259rasimi regional v\u0259 dini birlik bax\u0131m\u0131ndan diqq\u0259t \u00e7\u0259kib.<\/p>\n<p>Konstantinopol Erm\u0259ni Apostol Kils\u0259sinin Patriarxl\u0131\u011f\u0131 t\u0259r\u0259find\u0259n yay\u0131lan r\u0259smi m\u0259lumata g\u00f6r\u0259, 27 mart 2025-ci il tarixind\u0259 ke\u00e7iril\u0259n m\u0259rasimd\u0259 \u0130r\u0259van Erm\u0259ni Patriarx\u0131 II Saak da i\u015ftirak edib.<\/p>\n<p><strong>Musavat.com<\/strong>\u00a0-un toplad\u0131\u011f\u0131 m\u0259lumatda bildirilir ki, t\u0259dbird\u0259 T\u00fcrkiy\u0259d\u0259 f\u0259aliyy\u0259t g\u00f6st\u0259r\u0259n m\u00fcxt\u0259lif dinl\u0259rin n\u00fcmay\u0259nd\u0259l\u0259ri, o c\u00fcml\u0259d\u0259n pravoslav, katolik v\u0259 y\u0259hudi icmalar\u0131n\u0131n t\u0259msil\u00e7il\u0259ri d\u0259 yer al\u0131b. Prezident \u018frdo\u011fan\u0131n dini azl\u0131qlara g\u00f6st\u0259rdiyi diqq\u0259ti v\u0259 birg\u0259 d\u0259y\u0259rl\u0259rin \u00f6n\u0259mini vur\u011fulad\u0131\u011f\u0131 \u00e7\u0131x\u0131\u015f\u0131 m\u0259rasimin \u0259sas diqq\u0259t m\u0259rk\u0259zi olub.<\/p>\n<p>M\u0259rasimd\u0259 dialoq v\u0259 tolerantl\u0131q mesajlar\u0131 \u00f6n plana \u00e7\u0131x\u0131b. \u018frdo\u011fan\u0131n dini liderl\u0259rl\u0259 s\u0259mimi s\u00f6hb\u0259tl\u0259ri v\u0259 g\u00fcl\u00fcms\u0259r anlar\u0131 kameralar\u0131n obyektivin\u0259 \u0259ks olunub.<\/p>\n<p><strong>Musavat.com<\/strong><\/p>\n<p><strong><iframe title=\"Ankara - Cumhurba\u015fkan\u0131 Erdo\u011fan, dini az\u0131nl\u0131k temsilcileriyle iftarda bir araya geldi\" src=\"https:\/\/www.youtube.com\/embed\/KQarJpc5e_s\" frameborder=\"0\" allowfullscreen=\"allowfullscreen\" data-mce-fragment=\"1\"><\/iframe><\/strong><\/p>\n<p><strong><img loading=\"lazy\" src=\"https:\/\/cdn.musavat.com\/news\/images\/A.K%C3%96%C5%9E%C6%8FL%C6%8FR%20YEN%C4%B0%20D%C4%B0ZAYN\/ali\/%D0%9D%D0%BE%D0%B2%D0%B0%D1%8F%D0%9F%D0%B0%D0%BF%D0%BA%D0%B0\/23cb965b-8bd1-4863-a0fd-f3bc61544fac.jpg\" alt=\"23cb965b-8bd1-4863-a0fd-f3bc61544fac.jpg (37 KB)\" width=\"786\" height=\"458\" \/><\/strong><\/p>\n","protected":false},"excerpt":{"rendered":"<p>T\u00fcrkiy\u0259 Prezidenti R\u0259c\u0259b Tayyib \u018frdo\u011fan\u0131n t\u0259\u015f\u0259bb\u00fcs\u00fc il\u0259 Ankaradak\u0131 Prezident Kompleksind\u0259 Ramazan ay\u0131 m\u00fcnasib\u0259til\u0259 t\u0259\u015fkil olunan iftar m\u0259rasimi regional v\u0259 dini birlik bax\u0131m\u0131ndan diqq\u0259t \u00e7\u0259kib. Konstantinopol Erm\u0259ni Apostol Kils\u0259sinin Patriarxl\u0131\u011f\u0131 t\u0259r\u0259find\u0259n yay\u0131lan r\u0259smi m\u0259lumata g\u00f6r\u0259, 27 mart 2025-ci il tarixind\u0259 ke\u00e7iril\u0259n m\u0259rasimd\u0259 \u0130r\u0259van Erm\u0259ni Patriarx\u0131 II Saak da i\u015ftirak edib. Musavat.com\u00a0-un toplad\u0131\u011f\u0131 m\u0259lumatda bildirilir ki, t\u0259dbird\u0259 T\u00fcrkiy\u0259d\u0259 f\u0259aliyy\u0259t g\u00f6st\u0259r\u0259n m\u00fcxt\u0259lif dinl\u0259rin n\u00fcmay\u0259nd\u0259l\u0259ri, o c\u00fcml\u0259d\u0259n pravoslav, katolik v\u0259 y\u0259hudi icmalar\u0131n\u0131n t\u0259msil\u00e7il\u0259ri d\u0259 yer al\u0131b. Prezident \u018frdo\u011fan\u0131n dini azl\u0131qlara g\u00f6st\u0259rdiyi diqq\u0259ti v\u0259 birg\u0259 d\u0259y\u0259rl\u0259rin \u00f6n\u0259mini vur\u011fulad\u0131\u011f\u0131 \u00e7\u0131x\u0131\u015f\u0131 m\u0259rasimin \u0259sas diqq\u0259t m\u0259rk\u0259zi olub. M\u0259rasimd\u0259&hellip;<\/p>\n","protected":false},"author":2,"featured_media":796059,"comment_status":"closed","ping_status":"closed","sticky":false,"template":"","format":"standard","meta":{"om_disable_all_campaigns":false,"_monsterinsights_skip_tracking":false,"_monsterinsights_sitenote_active":false,"_monsterinsights_sitenote_note":"","_monsterinsights_sitenote_category":0},"categories":[19],"tags":[],"aioseo_notices":[],"gutentor_comment":0,"rttpg_featured_image_url":{"full":["https:\/\/arantv.az\/wp-content\/uploads\/2025\/03\/336aa5e0a8e18def713570c5579c9b35.jpg",786,458,false],"landscape":["https:\/\/arantv.az\/wp-content\/uploads\/2025\/03\/336aa5e0a8e18def713570c5579c9b35.jpg",786,458,false],"portraits":["https:\/\/arantv.az\/wp-content\/uploads\/2025\/03\/336aa5e0a8e18def713570c5579c9b35.jpg",786,458,false],"thumbnail":["https:\/\/arantv.az\/wp-content\/uploads\/2025\/03\/336aa5e0a8e18def713570c5579c9b35-500x280.jpg",500,280,true],"medium":["https:\/\/arantv.az\/wp-content\/uploads\/2025\/03\/336aa5e0a8e18def713570c5579c9b35-626x365.jpg",626,365,true],"large":["https:\/\/arantv.az\/wp-content\/uploads\/2025\/03\/336aa5e0a8e18def713570c5579c9b35.jpg",640,373,false],"1536x1536":["https:\/\/arantv.az\/wp-content\/uploads\/2025\/03\/336aa5e0a8e18def713570c5579c9b35.jpg",786,458,false],"2048x2048":["https:\/\/arantv.az\/wp-content\/uploads\/2025\/03\/336aa5e0a8e18def713570c5579c9b35.jpg",786,458,false],"post-thumbnail":["https:\/\/arantv.az\/wp-content\/uploads\/2025\/03\/336aa5e0a8e18def713570c5579c9b35-240x172.jpg",240,172,true],"advps-thumb-one":["https:\/\/arantv.az\/wp-content\/uploads\/2025\/03\/336aa5e0a8e18def713570c5579c9b35.jpg",786,458,false]},"rttpg_author":{"display_name":"V\u00fcsal Rafiqo\u011flu","author_link":"https:\/\/arantv.az\/?author=2"},"rttpg_comment":0,"rttpg_category":"<a href=\"https:\/\/arantv.az\/?cat=19\" rel=\"category\">G\u00fcnd\u0259m<\/a>","rttpg_excerpt":"T\u00fcrkiy\u0259 Prezidenti R\u0259c\u0259b Tayyib \u018frdo\u011fan\u0131n t\u0259\u015f\u0259bb\u00fcs\u00fc il\u0259 Ankaradak\u0131 Prezident Kompleksind\u0259 Ramazan ay\u0131 m\u00fcnasib\u0259til\u0259 t\u0259\u015fkil olunan iftar m\u0259rasimi regional v\u0259 dini birlik bax\u0131m\u0131ndan diqq\u0259t \u00e7\u0259kib. Konstantinopol Erm\u0259ni Apostol Kils\u0259sinin Patriarxl\u0131\u011f\u0131 t\u0259r\u0259find\u0259n yay\u0131lan r\u0259smi m\u0259lumata g\u00f6r\u0259, 27 mart 2025-ci il tarixind\u0259 ke\u00e7iril\u0259n m\u0259rasimd\u0259 \u0130r\u0259van Erm\u0259ni Patriarx\u0131 II Saak da i\u015ftirak edib. Musavat.com\u00a0-un toplad\u0131\u011f\u0131 m\u0259lumatda bildirilir ki, t\u0259dbird\u0259&hellip;","_links":{"self":[{"href":"https:\/\/arantv.az\/index.php?rest_route=\/wp\/v2\/posts\/796058"}],"collection":[{"href":"https:\/\/arantv.az\/index.php?rest_route=\/wp\/v2\/posts"}],"about":[{"href":"https:\/\/arantv.az\/index.php?rest_route=\/wp\/v2\/types\/post"}],"author":[{"embeddable":true,"href":"https:\/\/arantv.az\/index.php?rest_route=\/wp\/v2\/users\/2"}],"replies":[{"embeddable":true,"href":"https:\/\/arantv.az\/index.php?rest_route=%2Fwp%2Fv2%2Fcomments&post=796058"}],"version-history":[{"count":1,"href":"https:\/\/arantv.az\/index.php?rest_route=\/wp\/v2\/posts\/796058\/revisions"}],"predecessor-version":[{"id":796060,"href":"https:\/\/arantv.az\/index.php?rest_route=\/wp\/v2\/posts\/796058\/revisions\/796060"}],"wp:featuredmedia":[{"embeddable":true,"href":"https:\/\/arantv.az\/index.php?rest_route=\/wp\/v2\/media\/796059"}],"wp:attachment":[{"href":"https:\/\/arantv.az\/index.php?rest_route=%2Fwp%2Fv2%2Fmedia&parent=796058"}],"wp:term":[{"taxonomy":"category","embeddable":true,"href":"https:\/\/arantv.az\/index.php?rest_route=%2Fwp%2Fv2%2Fcategories&post=796058"},{"taxonomy":"post_tag","embeddable":true,"href":"https:\/\/arantv.az\/index.php?rest_route=%2Fwp%2Fv2%2Ftags&post=796058"}],"curies":[{"name":"wp","href":"https:\/\/api.w.org\/{rel}","templated":true}]}}