{"id":796088,"date":"2025-03-29T11:03:42","date_gmt":"2025-03-29T07:03:42","guid":{"rendered":"https:\/\/arantv.az\/?p=796088"},"modified":"2025-03-29T11:03:42","modified_gmt":"2025-03-29T07:03:42","slug":"zakir-h%c9%99s%c9%99nov-az%c9%99rbaycan-ordusunu-t%c9%99brik-etdi-3","status":"publish","type":"post","link":"https:\/\/arantv.az\/?p=796088","title":{"rendered":"Zakir H\u0259s\u0259nov Az\u0259rbaycan Ordusunu t\u0259brik etdi"},"content":{"rendered":"<p><strong>Az\u0259rbaycan Respublikas\u0131n\u0131n m\u00fcdafi\u0259 naziri, general-polkovnik Zakir H\u0259s\u0259nov Ramazan bayram\u0131 m\u00fcnasib\u0259til\u0259 Silahl\u0131 Q\u00fcvv\u0259l\u0259rin \u015f\u0259xsi hey\u0259tini t\u0259brik edib.<\/strong><\/p>\n<p><strong>ARANTV.AZ <\/strong>\u00a0x\u0259b\u0259r verir ki, t\u0259brikd\u0259 deyilir:<\/p>\n<p>&#8220;C\u0259nab zabitl\u0259r, yolda\u015f gizirl\u0259r, mi\u00e7manlar, kursantlar, \u00e7avu\u015flar, \u0259sg\u0259rl\u0259r, matroslar, d\u00f6vl\u0259t qulluq\u00e7ular\u0131 v\u0259 m\u00fclki i\u015f\u00e7il\u0259r!<\/p>\n<p>D\u00fcnya m\u00fcs\u0259lmanlar\u0131n\u0131n m\u0259n\u0259vi birlik, h\u0259mr\u0259ylik, b\u0259rab\u0259rlik r\u0259mzi olan m\u00fcq\u0259dd\u0259s Ramazan bayram\u0131 m\u00fcnasib\u0259til\u0259 Sizi \u00fcr\u0259kd\u0259n t\u0259brik edir, \u015f\u0259r\u0259fli xidm\u0259tinizd\u0259 u\u011furlar arzulay\u0131ram.<\/p>\n<p>\u0130slami d\u0259y\u0259rl\u0259rin qorundu\u011fu \u00f6lk\u0259mizd\u0259 h\u0259r il d\u00f6vl\u0259t s\u0259viyy\u0259sind\u0259 \u00fcmumxalq bayram\u0131 kimi qeyd olunan Ramazan bayram\u0131 insanlar aras\u0131nda b\u0259rab\u0259rliyi, birliyi daha da g\u00fccl\u0259ndirir, c\u0259miyy\u0259timizd\u0259 milli-m\u0259n\u0259vi d\u0259y\u0259rl\u0259r\u0259 m\u00f6hk\u0259m ba\u011fl\u0131l\u0131\u011f\u0131n, xeyirxahl\u0131q v\u0259 humanizm duy\u011fular\u0131n\u0131n t\u0259nt\u0259n\u0259sini \u00f6z\u00fcnd\u0259 t\u0259c\u0259ss\u00fcm etdirir.<\/p>\n<p>\u00dcmummilli Lider Heyd\u0259r \u018fliyevin m\u00fcst\u0259qil Az\u0259rbaycana r\u0259hb\u0259rliyi d\u00f6vr\u00fcnd\u0259 d\u00f6vl\u0259t quruculu\u011fu siyas\u0259tind\u0259 az\u0259rbaycan\u00e7\u0131l\u0131q m\u0259fkur\u0259si, milli-m\u0259n\u0259vi d\u0259y\u0259rl\u0259rimiz y\u00fcks\u0259k tutulub, ad\u0259t v\u0259 \u0259n\u0259n\u0259l\u0259rimizin qorunub saxlanmas\u0131 reall\u0131\u011fa \u00e7evrilib. Ulu \u00d6nd\u0259rin siyasi kursunun layiqli davam\u00e7\u0131s\u0131 Az\u0259rbaycan Respublikas\u0131n\u0131n Prezidenti \u0130lham \u018fliyevin y\u00fcr\u00fctd\u00fcy\u00fc u\u011furlu daxili v\u0259 xarici siyas\u0259t, at\u0131lan q\u0259tiyy\u0259tli add\u0131mlar say\u0259sind\u0259, el\u0259c\u0259 d\u0259 Birinci vitse-prezident Mehriban xan\u0131m \u018fliyevan\u0131n t\u0259\u015f\u0259bb\u00fcs\u00fc il\u0259 realla\u015fan \u00e7oxlu sayda b\u00f6y\u00fck layih\u0259l\u0259r n\u0259tic\u0259sind\u0259 d\u00f6vl\u0259timizin iqtisadi dayaqlar\u0131 m\u00f6hk\u0259ml\u0259nib, milli-m\u0259n\u0259vi d\u0259y\u0259rl\u0259rimizin beyn\u0259lxalq miqyasda t\u0259bli\u011fi h\u0259yata ke\u00e7irilib, Az\u0259rbaycan demokratik d\u00f6vl\u0259t quruculu\u011fu prosesind\u0259 b\u00f6y\u00fck nailiyy\u0259tl\u0259r qazan\u0131b, d\u0259y\u0259rl\u0259rimizin d\u00fcnyada daha yax\u0131ndan tan\u0131nmas\u0131 t\u0259min olunub.<\/p>\n<p>Respublikam\u0131z\u0131n m\u00fcdafi\u0259 q\u00fcdr\u0259tinin art\u0131r\u0131lmas\u0131 istiqam\u0259tind\u0259 qazan\u0131lan b\u00f6y\u00fck nailiyy\u0259tl\u0259r, eyni zamanda, orduda apar\u0131lan geni\u015fmiqyasl\u0131 islahatlar, sosial infrastrukturun m\u00fcasirl\u0259\u015fdirilm\u0259si, h\u0259rbi qulluq\u00e7ular\u0131n xidm\u0259t \u015f\u0259raitinin yax\u015f\u0131la\u015fd\u0131r\u0131lmas\u0131, ke\u00e7iril\u0259n t\u0259liml\u0259r, d\u00fc\u015fm\u0259nin geni\u015fmiqyasl\u0131 t\u0259xribatlar\u0131na qar\u015f\u0131 apar\u0131lan u\u011furlu \u0259ks-h\u00fccum \u0259m\u0259liyyat\u0131 \u015f\u0259xsi hey\u0259tin q\u0259l\u0259b\u0259 \u0259zmini daha da m\u00f6hk\u0259ml\u0259ndirmi\u015f v\u0259 n\u0259tic\u0259d\u0259 2020-ci il tariximiz\u0259 Z\u0259f\u0259r ili kimi yaz\u0131lm\u0131\u015fd\u0131r. 2023-c\u00fc il 19-20 sentyabr tarixl\u0259rind\u0259 Qaraba\u011f iqtisadi rayonunda h\u0259yata ke\u00e7iril\u0259n antiterror \u0259m\u0259liyyat\u0131 n\u0259tic\u0259sind\u0259 Az\u0259rbaycan Respublikas\u0131n\u0131n konstitusiya qurulu\u015fu tam b\u0259rpa edilmi\u015fdir.<\/p>\n<p>D\u00f6vl\u0259t m\u00fcst\u0259qilliyinin \u0259sas atributlar\u0131ndan biri say\u0131lan \u00fc\u00e7r\u0259ngli bayra\u011f\u0131m\u0131z\u0131n \u0259z\u0259m\u0259tl\u0259 dal\u011faland\u0131\u011f\u0131 i\u015f\u011faldan azad edilmi\u015f \u0259razil\u0259rimizd\u0259 qalib Ordumuz V\u0259t\u0259nimizin m\u00fcdafi\u0259sind\u0259 ay\u0131q-say\u0131q dayanmaqla b\u0259rpa-quruculuq i\u015fl\u0259rinin \u0259n y\u00fcks\u0259k s\u0259viyy\u0259d\u0259 h\u0259yata ke\u00e7irilm\u0259sin\u0259, B\u00f6y\u00fck Qay\u0131d\u0131\u015fa layiqli t\u00f6hf\u0259l\u0259r verir.<\/p>\n<p>Az\u0259rbaycan\u0131n suverenliyi, m\u00fcst\u0259qilliyi v\u0259 \u0259razi b\u00fct\u00f6vl\u00fcy\u00fc u\u011frunda \u015f\u0259hid olan q\u0259hr\u0259manlar\u0131m\u0131z\u0131n xatir\u0259sini h\u0259r zaman oldu\u011fu kimi, Ramazan bayram\u0131 g\u00fcnl\u0259rind\u0259 d\u0259 d\u0259rin h\u00f6rm\u0259t v\u0259 ehtiramla yad edirik. M\u00fcz\u0259ff\u0259r Ali Ba\u015f Komandan \u0130lham \u018fliyev v\u0259 Birinci vitse-prezident Mehriban xan\u0131m \u018fliyevan\u0131n ali diqq\u0259t v\u0259 qay\u011f\u0131s\u0131 say\u0259sind\u0259 \u015f\u0259hid ail\u0259l\u0259rinin sosial-m\u0259i\u015f\u0259t \u015f\u0259raitinin yax\u015f\u0131la\u015fd\u0131r\u0131lmas\u0131, qay\u011f\u0131lar\u0131n\u0131n h\u0259lli istiqam\u0259tind\u0259 m\u00fch\u00fcm add\u0131mlar at\u0131l\u0131r. \u015e\u0259hid valideynl\u0259rini, onlar\u0131n ail\u0259 \u00fczvl\u0259rini, V\u0259t\u0259n u\u011frunda sa\u011flaml\u0131qlar\u0131n\u0131 itir\u0259n silahda\u015flar\u0131m\u0131z\u0131, \u0259ziz veteranlar\u0131 bayram m\u00fcnasib\u0259til\u0259 t\u0259brik edir, onlara \u0259n xo\u015f arzular\u0131m\u0131 \u00e7atd\u0131r\u0131ram. Arzu edir\u0259m ki, bu m\u00fcq\u0259dd\u0259s Ramazan bayram\u0131 g\u0259li\u015fi il\u0259 xalq\u0131m\u0131za firavanl\u0131q, xo\u015fb\u0259xtlik v\u0259 s\u00fcfr\u0259l\u0259rimiz\u0259 bol ruzi-b\u0259r\u0259k\u0259t g\u0259tirsin.<\/p>\n<p>Bir daha h\u0259r birinizi Ramazan bayram\u0131 m\u00fcnasib\u0259til\u0259 \u00fcr\u0259kd\u0259n t\u0259brik edir, Siz\u0259 m\u00f6hk\u0259m cansa\u011fl\u0131\u011f\u0131, uzun \u00f6m\u00fcr, V\u0259t\u0259nimiz m\u00fcst\u0259qil Az\u0259rbaycan namin\u0259 \u015f\u0259r\u0259fli xidm\u0259tinizd\u0259 u\u011furlar arzulay\u0131ram.<\/p>\n<p><strong>Ramazan bayram\u0131n\u0131z m\u00fcbar\u0259k olsun!&#8221;<\/strong><\/p>\n","protected":false},"excerpt":{"rendered":"<p>Az\u0259rbaycan Respublikas\u0131n\u0131n m\u00fcdafi\u0259 naziri, general-polkovnik Zakir H\u0259s\u0259nov Ramazan bayram\u0131 m\u00fcnasib\u0259til\u0259 Silahl\u0131 Q\u00fcvv\u0259l\u0259rin \u015f\u0259xsi hey\u0259tini t\u0259brik edib. ARANTV.AZ \u00a0x\u0259b\u0259r verir ki, t\u0259brikd\u0259 deyilir: &#8220;C\u0259nab zabitl\u0259r, yolda\u015f gizirl\u0259r, mi\u00e7manlar, kursantlar, \u00e7avu\u015flar, \u0259sg\u0259rl\u0259r, matroslar, d\u00f6vl\u0259t qulluq\u00e7ular\u0131 v\u0259 m\u00fclki i\u015f\u00e7il\u0259r! D\u00fcnya m\u00fcs\u0259lmanlar\u0131n\u0131n m\u0259n\u0259vi birlik, h\u0259mr\u0259ylik, b\u0259rab\u0259rlik r\u0259mzi olan m\u00fcq\u0259dd\u0259s Ramazan bayram\u0131 m\u00fcnasib\u0259til\u0259 Sizi \u00fcr\u0259kd\u0259n t\u0259brik edir, \u015f\u0259r\u0259fli xidm\u0259tinizd\u0259 u\u011furlar arzulay\u0131ram. \u0130slami d\u0259y\u0259rl\u0259rin qorundu\u011fu \u00f6lk\u0259mizd\u0259 h\u0259r il d\u00f6vl\u0259t s\u0259viyy\u0259sind\u0259 \u00fcmumxalq bayram\u0131 kimi qeyd olunan Ramazan bayram\u0131 insanlar aras\u0131nda b\u0259rab\u0259rliyi, birliyi daha da g\u00fccl\u0259ndirir, c\u0259miyy\u0259timizd\u0259 milli-m\u0259n\u0259vi d\u0259y\u0259rl\u0259r\u0259 m\u00f6hk\u0259m ba\u011fl\u0131l\u0131\u011f\u0131n, xeyirxahl\u0131q v\u0259 humanizm duy\u011fular\u0131n\u0131n t\u0259nt\u0259n\u0259sini \u00f6z\u00fcnd\u0259 t\u0259c\u0259ss\u00fcm&hellip;<\/p>\n","protected":false},"author":2,"featured_media":796089,"comment_status":"closed","ping_status":"closed","sticky":false,"template":"","format":"standard","meta":{"om_disable_all_campaigns":false,"_monsterinsights_skip_tracking":false,"_monsterinsights_sitenote_active":false,"_monsterinsights_sitenote_note":"","_monsterinsights_sitenote_category":0},"categories":[10],"tags":[],"aioseo_notices":[],"gutentor_comment":0,"rttpg_featured_image_url":{"full":["https:\/\/arantv.az\/wp-content\/uploads\/2025\/03\/51fb0f0b9885e6d4a843d6424cada5c8.jpg",850,500,false],"landscape":["https:\/\/arantv.az\/wp-content\/uploads\/2025\/03\/51fb0f0b9885e6d4a843d6424cada5c8.jpg",850,500,false],"portraits":["https:\/\/arantv.az\/wp-content\/uploads\/2025\/03\/51fb0f0b9885e6d4a843d6424cada5c8.jpg",850,500,false],"thumbnail":["https:\/\/arantv.az\/wp-content\/uploads\/2025\/03\/51fb0f0b9885e6d4a843d6424cada5c8-500x280.jpg",500,280,true],"medium":["https:\/\/arantv.az\/wp-content\/uploads\/2025\/03\/51fb0f0b9885e6d4a843d6424cada5c8-621x365.jpg",621,365,true],"large":["https:\/\/arantv.az\/wp-content\/uploads\/2025\/03\/51fb0f0b9885e6d4a843d6424cada5c8-840x494.jpg",640,376,true],"1536x1536":["https:\/\/arantv.az\/wp-content\/uploads\/2025\/03\/51fb0f0b9885e6d4a843d6424cada5c8.jpg",850,500,false],"2048x2048":["https:\/\/arantv.az\/wp-content\/uploads\/2025\/03\/51fb0f0b9885e6d4a843d6424cada5c8.jpg",850,500,false],"post-thumbnail":["https:\/\/arantv.az\/wp-content\/uploads\/2025\/03\/51fb0f0b9885e6d4a843d6424cada5c8-240x172.jpg",240,172,true],"advps-thumb-one":["https:\/\/arantv.az\/wp-content\/uploads\/2025\/03\/51fb0f0b9885e6d4a843d6424cada5c8.jpg",850,500,false]},"rttpg_author":{"display_name":"V\u00fcsal Rafiqo\u011flu","author_link":"https:\/\/arantv.az\/?author=2"},"rttpg_comment":0,"rttpg_category":"<a href=\"https:\/\/arantv.az\/?cat=10\" rel=\"category\">C\u0259bh\u0259d\u0259n X\u0259b\u0259r<\/a>","rttpg_excerpt":"Az\u0259rbaycan Respublikas\u0131n\u0131n m\u00fcdafi\u0259 naziri, general-polkovnik Zakir H\u0259s\u0259nov Ramazan bayram\u0131 m\u00fcnasib\u0259til\u0259 Silahl\u0131 Q\u00fcvv\u0259l\u0259rin \u015f\u0259xsi hey\u0259tini t\u0259brik edib. ARANTV.AZ \u00a0x\u0259b\u0259r verir ki, t\u0259brikd\u0259 deyilir: &#8220;C\u0259nab zabitl\u0259r, yolda\u015f gizirl\u0259r, mi\u00e7manlar, kursantlar, \u00e7avu\u015flar, \u0259sg\u0259rl\u0259r, matroslar, d\u00f6vl\u0259t qulluq\u00e7ular\u0131 v\u0259 m\u00fclki i\u015f\u00e7il\u0259r! D\u00fcnya m\u00fcs\u0259lmanlar\u0131n\u0131n m\u0259n\u0259vi birlik, h\u0259mr\u0259ylik, b\u0259rab\u0259rlik r\u0259mzi olan m\u00fcq\u0259dd\u0259s Ramazan bayram\u0131 m\u00fcnasib\u0259til\u0259 Sizi \u00fcr\u0259kd\u0259n t\u0259brik edir, \u015f\u0259r\u0259fli xidm\u0259tinizd\u0259 u\u011furlar&hellip;","_links":{"self":[{"href":"https:\/\/arantv.az\/index.php?rest_route=\/wp\/v2\/posts\/796088"}],"collection":[{"href":"https:\/\/arantv.az\/index.php?rest_route=\/wp\/v2\/posts"}],"about":[{"href":"https:\/\/arantv.az\/index.php?rest_route=\/wp\/v2\/types\/post"}],"author":[{"embeddable":true,"href":"https:\/\/arantv.az\/index.php?rest_route=\/wp\/v2\/users\/2"}],"replies":[{"embeddable":true,"href":"https:\/\/arantv.az\/index.php?rest_route=%2Fwp%2Fv2%2Fcomments&post=796088"}],"version-history":[{"count":2,"href":"https:\/\/arantv.az\/index.php?rest_route=\/wp\/v2\/posts\/796088\/revisions"}],"predecessor-version":[{"id":796091,"href":"https:\/\/arantv.az\/index.php?rest_route=\/wp\/v2\/posts\/796088\/revisions\/796091"}],"wp:featuredmedia":[{"embeddable":true,"href":"https:\/\/arantv.az\/index.php?rest_route=\/wp\/v2\/media\/796089"}],"wp:attachment":[{"href":"https:\/\/arantv.az\/index.php?rest_route=%2Fwp%2Fv2%2Fmedia&parent=796088"}],"wp:term":[{"taxonomy":"category","embeddable":true,"href":"https:\/\/arantv.az\/index.php?rest_route=%2Fwp%2Fv2%2Fcategories&post=796088"},{"taxonomy":"post_tag","embeddable":true,"href":"https:\/\/arantv.az\/index.php?rest_route=%2Fwp%2Fv2%2Ftags&post=796088"}],"curies":[{"name":"wp","href":"https:\/\/api.w.org\/{rel}","templated":true}]}}