{"id":796101,"date":"2025-03-29T13:16:32","date_gmt":"2025-03-29T09:16:32","guid":{"rendered":"https:\/\/arantv.az\/?p=796101"},"modified":"2025-03-29T13:16:32","modified_gmt":"2025-03-29T09:16:32","slug":"btq-il%c9%99-must%c9%99qillik-h%c9%99r%c9%99katlarindan-biri-arasinda-anlasma-memorandumu-imzalanib","status":"publish","type":"post","link":"https:\/\/arantv.az\/?p=796101","title":{"rendered":"BTQ il\u0259 m\u00fcst\u0259qillik h\u0259r\u0259katlar\u0131ndan biri aras\u0131nda Anla\u015fma Memorandumu imzalan\u0131b"},"content":{"rendered":"<p>Bak\u0131 T\u0259\u015f\u0259bb\u00fcs Qrupu (BTQ) v\u0259 &#8220;Qvadelupa Azadl\u0131\u011f\u0131 u\u011frunda Xalq \u0130ttifaq\u0131&#8221; (L&#8217;Union populaire pour la lib\u00e9ration de la Guadeloupe, UPLG) partiyas\u0131 Anla\u015fma Memorandumu imzalay\u0131blar.<\/p>\n<p>\u201cReport\u201d x\u0259b\u0259r verir ki, imzalanma BTQ-nin t\u0259\u015fkil etdiyi &#8220;Kolonializm: dini-milli kimliyin kimliyin silinm\u0259si&#8221; m\u00f6vzusunda beyn\u0259lxalq konfrans \u00e7\u0259r\u00e7iv\u0259sind\u0259 ba\u015f tutub.<\/p>\n<p>Memorandumu Bak\u0131 T\u0259\u015f\u0259bb\u00fcs Qrupunun icra\u00e7\u0131 direktoru Abbas Abbasov v\u0259 Qvadelupan\u0131n Azadl\u0131\u011f\u0131 u\u011frunda Xalq \u0130ttifaq\u0131n\u0131n (UPLG) ba\u015f katibi Jan Jakop Bisep imzalay\u0131b.<\/p>\n","protected":false},"excerpt":{"rendered":"<p>Bak\u0131 T\u0259\u015f\u0259bb\u00fcs Qrupu (BTQ) v\u0259 &#8220;Qvadelupa Azadl\u0131\u011f\u0131 u\u011frunda Xalq \u0130ttifaq\u0131&#8221; (L&#8217;Union populaire pour la lib\u00e9ration de la Guadeloupe, UPLG) partiyas\u0131 Anla\u015fma Memorandumu imzalay\u0131blar. \u201cReport\u201d x\u0259b\u0259r verir ki, imzalanma BTQ-nin t\u0259\u015fkil etdiyi &#8220;Kolonializm: dini-milli kimliyin kimliyin silinm\u0259si&#8221; m\u00f6vzusunda beyn\u0259lxalq konfrans \u00e7\u0259r\u00e7iv\u0259sind\u0259 ba\u015f tutub. Memorandumu Bak\u0131 T\u0259\u015f\u0259bb\u00fcs Qrupunun icra\u00e7\u0131 direktoru Abbas Abbasov v\u0259 Qvadelupan\u0131n Azadl\u0131\u011f\u0131 u\u011frunda Xalq \u0130ttifaq\u0131n\u0131n (UPLG) ba\u015f katibi Jan Jakop Bisep imzalay\u0131b.<\/p>\n","protected":false},"author":2,"featured_media":796102,"comment_status":"closed","ping_status":"closed","sticky":false,"template":"","format":"standard","meta":{"om_disable_all_campaigns":false,"_monsterinsights_skip_tracking":false,"_monsterinsights_sitenote_active":false,"_monsterinsights_sitenote_note":"","_monsterinsights_sitenote_category":0},"categories":[4],"tags":[],"aioseo_notices":[],"gutentor_comment":0,"rttpg_featured_image_url":{"full":["https:\/\/arantv.az\/wp-content\/uploads\/2025\/03\/0fe22e6349a170245a166a78d56db48a.jpg",850,500,false],"landscape":["https:\/\/arantv.az\/wp-content\/uploads\/2025\/03\/0fe22e6349a170245a166a78d56db48a.jpg",850,500,false],"portraits":["https:\/\/arantv.az\/wp-content\/uploads\/2025\/03\/0fe22e6349a170245a166a78d56db48a.jpg",850,500,false],"thumbnail":["https:\/\/arantv.az\/wp-content\/uploads\/2025\/03\/0fe22e6349a170245a166a78d56db48a-500x280.jpg",500,280,true],"medium":["https:\/\/arantv.az\/wp-content\/uploads\/2025\/03\/0fe22e6349a170245a166a78d56db48a-621x365.jpg",621,365,true],"large":["https:\/\/arantv.az\/wp-content\/uploads\/2025\/03\/0fe22e6349a170245a166a78d56db48a-840x494.jpg",640,376,true],"1536x1536":["https:\/\/arantv.az\/wp-content\/uploads\/2025\/03\/0fe22e6349a170245a166a78d56db48a.jpg",850,500,false],"2048x2048":["https:\/\/arantv.az\/wp-content\/uploads\/2025\/03\/0fe22e6349a170245a166a78d56db48a.jpg",850,500,false],"post-thumbnail":["https:\/\/arantv.az\/wp-content\/uploads\/2025\/03\/0fe22e6349a170245a166a78d56db48a-240x172.jpg",240,172,true],"advps-thumb-one":["https:\/\/arantv.az\/wp-content\/uploads\/2025\/03\/0fe22e6349a170245a166a78d56db48a.jpg",850,500,false]},"rttpg_author":{"display_name":"V\u00fcsal Rafiqo\u011flu","author_link":"https:\/\/arantv.az\/?author=2"},"rttpg_comment":0,"rttpg_category":"<a href=\"https:\/\/arantv.az\/?cat=4\" rel=\"category\">Siyas\u0259t<\/a>","rttpg_excerpt":"Bak\u0131 T\u0259\u015f\u0259bb\u00fcs Qrupu (BTQ) v\u0259 &#8220;Qvadelupa Azadl\u0131\u011f\u0131 u\u011frunda Xalq \u0130ttifaq\u0131&#8221; (L&#8217;Union populaire pour la lib\u00e9ration de la Guadeloupe, UPLG) partiyas\u0131 Anla\u015fma Memorandumu imzalay\u0131blar. \u201cReport\u201d x\u0259b\u0259r verir ki, imzalanma BTQ-nin t\u0259\u015fkil etdiyi &#8220;Kolonializm: dini-milli kimliyin kimliyin silinm\u0259si&#8221; m\u00f6vzusunda beyn\u0259lxalq konfrans \u00e7\u0259r\u00e7iv\u0259sind\u0259 ba\u015f tutub. Memorandumu Bak\u0131 T\u0259\u015f\u0259bb\u00fcs Qrupunun icra\u00e7\u0131 direktoru Abbas Abbasov v\u0259 Qvadelupan\u0131n Azadl\u0131\u011f\u0131 u\u011frunda Xalq&hellip;","_links":{"self":[{"href":"https:\/\/arantv.az\/index.php?rest_route=\/wp\/v2\/posts\/796101"}],"collection":[{"href":"https:\/\/arantv.az\/index.php?rest_route=\/wp\/v2\/posts"}],"about":[{"href":"https:\/\/arantv.az\/index.php?rest_route=\/wp\/v2\/types\/post"}],"author":[{"embeddable":true,"href":"https:\/\/arantv.az\/index.php?rest_route=\/wp\/v2\/users\/2"}],"replies":[{"embeddable":true,"href":"https:\/\/arantv.az\/index.php?rest_route=%2Fwp%2Fv2%2Fcomments&post=796101"}],"version-history":[{"count":1,"href":"https:\/\/arantv.az\/index.php?rest_route=\/wp\/v2\/posts\/796101\/revisions"}],"predecessor-version":[{"id":796103,"href":"https:\/\/arantv.az\/index.php?rest_route=\/wp\/v2\/posts\/796101\/revisions\/796103"}],"wp:featuredmedia":[{"embeddable":true,"href":"https:\/\/arantv.az\/index.php?rest_route=\/wp\/v2\/media\/796102"}],"wp:attachment":[{"href":"https:\/\/arantv.az\/index.php?rest_route=%2Fwp%2Fv2%2Fmedia&parent=796101"}],"wp:term":[{"taxonomy":"category","embeddable":true,"href":"https:\/\/arantv.az\/index.php?rest_route=%2Fwp%2Fv2%2Fcategories&post=796101"},{"taxonomy":"post_tag","embeddable":true,"href":"https:\/\/arantv.az\/index.php?rest_route=%2Fwp%2Fv2%2Ftags&post=796101"}],"curies":[{"name":"wp","href":"https:\/\/api.w.org\/{rel}","templated":true}]}}