{"id":796133,"date":"2025-03-29T18:05:32","date_gmt":"2025-03-29T14:05:32","guid":{"rendered":"https:\/\/arantv.az\/?p=796133"},"modified":"2025-03-29T18:05:32","modified_gmt":"2025-03-29T14:05:32","slug":"az%c9%99rbaycan-v%c9%99-turkiy%c9%99-prezidentl%c9%99ri-arasinda-telefon-danisigi-oldu","status":"publish","type":"post","link":"https:\/\/arantv.az\/?p=796133","title":{"rendered":"Az\u0259rbaycan v\u0259 T\u00fcrkiy\u0259 prezidentl\u0259ri aras\u0131nda telefon dan\u0131\u015f\u0131\u011f\u0131 oldu"},"content":{"rendered":"<p><strong>Mart\u0131n 29-da Az\u0259rbaycan Prezidenti \u0130lham \u018fliyevl\u0259 T\u00fcrkiy\u0259\u00a0Prezidenti R\u0259c\u0259b Tayyib \u018frdo\u011fan aras\u0131nda telefon dan\u0131\u015f\u0131\u011f\u0131 olub.<\/strong><\/p>\n<p><strong>ARANTV.AZ <\/strong>\u00a0x\u0259b\u0259r verir ki, T\u00fcrkiy\u0259 Prezidenti R\u0259c\u0259b Tayyib \u018frdo\u011fan m\u00fcq\u0259dd\u0259s Ramazan bayram\u0131 m\u00fcnasib\u0259til\u0259 Prezident \u0130lham \u018fliyev\u0259 v\u0259 Az\u0259rbaycan xalq\u0131na t\u0259brikl\u0259rini \u00e7atd\u0131r\u0131b, firavanl\u0131q v\u0259 ruzi-b\u0259r\u0259k\u0259t arzulay\u0131b.<\/p>\n<p>Az\u0259rbaycan Prezidenti g\u00f6st\u0259ril\u0259n diqq\u0259t\u0259 v\u0259 t\u0259brik\u0259 g\u00f6r\u0259 t\u0259\u015f\u0259kk\u00fcr\u00fcn\u00fc bildirib, \u00f6z n\u00f6vb\u0259sind\u0259 R\u0259c\u0259b Tayyib \u018frdo\u011fan\u0131, qarda\u015f T\u00fcrkiy\u0259 xalq\u0131n\u0131 bayram m\u00fcnasib\u0259til\u0259 t\u0259brik edib, \u0259n xo\u015f arzular\u0131n\u0131 \u00e7atd\u0131r\u0131b.<\/p>\n<p>R\u0259c\u0259b Tayyib \u018frdo\u011fan t\u0259brikl\u0259r\u0259 g\u00f6r\u0259 Az\u0259rbaycan Prezidentin\u0259 minn\u0259tdarl\u0131\u011f\u0131n\u0131 ifad\u0259 edib.<\/p>\n<p>Telefon s\u00f6hb\u0259ti zaman\u0131 d\u00f6vl\u0259t ba\u015f\u00e7\u0131lar\u0131 qarda\u015fl\u0131q v\u0259 m\u00fctt\u0259fiqlik m\u00fcnasib\u0259tl\u0259rin\u0259 \u0259saslanan Az\u0259rbaycan-T\u00fcrkiy\u0259 \u0259laq\u0259l\u0259rinin perspektivl\u0259rin\u0259 dair fikir m\u00fcbadil\u0259si apar\u0131b v\u0259 tezlikl\u0259 yenid\u0259n g\u00f6r\u00fc\u015f\u0259c\u0259kl\u0259ri il\u0259 ba\u011fl\u0131 \u00fcmidvarl\u0131qlar\u0131n\u0131 ifad\u0259 edibl\u0259r.<\/p>\n","protected":false},"excerpt":{"rendered":"<p>Mart\u0131n 29-da Az\u0259rbaycan Prezidenti \u0130lham \u018fliyevl\u0259 T\u00fcrkiy\u0259\u00a0Prezidenti R\u0259c\u0259b Tayyib \u018frdo\u011fan aras\u0131nda telefon dan\u0131\u015f\u0131\u011f\u0131 olub. ARANTV.AZ \u00a0x\u0259b\u0259r verir ki, T\u00fcrkiy\u0259 Prezidenti R\u0259c\u0259b Tayyib \u018frdo\u011fan m\u00fcq\u0259dd\u0259s Ramazan bayram\u0131 m\u00fcnasib\u0259til\u0259 Prezident \u0130lham \u018fliyev\u0259 v\u0259 Az\u0259rbaycan xalq\u0131na t\u0259brikl\u0259rini \u00e7atd\u0131r\u0131b, firavanl\u0131q v\u0259 ruzi-b\u0259r\u0259k\u0259t arzulay\u0131b. Az\u0259rbaycan Prezidenti g\u00f6st\u0259ril\u0259n diqq\u0259t\u0259 v\u0259 t\u0259brik\u0259 g\u00f6r\u0259 t\u0259\u015f\u0259kk\u00fcr\u00fcn\u00fc bildirib, \u00f6z n\u00f6vb\u0259sind\u0259 R\u0259c\u0259b Tayyib \u018frdo\u011fan\u0131, qarda\u015f T\u00fcrkiy\u0259 xalq\u0131n\u0131 bayram m\u00fcnasib\u0259til\u0259 t\u0259brik edib, \u0259n xo\u015f arzular\u0131n\u0131 \u00e7atd\u0131r\u0131b. R\u0259c\u0259b Tayyib \u018frdo\u011fan t\u0259brikl\u0259r\u0259 g\u00f6r\u0259 Az\u0259rbaycan Prezidentin\u0259 minn\u0259tdarl\u0131\u011f\u0131n\u0131 ifad\u0259 edib. Telefon s\u00f6hb\u0259ti zaman\u0131 d\u00f6vl\u0259t ba\u015f\u00e7\u0131lar\u0131 qarda\u015fl\u0131q v\u0259 m\u00fctt\u0259fiqlik m\u00fcnasib\u0259tl\u0259rin\u0259 \u0259saslanan Az\u0259rbaycan-T\u00fcrkiy\u0259 \u0259laq\u0259l\u0259rinin perspektivl\u0259rin\u0259 dair fikir m\u00fcbadil\u0259si&hellip;<\/p>\n","protected":false},"author":2,"featured_media":796134,"comment_status":"closed","ping_status":"closed","sticky":false,"template":"","format":"standard","meta":{"om_disable_all_campaigns":false,"_monsterinsights_skip_tracking":false,"_monsterinsights_sitenote_active":false,"_monsterinsights_sitenote_note":"","_monsterinsights_sitenote_category":0},"categories":[4],"tags":[],"aioseo_notices":[],"gutentor_comment":0,"rttpg_featured_image_url":{"full":["https:\/\/arantv.az\/wp-content\/uploads\/2025\/03\/14c613e1459c4f9a356213fbfdffd5ba.jpg",850,500,false],"landscape":["https:\/\/arantv.az\/wp-content\/uploads\/2025\/03\/14c613e1459c4f9a356213fbfdffd5ba.jpg",850,500,false],"portraits":["https:\/\/arantv.az\/wp-content\/uploads\/2025\/03\/14c613e1459c4f9a356213fbfdffd5ba.jpg",850,500,false],"thumbnail":["https:\/\/arantv.az\/wp-content\/uploads\/2025\/03\/14c613e1459c4f9a356213fbfdffd5ba-500x280.jpg",500,280,true],"medium":["https:\/\/arantv.az\/wp-content\/uploads\/2025\/03\/14c613e1459c4f9a356213fbfdffd5ba-621x365.jpg",621,365,true],"large":["https:\/\/arantv.az\/wp-content\/uploads\/2025\/03\/14c613e1459c4f9a356213fbfdffd5ba-840x494.jpg",640,376,true],"1536x1536":["https:\/\/arantv.az\/wp-content\/uploads\/2025\/03\/14c613e1459c4f9a356213fbfdffd5ba.jpg",850,500,false],"2048x2048":["https:\/\/arantv.az\/wp-content\/uploads\/2025\/03\/14c613e1459c4f9a356213fbfdffd5ba.jpg",850,500,false],"post-thumbnail":["https:\/\/arantv.az\/wp-content\/uploads\/2025\/03\/14c613e1459c4f9a356213fbfdffd5ba-240x172.jpg",240,172,true],"advps-thumb-one":["https:\/\/arantv.az\/wp-content\/uploads\/2025\/03\/14c613e1459c4f9a356213fbfdffd5ba.jpg",850,500,false]},"rttpg_author":{"display_name":"V\u00fcsal Rafiqo\u011flu","author_link":"https:\/\/arantv.az\/?author=2"},"rttpg_comment":0,"rttpg_category":"<a href=\"https:\/\/arantv.az\/?cat=4\" rel=\"category\">Siyas\u0259t<\/a>","rttpg_excerpt":"Mart\u0131n 29-da Az\u0259rbaycan Prezidenti \u0130lham \u018fliyevl\u0259 T\u00fcrkiy\u0259\u00a0Prezidenti R\u0259c\u0259b Tayyib \u018frdo\u011fan aras\u0131nda telefon dan\u0131\u015f\u0131\u011f\u0131 olub. ARANTV.AZ \u00a0x\u0259b\u0259r verir ki, T\u00fcrkiy\u0259 Prezidenti R\u0259c\u0259b Tayyib \u018frdo\u011fan m\u00fcq\u0259dd\u0259s Ramazan bayram\u0131 m\u00fcnasib\u0259til\u0259 Prezident \u0130lham \u018fliyev\u0259 v\u0259 Az\u0259rbaycan xalq\u0131na t\u0259brikl\u0259rini \u00e7atd\u0131r\u0131b, firavanl\u0131q v\u0259 ruzi-b\u0259r\u0259k\u0259t arzulay\u0131b. Az\u0259rbaycan Prezidenti g\u00f6st\u0259ril\u0259n diqq\u0259t\u0259 v\u0259 t\u0259brik\u0259 g\u00f6r\u0259 t\u0259\u015f\u0259kk\u00fcr\u00fcn\u00fc bildirib, \u00f6z n\u00f6vb\u0259sind\u0259 R\u0259c\u0259b Tayyib \u018frdo\u011fan\u0131, qarda\u015f T\u00fcrkiy\u0259&hellip;","_links":{"self":[{"href":"https:\/\/arantv.az\/index.php?rest_route=\/wp\/v2\/posts\/796133"}],"collection":[{"href":"https:\/\/arantv.az\/index.php?rest_route=\/wp\/v2\/posts"}],"about":[{"href":"https:\/\/arantv.az\/index.php?rest_route=\/wp\/v2\/types\/post"}],"author":[{"embeddable":true,"href":"https:\/\/arantv.az\/index.php?rest_route=\/wp\/v2\/users\/2"}],"replies":[{"embeddable":true,"href":"https:\/\/arantv.az\/index.php?rest_route=%2Fwp%2Fv2%2Fcomments&post=796133"}],"version-history":[{"count":1,"href":"https:\/\/arantv.az\/index.php?rest_route=\/wp\/v2\/posts\/796133\/revisions"}],"predecessor-version":[{"id":796135,"href":"https:\/\/arantv.az\/index.php?rest_route=\/wp\/v2\/posts\/796133\/revisions\/796135"}],"wp:featuredmedia":[{"embeddable":true,"href":"https:\/\/arantv.az\/index.php?rest_route=\/wp\/v2\/media\/796134"}],"wp:attachment":[{"href":"https:\/\/arantv.az\/index.php?rest_route=%2Fwp%2Fv2%2Fmedia&parent=796133"}],"wp:term":[{"taxonomy":"category","embeddable":true,"href":"https:\/\/arantv.az\/index.php?rest_route=%2Fwp%2Fv2%2Fcategories&post=796133"},{"taxonomy":"post_tag","embeddable":true,"href":"https:\/\/arantv.az\/index.php?rest_route=%2Fwp%2Fv2%2Ftags&post=796133"}],"curies":[{"name":"wp","href":"https:\/\/api.w.org\/{rel}","templated":true}]}}