{"id":796139,"date":"2025-03-29T18:11:10","date_gmt":"2025-03-29T14:11:10","guid":{"rendered":"https:\/\/arantv.az\/?p=796139"},"modified":"2025-03-29T18:11:10","modified_gmt":"2025-03-29T14:11:10","slug":"cevdet-yilmaz-mehriban-%c9%99liyevani-t%c9%99brik-etdi","status":"publish","type":"post","link":"https:\/\/arantv.az\/?p=796139","title":{"rendered":"Cevdet Y\u0131lmaz Mehriban \u018fliyevan\u0131 T\u018fBR\u0130K ETD\u0130"},"content":{"rendered":"<div class=\"text-content\" data-id=\"\" data-url=\"\">\n<p><strong>T\u00fcrkiy\u0259 Respublikas\u0131n\u0131n Vitse-prezidenti Cevdet Y\u0131lmaz Az\u0259rbaycan Respublikas\u0131n\u0131n Birinci vitse-prezidenti Mehriban \u018fliyevaya Ramazan bayram\u0131 m\u00fcnasib\u0259til\u0259 t\u0259brik m\u0259ktubu \u00fcnvanlay\u0131b.<\/strong><\/p>\n<p><strong>ARANTV.AZ <\/strong>\u00a0x\u0259b\u0259r verir ki, m\u0259ktubda deyilir:<\/p>\n<p>&#8220;H\u00f6rm\u0259tli Birinci vitse-prezident,<\/p>\n<p>Zati-alinizin v\u0259 qarda\u015f Az\u0259rbaycan xalq\u0131n\u0131n Ramazan bayram\u0131n\u0131 s\u0259mimi-q\u0259lbd\u0259n t\u0259brik edir, bu m\u00fcbar\u0259k bayram\u0131n \u0130slam al\u0259mi v\u0259 b\u00fct\u00fcn d\u00fcnya \u00fc\u00e7\u00fcn s\u00fclh\u0259, \u0259min-amanl\u0131\u011fa v\u0259 s\u0259ad\u0259t\u0259 v\u0259sil\u0259 olmas\u0131n\u0131 dil\u0259yir\u0259m.<\/p>\n<p>Zati-aliniz\u0259 cansa\u011fl\u0131\u011f\u0131 v\u0259 xo\u015fb\u0259xtlik arzulay\u0131ram&#8221;.<\/p>\n<\/div>\n<div><\/div>\n<div><\/div>\n<div class=\"inner-social-box\">\n<div class=\"subs-in-social subs-whatsapp\"><\/div>\n<\/div>\n","protected":false},"excerpt":{"rendered":"<p>T\u00fcrkiy\u0259 Respublikas\u0131n\u0131n Vitse-prezidenti Cevdet Y\u0131lmaz Az\u0259rbaycan Respublikas\u0131n\u0131n Birinci vitse-prezidenti Mehriban \u018fliyevaya Ramazan bayram\u0131 m\u00fcnasib\u0259til\u0259 t\u0259brik m\u0259ktubu \u00fcnvanlay\u0131b. ARANTV.AZ \u00a0x\u0259b\u0259r verir ki, m\u0259ktubda deyilir: &#8220;H\u00f6rm\u0259tli Birinci vitse-prezident, Zati-alinizin v\u0259 qarda\u015f Az\u0259rbaycan xalq\u0131n\u0131n Ramazan bayram\u0131n\u0131 s\u0259mimi-q\u0259lbd\u0259n t\u0259brik edir, bu m\u00fcbar\u0259k bayram\u0131n \u0130slam al\u0259mi v\u0259 b\u00fct\u00fcn d\u00fcnya \u00fc\u00e7\u00fcn s\u00fclh\u0259, \u0259min-amanl\u0131\u011fa v\u0259 s\u0259ad\u0259t\u0259 v\u0259sil\u0259 olmas\u0131n\u0131 dil\u0259yir\u0259m. Zati-aliniz\u0259 cansa\u011fl\u0131\u011f\u0131 v\u0259 xo\u015fb\u0259xtlik arzulay\u0131ram&#8221;.<\/p>\n","protected":false},"author":2,"featured_media":796140,"comment_status":"closed","ping_status":"closed","sticky":false,"template":"","format":"standard","meta":{"om_disable_all_campaigns":false,"_monsterinsights_skip_tracking":false,"_monsterinsights_sitenote_active":false,"_monsterinsights_sitenote_note":"","_monsterinsights_sitenote_category":0},"categories":[4],"tags":[],"aioseo_notices":[],"gutentor_comment":0,"rttpg_featured_image_url":{"full":["https:\/\/arantv.az\/wp-content\/uploads\/2025\/03\/0708f99fe5d88a13be8eaeed135eaee7.jpg",870,500,false],"landscape":["https:\/\/arantv.az\/wp-content\/uploads\/2025\/03\/0708f99fe5d88a13be8eaeed135eaee7.jpg",870,500,false],"portraits":["https:\/\/arantv.az\/wp-content\/uploads\/2025\/03\/0708f99fe5d88a13be8eaeed135eaee7.jpg",870,500,false],"thumbnail":["https:\/\/arantv.az\/wp-content\/uploads\/2025\/03\/0708f99fe5d88a13be8eaeed135eaee7-500x280.jpg",500,280,true],"medium":["https:\/\/arantv.az\/wp-content\/uploads\/2025\/03\/0708f99fe5d88a13be8eaeed135eaee7-635x365.jpg",635,365,true],"large":["https:\/\/arantv.az\/wp-content\/uploads\/2025\/03\/0708f99fe5d88a13be8eaeed135eaee7-840x483.jpg",640,368,true],"1536x1536":["https:\/\/arantv.az\/wp-content\/uploads\/2025\/03\/0708f99fe5d88a13be8eaeed135eaee7.jpg",870,500,false],"2048x2048":["https:\/\/arantv.az\/wp-content\/uploads\/2025\/03\/0708f99fe5d88a13be8eaeed135eaee7.jpg",870,500,false],"post-thumbnail":["https:\/\/arantv.az\/wp-content\/uploads\/2025\/03\/0708f99fe5d88a13be8eaeed135eaee7-240x172.jpg",240,172,true],"advps-thumb-one":["https:\/\/arantv.az\/wp-content\/uploads\/2025\/03\/0708f99fe5d88a13be8eaeed135eaee7.jpg",870,500,false]},"rttpg_author":{"display_name":"V\u00fcsal Rafiqo\u011flu","author_link":"https:\/\/arantv.az\/?author=2"},"rttpg_comment":0,"rttpg_category":"<a href=\"https:\/\/arantv.az\/?cat=4\" rel=\"category\">Siyas\u0259t<\/a>","rttpg_excerpt":"T\u00fcrkiy\u0259 Respublikas\u0131n\u0131n Vitse-prezidenti Cevdet Y\u0131lmaz Az\u0259rbaycan Respublikas\u0131n\u0131n Birinci vitse-prezidenti Mehriban \u018fliyevaya Ramazan bayram\u0131 m\u00fcnasib\u0259til\u0259 t\u0259brik m\u0259ktubu \u00fcnvanlay\u0131b. ARANTV.AZ \u00a0x\u0259b\u0259r verir ki, m\u0259ktubda deyilir: &#8220;H\u00f6rm\u0259tli Birinci vitse-prezident, Zati-alinizin v\u0259 qarda\u015f Az\u0259rbaycan xalq\u0131n\u0131n Ramazan bayram\u0131n\u0131 s\u0259mimi-q\u0259lbd\u0259n t\u0259brik edir, bu m\u00fcbar\u0259k bayram\u0131n \u0130slam al\u0259mi v\u0259 b\u00fct\u00fcn d\u00fcnya \u00fc\u00e7\u00fcn s\u00fclh\u0259, \u0259min-amanl\u0131\u011fa v\u0259 s\u0259ad\u0259t\u0259 v\u0259sil\u0259 olmas\u0131n\u0131 dil\u0259yir\u0259m. Zati-aliniz\u0259 cansa\u011fl\u0131\u011f\u0131 v\u0259&hellip;","_links":{"self":[{"href":"https:\/\/arantv.az\/index.php?rest_route=\/wp\/v2\/posts\/796139"}],"collection":[{"href":"https:\/\/arantv.az\/index.php?rest_route=\/wp\/v2\/posts"}],"about":[{"href":"https:\/\/arantv.az\/index.php?rest_route=\/wp\/v2\/types\/post"}],"author":[{"embeddable":true,"href":"https:\/\/arantv.az\/index.php?rest_route=\/wp\/v2\/users\/2"}],"replies":[{"embeddable":true,"href":"https:\/\/arantv.az\/index.php?rest_route=%2Fwp%2Fv2%2Fcomments&post=796139"}],"version-history":[{"count":1,"href":"https:\/\/arantv.az\/index.php?rest_route=\/wp\/v2\/posts\/796139\/revisions"}],"predecessor-version":[{"id":796141,"href":"https:\/\/arantv.az\/index.php?rest_route=\/wp\/v2\/posts\/796139\/revisions\/796141"}],"wp:featuredmedia":[{"embeddable":true,"href":"https:\/\/arantv.az\/index.php?rest_route=\/wp\/v2\/media\/796140"}],"wp:attachment":[{"href":"https:\/\/arantv.az\/index.php?rest_route=%2Fwp%2Fv2%2Fmedia&parent=796139"}],"wp:term":[{"taxonomy":"category","embeddable":true,"href":"https:\/\/arantv.az\/index.php?rest_route=%2Fwp%2Fv2%2Fcategories&post=796139"},{"taxonomy":"post_tag","embeddable":true,"href":"https:\/\/arantv.az\/index.php?rest_route=%2Fwp%2Fv2%2Ftags&post=796139"}],"curies":[{"name":"wp","href":"https:\/\/api.w.org\/{rel}","templated":true}]}}