{"id":796148,"date":"2025-03-29T18:14:41","date_gmt":"2025-03-29T14:14:41","guid":{"rendered":"https:\/\/arantv.az\/?p=796148"},"modified":"2025-03-29T18:14:41","modified_gmt":"2025-03-29T14:14:41","slug":"revansistl%c9%99r%c9%99-s%c9%99rt-sill%c9%99-moskva-artsaxi-diriltm%c9%99y%c9%99c%c9%99k","status":"publish","type":"post","link":"https:\/\/arantv.az\/?p=796148","title":{"rendered":"Revan\u015fistl\u0259r\u0259 s\u0259rt \u015e\u0130LL\u018f \u2013 Moskva \u201cartsax\u201d\u0131 diriltm\u0259y\u0259c\u0259k!"},"content":{"rendered":"<p><strong>Rusiyada mifik \u201cartsax\u201d\u0131n qondarma n\u00fcmay\u0259nd\u0259liyi varm\u0131\u015f. Amma art\u0131q \u00f6z\u00fcn\u00fc burax\u0131b. \u201cPast\u201d erm\u0259ni n\u0259\u015fri yazmasayd\u0131 b\u0259lk\u0259 d\u0259 he\u00e7 kim bilm\u0259zdi ki, Moskvada n\u00fcmay\u0259nd\u0259lik ad\u0131na bel\u0259 bir \u0259caib \u015fey m\u00f6vcud imi\u015f. \u00c7\u00fcnki Qaraba\u011fda erm\u0259ni separatizminin k\u00f6k\u00fc k\u0259silibs\u0259, Az\u0259rbaycan \u00f6z \u0259razi b\u00fct\u00f6vl\u00fcy\u00fc v\u0259 suverenliyini tam b\u0259rpa edibs\u0259, Bak\u0131da xunta\u00e7\u0131lar\u0131n m\u0259hk\u0259m\u0259si gedirs\u0259, \u00f6z\u00fcn\u00fc aldatma\u011f\u0131n n\u0259 anlam\u0131 var ki?<\/strong><\/p>\n<p>\u018ffsuslar olsun ki, erm\u0259nil\u0259r, x\u00fcsus\u0259n d\u0259 onlar\u0131n qisas\u00e7\u0131-da\u015fnak k\u0259simi h\u0259l\u0259 d\u0259 \u201cg\u00f6yd\u0259n yer\u0259\u201d enib reall\u0131qlar\u0131 q\u0259bul etm\u0259k ist\u0259mir. Bax\u0131rsan ki, h\u0259l\u0259 d\u0259 qon\u015fu \u00f6lk\u0259nin parlamentind\u0259 hans\u0131sa radikal-revan\u015fist deputat \u201cbayraq\u201d adland\u0131rd\u0131\u011f\u0131 \u201carsax\u201d\u0131n \u0259ski par\u00e7as\u0131n\u0131 qaba\u011f\u0131na qoyub \u00f6z\u00fcn\u0259 t\u0259s\u0259lli verir. Anlamaq ist\u0259mirl\u0259r ki, \u201cqatar\u201d gerid\u011f\u00f6nm\u0259z \u015f\u0259kild\u0259 gedib. \u201cStatus\u201d-filan ham\u0131s\u0131 tarixin zibilliyind\u0259dir v\u0259 bir daha bu m\u00f6vzuya qay\u0131d\u0131lmayacaq&#8230;<\/p>\n<p><strong>A\u011f\u0131llar\u0131 olsayd\u0131, Az\u0259rbaycan\u0131n t\u0259klif etdiyi y\u00fcks\u0259k muxtariyy\u0259t v\u0259dini vaxt\u0131nda q\u0259bul ed\u0259rdil\u0259r.<\/strong>\u00a0\u0130ndi Qaraba\u011fda ba\u015fqa v\u0259t\u0259nda\u015flar\u0131m\u0131z kimi dinc h\u0259yatlar\u0131na davam edirdil\u0259r. Amma onlar dinc v\u0259 t\u0259hl\u00fck\u0259siz g\u00fcz\u0259ran\u0131, c\u0259miyy\u0259timiz\u0259 inteqrasiyan\u0131 deyil, \u0259zab-\u0259ziyy\u0259tin davam\u0131n\u0131, qar\u015f\u0131durman\u0131 se\u00e7dil\u0259r.<\/p>\n<p>Bel\u0259c\u0259, \u00e7ox ist\u0259dikl\u0259ri \u00fc\u00e7\u00fcn azdan da oldular. \u00d6zl\u0259ri bil\u0259r. Can onlar\u0131n, c\u0259h\u0259nn\u0259m Tanr\u0131n\u0131n. \u00d6z\u00fc y\u0131x\u0131lan a\u011flamaz. Birc\u0259 biziml\u0259 i\u015fl\u0259ri olmas\u0131n, si\u00e7ovul kimi yen\u0259 aya\u011f\u0131m\u0131z\u0131n alt\u0131n\u0131 qaz\u0131ma\u011fa c\u0259hd etm\u0259sinl\u0259r, Az\u0259rbaycana qar\u015f\u0131 yeni t\u0259l\u0259l\u0259r, m\u0259krli planlar qurmas\u0131nlar.<\/p>\n<p>T\u0259\u0259ss\u00fcf ki, dinc duracaqlar\u0131na z\u0259rr\u0259c\u0259 \u0259minlik yoxdur. H\u0259r nec\u0259 olmasa, \u0130r\u0259vanda oyuncaq qurumun b\u0259zi \u201ct\u0259sisatlar\u0131\u201dn\u0259n qalmas\u0131 narahatl\u0131\u011fa \u0259sas verir. Nala-m\u0131xa vurma\u011f\u0131 sev\u0259n Nikol Pa\u015finyan bir yandan \u201cQaraba\u011f h\u0259r\u0259kat\u0131 davam etm\u0259m\u0259lidir\u201d deyir, o biri yandan is\u0259 Erm\u0259nistanda separatizminin \u201cqal\u0131qlar\u0131n\u0131\u201d neytralla\u015fd\u0131rma\u011fa, bu separatizmin \u201cn\u0259f\u0259s ald\u0131\u011f\u0131\u201d Minsk Qrupunu de-yure l\u0259\u011fv etm\u0259y\u0259, konstitusiyadan \u00f6lk\u0259miz\u0259 qar\u015f\u0131 \u0259razi iddias\u0131 il\u0259 ba\u011fl\u0131 istinad\u0131 \u00e7\u0131xarma\u011fa t\u0259l\u0259smir.<\/p>\n<p><strong>Q\u0131sas\u0131, yen\u0259 ikili oyun oynay\u0131r.<\/strong>\u00a0Paralel sur\u0259td\u0259 Pa\u015finyan Erm\u0259nistan\u0131n bir \u201c\u0259lind\u0259n\u201d Q\u0259rbin, dig\u0259rind\u0259n d\u0259 Rusiyan\u0131n turtmas\u0131na \u00e7al\u0131\u015f\u0131r. Radikal m\u00fcxalif\u0259t is\u0259 \u00fcmidini h\u0259mi\u015f\u0259ki kimi Rusiyaya ba\u011flay\u0131b&#8230;<\/p>\n<p><em><strong>Ancaq \u0259b\u0259s c\u0259hdl\u0259rdir. Bunu az-maz m\u0259ntiqini itirm\u0259mi\u015f erm\u0259ni ekspertl\u0259r d\u0259 etiraf edir. Onlardan biri d\u0259 Aleksandr \u0130sg\u0259nd\u0259ryand\u0131r.<\/strong><\/em><\/p>\n<p><img loading=\"lazy\" src=\"https:\/\/cdn.musavat.com\/news\/images\/Ayten\/ALEKS.jpeg\" alt=\"ALEKS.jpeg (89 KB)\" width=\"450\" height=\"300\" \/><\/p>\n<p>\u201cRusiya bura geri qay\u0131dacaq\u201d n\u0259 dem\u0259kdir? Qaraba\u011f yenid\u0259n z\u0259bt edil\u0259c\u0259k v\u0259 ora erm\u0259nil\u0259r k\u00f6\u00e7\u00fcr\u00fcl\u0259c\u0259k v\u0259 respublika (ke\u00e7mi\u015f separat\u00e7\u0131 qurum \u2013 red.) b\u0259rpa olunacaq? Bunu t\u0259s\u0259vv\u00fcr etm\u0259k m\u00fcmk\u00fcns\u00fczd\u00fcr. \u00dcst\u0259lik, Az\u0259rbaycan art\u0131q Rusiyan\u0131n t\u0259hl\u00fck\u0259sizlik formalar\u0131na ehtiyac duymur v\u0259 silah\u0131 ba\u015fqa yerl\u0259rd\u0259n al\u0131r\u201d.<\/p>\n<p><strong>Musavat.com<\/strong>-un m\u0259lumat\u0131na g\u00f6r\u0259, bunu A.\u0130sg\u0259nd\u0259ryan yerli mediaya m\u00fcsahib\u0259sind\u0259 deyib.<\/p>\n<p>\u201c\u00dcmumiyy\u0259tl\u0259, az\u0259rbaycanl\u0131lar\u0131n arzulad\u0131\u011f\u0131, y\u0259ni Qaraba\u011f\u0131n erm\u0259nil\u0259rd\u0259n t\u0259mizl\u0259m\u0259si art\u0131q h\u0259yata ke\u00e7irilib (erm\u0259ni \u0259hali b\u00fct\u00fcn d\u00fcnyan\u0131n g\u00f6z\u00fc qar\u015f\u0131s\u0131nda \u00f6z xo\u015fu il\u0259 \u00e7\u0131x\u0131b gedib \u2013 red.). Bak\u0131 is\u0259 siyasi t\u0259hl\u00fck\u0259sizlik formalar\u0131n\u0131 ba\u015fqa yerd\u0259 tapa bil\u0259r. Erm\u0259nistan da el\u0259. Biz Da\u011fl\u0131q Qaraba\u011f\u0131 itirmi\u015fik v\u0259 k\u00f6hn\u0259 konfiqurasiyan\u0131n b\u0259rpa olunaca\u011f\u0131n\u0131 t\u0259s\u0259vv\u00fcr etm\u0259k m\u0259nim \u00fc\u00e7\u00fcn \u00e7\u0259tindir\u201d.<\/p>\n<p>Lakin onun s\u00f6zl\u0259rin\u0259 g\u00f6r\u0259, bu, Rusiyan\u0131n regionu tamamil\u0259 t\u0259rk ed\u0259c\u0259yi anlam\u0131na g\u0259lmir. \u201cRusiya n\u0259h\u0259ng d\u00f6vl\u0259tdir, C\u0259nubi Qafqaz\u0131n qon\u015fusudur v\u0259 bel\u0259 d\u0259 qalacaq. Rusiya t\u0259sirini davam etdir\u0259c\u0259k, \u00f6z rolunu oynayacaq. Lakin b\u0259zi amill\u0259r var ki, onlar\u0131n geri qay\u0131tmas\u0131 qeyri-m\u00fcmk\u00fcnd\u00fcr. Prinsipc\u0259 m\u00fcmk\u00fcn deyil. \u00c7\u00fcnki Rusiya regionda art\u0131q t\u0259hl\u00fck\u0259sizliyin \u015f\u0259riksiz inhisar\u00e7\u0131s\u0131 deyil\u201d, &#8211; erm\u0259ni politoloq qeyd edib.<\/p>\n<p><strong>\u0130sg\u0259nd\u0259ryandan daha bir etiraf:<\/strong>\u00a0\u201cBundan \u0259lav\u0259, T\u00fcrkiy\u0259 b\u00f6lg\u0259mizin oyun\u00e7usu olaraq buradad\u0131r. Ona g\u00f6r\u0259 d\u0259 Rusiya qay\u0131danda h\u0259min (k\u00f6hn\u0259 &#8211; red.) m\u0259nz\u0259r\u0259ni t\u0259s\u0259vv\u00fcr etm\u0259k m\u0259nim \u00fc\u00e7\u00fcn \u00e7\u0259tindir. Rusiya regionumuzda rol oynama\u011fa davam ed\u0259c\u0259k. Lakin bu rol ke\u00e7mi\u015fd\u0259ki kimi olmayacaq, f\u0259rqli olacaq\u201d&#8230;<\/p>\n<p>Yerd\u0259 n\u0259 qald\u0131? \u018flb\u0259tt\u0259 ki, qon\u015fu \u00f6lk\u0259nin Az\u0259rbaycan v\u0259 T\u00fcrkiy\u0259 il\u0259 bar\u0131\u015f\u0131\u011fa nail olmas\u0131. Yolu, \u015f\u0259rtl\u0259ri b\u0259lli. \u0130r\u0259van h\u0259m d\u0259 t\u0259l\u0259sm\u0259lidir. N\u0259d\u0259n ki, Bak\u0131 v\u0259 Ankaran\u0131n bar\u0131\u015f\u0131q \u0259li sonsuzad\u0259k havada qalmayacaq. Az\u0259rbaycan v\u0259 T\u00fcrkiy\u0259 Erm\u0259nistanla bar\u0131\u015f\u0131q \u00fc\u00e7\u00fcn \u0259ld\u0259n getmir. \u0130ki qarda\u015f d\u00f6vl\u0259tin t\u0259k h\u0259d\u0259fi C\u0259nubi Qafqazdak\u0131 bu yegan\u0259 fitn\u0259-f\u0259sad v\u0259 \u015f\u0259r yuvas\u0131n\u0131 t\u0259sirsiz hala g\u0259tirm\u0259kdir.\u00a0<strong>H\u0259mi\u015f\u0259lik.<\/strong><\/p>\n","protected":false},"excerpt":{"rendered":"<p>Rusiyada mifik \u201cartsax\u201d\u0131n qondarma n\u00fcmay\u0259nd\u0259liyi varm\u0131\u015f. Amma art\u0131q \u00f6z\u00fcn\u00fc burax\u0131b. \u201cPast\u201d erm\u0259ni n\u0259\u015fri yazmasayd\u0131 b\u0259lk\u0259 d\u0259 he\u00e7 kim bilm\u0259zdi ki, Moskvada n\u00fcmay\u0259nd\u0259lik ad\u0131na bel\u0259 bir \u0259caib \u015fey m\u00f6vcud imi\u015f. \u00c7\u00fcnki Qaraba\u011fda erm\u0259ni separatizminin k\u00f6k\u00fc k\u0259silibs\u0259, Az\u0259rbaycan \u00f6z \u0259razi b\u00fct\u00f6vl\u00fcy\u00fc v\u0259 suverenliyini tam b\u0259rpa edibs\u0259, Bak\u0131da xunta\u00e7\u0131lar\u0131n m\u0259hk\u0259m\u0259si gedirs\u0259, \u00f6z\u00fcn\u00fc aldatma\u011f\u0131n n\u0259 anlam\u0131 var ki? \u018ffsuslar olsun ki, erm\u0259nil\u0259r, x\u00fcsus\u0259n d\u0259 onlar\u0131n qisas\u00e7\u0131-da\u015fnak k\u0259simi h\u0259l\u0259 d\u0259 \u201cg\u00f6yd\u0259n yer\u0259\u201d enib reall\u0131qlar\u0131 q\u0259bul etm\u0259k ist\u0259mir. Bax\u0131rsan ki, h\u0259l\u0259 d\u0259 qon\u015fu \u00f6lk\u0259nin parlamentind\u0259 hans\u0131sa radikal-revan\u015fist deputat \u201cbayraq\u201d adland\u0131rd\u0131\u011f\u0131 \u201carsax\u201d\u0131n \u0259ski par\u00e7as\u0131n\u0131 qaba\u011f\u0131na qoyub \u00f6z\u00fcn\u0259&hellip;<\/p>\n","protected":false},"author":2,"featured_media":796149,"comment_status":"closed","ping_status":"closed","sticky":false,"template":"","format":"standard","meta":{"om_disable_all_campaigns":false,"_monsterinsights_skip_tracking":false,"_monsterinsights_sitenote_active":false,"_monsterinsights_sitenote_note":"","_monsterinsights_sitenote_category":0},"categories":[19],"tags":[],"aioseo_notices":[],"gutentor_comment":0,"rttpg_featured_image_url":{"full":["https:\/\/arantv.az\/wp-content\/uploads\/2025\/03\/51141fe3ef48c698060c4da10492744e.jpg",770,415,false],"landscape":["https:\/\/arantv.az\/wp-content\/uploads\/2025\/03\/51141fe3ef48c698060c4da10492744e.jpg",770,415,false],"portraits":["https:\/\/arantv.az\/wp-content\/uploads\/2025\/03\/51141fe3ef48c698060c4da10492744e.jpg",770,415,false],"thumbnail":["https:\/\/arantv.az\/wp-content\/uploads\/2025\/03\/51141fe3ef48c698060c4da10492744e-500x280.jpg",500,280,true],"medium":["https:\/\/arantv.az\/wp-content\/uploads\/2025\/03\/51141fe3ef48c698060c4da10492744e-660x356.jpg",660,356,true],"large":["https:\/\/arantv.az\/wp-content\/uploads\/2025\/03\/51141fe3ef48c698060c4da10492744e.jpg",640,345,false],"1536x1536":["https:\/\/arantv.az\/wp-content\/uploads\/2025\/03\/51141fe3ef48c698060c4da10492744e.jpg",770,415,false],"2048x2048":["https:\/\/arantv.az\/wp-content\/uploads\/2025\/03\/51141fe3ef48c698060c4da10492744e.jpg",770,415,false],"post-thumbnail":["https:\/\/arantv.az\/wp-content\/uploads\/2025\/03\/51141fe3ef48c698060c4da10492744e-240x172.jpg",240,172,true],"advps-thumb-one":["https:\/\/arantv.az\/wp-content\/uploads\/2025\/03\/51141fe3ef48c698060c4da10492744e.jpg",770,415,false]},"rttpg_author":{"display_name":"V\u00fcsal Rafiqo\u011flu","author_link":"https:\/\/arantv.az\/?author=2"},"rttpg_comment":0,"rttpg_category":"<a href=\"https:\/\/arantv.az\/?cat=19\" rel=\"category\">G\u00fcnd\u0259m<\/a>","rttpg_excerpt":"Rusiyada mifik \u201cartsax\u201d\u0131n qondarma n\u00fcmay\u0259nd\u0259liyi varm\u0131\u015f. Amma art\u0131q \u00f6z\u00fcn\u00fc burax\u0131b. \u201cPast\u201d erm\u0259ni n\u0259\u015fri yazmasayd\u0131 b\u0259lk\u0259 d\u0259 he\u00e7 kim bilm\u0259zdi ki, Moskvada n\u00fcmay\u0259nd\u0259lik ad\u0131na bel\u0259 bir \u0259caib \u015fey m\u00f6vcud imi\u015f. \u00c7\u00fcnki Qaraba\u011fda erm\u0259ni separatizminin k\u00f6k\u00fc k\u0259silibs\u0259, Az\u0259rbaycan \u00f6z \u0259razi b\u00fct\u00f6vl\u00fcy\u00fc v\u0259 suverenliyini tam b\u0259rpa edibs\u0259, Bak\u0131da xunta\u00e7\u0131lar\u0131n m\u0259hk\u0259m\u0259si gedirs\u0259, \u00f6z\u00fcn\u00fc aldatma\u011f\u0131n n\u0259 anlam\u0131 var ki? \u018ffsuslar&hellip;","_links":{"self":[{"href":"https:\/\/arantv.az\/index.php?rest_route=\/wp\/v2\/posts\/796148"}],"collection":[{"href":"https:\/\/arantv.az\/index.php?rest_route=\/wp\/v2\/posts"}],"about":[{"href":"https:\/\/arantv.az\/index.php?rest_route=\/wp\/v2\/types\/post"}],"author":[{"embeddable":true,"href":"https:\/\/arantv.az\/index.php?rest_route=\/wp\/v2\/users\/2"}],"replies":[{"embeddable":true,"href":"https:\/\/arantv.az\/index.php?rest_route=%2Fwp%2Fv2%2Fcomments&post=796148"}],"version-history":[{"count":1,"href":"https:\/\/arantv.az\/index.php?rest_route=\/wp\/v2\/posts\/796148\/revisions"}],"predecessor-version":[{"id":796150,"href":"https:\/\/arantv.az\/index.php?rest_route=\/wp\/v2\/posts\/796148\/revisions\/796150"}],"wp:featuredmedia":[{"embeddable":true,"href":"https:\/\/arantv.az\/index.php?rest_route=\/wp\/v2\/media\/796149"}],"wp:attachment":[{"href":"https:\/\/arantv.az\/index.php?rest_route=%2Fwp%2Fv2%2Fmedia&parent=796148"}],"wp:term":[{"taxonomy":"category","embeddable":true,"href":"https:\/\/arantv.az\/index.php?rest_route=%2Fwp%2Fv2%2Fcategories&post=796148"},{"taxonomy":"post_tag","embeddable":true,"href":"https:\/\/arantv.az\/index.php?rest_route=%2Fwp%2Fv2%2Ftags&post=796148"}],"curies":[{"name":"wp","href":"https:\/\/api.w.org\/{rel}","templated":true}]}}