{"id":796154,"date":"2025-03-29T18:17:07","date_gmt":"2025-03-29T14:17:07","guid":{"rendered":"https:\/\/arantv.az\/?p=796154"},"modified":"2025-03-29T18:17:07","modified_gmt":"2025-03-29T14:17:07","slug":"%c9%99rdogan-ilham-%c9%99liyevi-t%c9%99brik-etdi-3","status":"publish","type":"post","link":"https:\/\/arantv.az\/?p=796154","title":{"rendered":"\u018frdo\u011fan \u0130lham \u018fliyevi T\u018fBR\u0130K ETD\u0130"},"content":{"rendered":"<div class=\"text-content\" data-id=\"\" data-url=\"\">\n<p><strong>T\u00fcrkiy\u0259 Prezidenti R\u0259c\u0259b Tayyib \u018frdo\u011fan az\u0259rbaycanl\u0131 h\u0259mkar\u0131\u00a0\u0130lham \u018fliyev\u0259 t\u0259brik m\u0259ktubu g\u00f6nd\u0259rib.<\/strong><\/p>\n<p><strong>ARANTV.AZ <\/strong>\u00a0x\u0259b\u0259r verir ki, m\u0259ktubda deyilir:<\/p>\n<p>&#8220;H\u00f6rm\u0259tli Prezident, \u018fziz Qarda\u015f\u0131m.<\/p>\n<p>Zati-alinizin Ramazan bayram\u0131n\u0131 s\u0259mimi-q\u0259lbd\u0259n t\u0259brik edir\u0259m.<\/p>\n<p>\u0130slam al\u0259min\u0259 v\u0259 b\u00fct\u00fcn b\u0259\u015f\u0259riyy\u0259t\u0259 s\u00fclh, \u0259min-amanl\u0131q g\u0259tirm\u0259sini arzu etdiyim m\u00fcbar\u0259k bayram\u0131m\u0131z m\u00fcnasib\u0259til\u0259 C\u0259nabi-Haqqdan h\u0259mr\u0259yliyimizi v\u0259 birliyimizi g\u00fccl\u0259ndirm\u0259sini dil\u0259yir\u0259m.<\/p>\n<p>Xalq\u0131m ad\u0131ndan v\u0259 \u00f6z ad\u0131mdan Zati-aliniz\u0259 cansa\u011fl\u0131\u011f\u0131, xo\u015fb\u0259xtlik, dost v\u0259 qarda\u015f Az\u0259rbaycan\u00a0xalq\u0131na is\u0259 xo\u015f g\u00fcnl\u0259r v\u0259 rifah arzulay\u0131ram&#8221;.<\/p>\n<\/div>\n<div><\/div>\n<div><\/div>\n<div class=\"inner-social-box\">\n<div class=\"subs-in-social subs-whatsapp\"><\/div>\n<\/div>\n","protected":false},"excerpt":{"rendered":"<p>T\u00fcrkiy\u0259 Prezidenti R\u0259c\u0259b Tayyib \u018frdo\u011fan az\u0259rbaycanl\u0131 h\u0259mkar\u0131\u00a0\u0130lham \u018fliyev\u0259 t\u0259brik m\u0259ktubu g\u00f6nd\u0259rib. ARANTV.AZ \u00a0x\u0259b\u0259r verir ki, m\u0259ktubda deyilir: &#8220;H\u00f6rm\u0259tli Prezident, \u018fziz Qarda\u015f\u0131m. Zati-alinizin Ramazan bayram\u0131n\u0131 s\u0259mimi-q\u0259lbd\u0259n t\u0259brik edir\u0259m. \u0130slam al\u0259min\u0259 v\u0259 b\u00fct\u00fcn b\u0259\u015f\u0259riyy\u0259t\u0259 s\u00fclh, \u0259min-amanl\u0131q g\u0259tirm\u0259sini arzu etdiyim m\u00fcbar\u0259k bayram\u0131m\u0131z m\u00fcnasib\u0259til\u0259 C\u0259nabi-Haqqdan h\u0259mr\u0259yliyimizi v\u0259 birliyimizi g\u00fccl\u0259ndirm\u0259sini dil\u0259yir\u0259m. Xalq\u0131m ad\u0131ndan v\u0259 \u00f6z ad\u0131mdan Zati-aliniz\u0259 cansa\u011fl\u0131\u011f\u0131, xo\u015fb\u0259xtlik, dost v\u0259 qarda\u015f Az\u0259rbaycan\u00a0xalq\u0131na is\u0259 xo\u015f g\u00fcnl\u0259r v\u0259 rifah arzulay\u0131ram&#8221;.<\/p>\n","protected":false},"author":2,"featured_media":796155,"comment_status":"closed","ping_status":"closed","sticky":false,"template":"","format":"standard","meta":{"om_disable_all_campaigns":false,"_monsterinsights_skip_tracking":false,"_monsterinsights_sitenote_active":false,"_monsterinsights_sitenote_note":"","_monsterinsights_sitenote_category":0},"categories":[4],"tags":[],"aioseo_notices":[],"gutentor_comment":0,"rttpg_featured_image_url":{"full":["https:\/\/arantv.az\/wp-content\/uploads\/2025\/03\/55f907b7d6cfe31ca6b9e840a0e905ac.jpg",850,500,false],"landscape":["https:\/\/arantv.az\/wp-content\/uploads\/2025\/03\/55f907b7d6cfe31ca6b9e840a0e905ac.jpg",850,500,false],"portraits":["https:\/\/arantv.az\/wp-content\/uploads\/2025\/03\/55f907b7d6cfe31ca6b9e840a0e905ac.jpg",850,500,false],"thumbnail":["https:\/\/arantv.az\/wp-content\/uploads\/2025\/03\/55f907b7d6cfe31ca6b9e840a0e905ac-500x280.jpg",500,280,true],"medium":["https:\/\/arantv.az\/wp-content\/uploads\/2025\/03\/55f907b7d6cfe31ca6b9e840a0e905ac-621x365.jpg",621,365,true],"large":["https:\/\/arantv.az\/wp-content\/uploads\/2025\/03\/55f907b7d6cfe31ca6b9e840a0e905ac-840x494.jpg",640,376,true],"1536x1536":["https:\/\/arantv.az\/wp-content\/uploads\/2025\/03\/55f907b7d6cfe31ca6b9e840a0e905ac.jpg",850,500,false],"2048x2048":["https:\/\/arantv.az\/wp-content\/uploads\/2025\/03\/55f907b7d6cfe31ca6b9e840a0e905ac.jpg",850,500,false],"post-thumbnail":["https:\/\/arantv.az\/wp-content\/uploads\/2025\/03\/55f907b7d6cfe31ca6b9e840a0e905ac-240x172.jpg",240,172,true],"advps-thumb-one":["https:\/\/arantv.az\/wp-content\/uploads\/2025\/03\/55f907b7d6cfe31ca6b9e840a0e905ac.jpg",850,500,false]},"rttpg_author":{"display_name":"V\u00fcsal Rafiqo\u011flu","author_link":"https:\/\/arantv.az\/?author=2"},"rttpg_comment":0,"rttpg_category":"<a href=\"https:\/\/arantv.az\/?cat=4\" rel=\"category\">Siyas\u0259t<\/a>","rttpg_excerpt":"T\u00fcrkiy\u0259 Prezidenti R\u0259c\u0259b Tayyib \u018frdo\u011fan az\u0259rbaycanl\u0131 h\u0259mkar\u0131\u00a0\u0130lham \u018fliyev\u0259 t\u0259brik m\u0259ktubu g\u00f6nd\u0259rib. ARANTV.AZ \u00a0x\u0259b\u0259r verir ki, m\u0259ktubda deyilir: &#8220;H\u00f6rm\u0259tli Prezident, \u018fziz Qarda\u015f\u0131m. Zati-alinizin Ramazan bayram\u0131n\u0131 s\u0259mimi-q\u0259lbd\u0259n t\u0259brik edir\u0259m. \u0130slam al\u0259min\u0259 v\u0259 b\u00fct\u00fcn b\u0259\u015f\u0259riyy\u0259t\u0259 s\u00fclh, \u0259min-amanl\u0131q g\u0259tirm\u0259sini arzu etdiyim m\u00fcbar\u0259k bayram\u0131m\u0131z m\u00fcnasib\u0259til\u0259 C\u0259nabi-Haqqdan h\u0259mr\u0259yliyimizi v\u0259 birliyimizi g\u00fccl\u0259ndirm\u0259sini dil\u0259yir\u0259m. Xalq\u0131m ad\u0131ndan v\u0259 \u00f6z ad\u0131mdan Zati-aliniz\u0259 cansa\u011fl\u0131\u011f\u0131, xo\u015fb\u0259xtlik, dost&hellip;","_links":{"self":[{"href":"https:\/\/arantv.az\/index.php?rest_route=\/wp\/v2\/posts\/796154"}],"collection":[{"href":"https:\/\/arantv.az\/index.php?rest_route=\/wp\/v2\/posts"}],"about":[{"href":"https:\/\/arantv.az\/index.php?rest_route=\/wp\/v2\/types\/post"}],"author":[{"embeddable":true,"href":"https:\/\/arantv.az\/index.php?rest_route=\/wp\/v2\/users\/2"}],"replies":[{"embeddable":true,"href":"https:\/\/arantv.az\/index.php?rest_route=%2Fwp%2Fv2%2Fcomments&post=796154"}],"version-history":[{"count":1,"href":"https:\/\/arantv.az\/index.php?rest_route=\/wp\/v2\/posts\/796154\/revisions"}],"predecessor-version":[{"id":796156,"href":"https:\/\/arantv.az\/index.php?rest_route=\/wp\/v2\/posts\/796154\/revisions\/796156"}],"wp:featuredmedia":[{"embeddable":true,"href":"https:\/\/arantv.az\/index.php?rest_route=\/wp\/v2\/media\/796155"}],"wp:attachment":[{"href":"https:\/\/arantv.az\/index.php?rest_route=%2Fwp%2Fv2%2Fmedia&parent=796154"}],"wp:term":[{"taxonomy":"category","embeddable":true,"href":"https:\/\/arantv.az\/index.php?rest_route=%2Fwp%2Fv2%2Fcategories&post=796154"},{"taxonomy":"post_tag","embeddable":true,"href":"https:\/\/arantv.az\/index.php?rest_route=%2Fwp%2Fv2%2Ftags&post=796154"}],"curies":[{"name":"wp","href":"https:\/\/api.w.org\/{rel}","templated":true}]}}