{"id":796161,"date":"2025-03-29T18:19:38","date_gmt":"2025-03-29T14:19:38","guid":{"rendered":"https:\/\/arantv.az\/?p=796161"},"modified":"2025-03-29T18:19:38","modified_gmt":"2025-03-29T14:19:38","slug":"qana-b%c9%99l%c9%99nmis-yaddas-bakida-erm%c9%99ni-dovl%c9%99ti","status":"publish","type":"post","link":"https:\/\/arantv.az\/?p=796161","title":{"rendered":"Qana b\u0259l\u0259nmi\u015f yadda\u015f &#8211; Bak\u0131da erm\u0259ni d\u00f6vl\u0259ti?!"},"content":{"rendered":"<p><strong>Siyasi tarixin d\u0259rinlikl\u0259rin\u0259 en\u0259nd\u0259 n\u0259 g\u00f6r\u00fcr\u00fck? &#8211; B\u0259\u015f\u0259riyy\u0259tin xronikas\u0131 sad\u0259c\u0259 sava\u015flar v\u0259 anla\u015fmalardan ibar\u0259t olmay\u0131b, h\u0259m d\u0259, uzun ill\u0259r unudulma\u011fa m\u0259hkum edil\u0259n insan faci\u0259l\u0259rinin s\u0259ssiz \u00e7\u0131\u011f\u0131rt\u0131lar\u0131 il\u0259 doludur. Az\u0259rbaycanl\u0131lar\u0131n 31 Mart 1918-ci ild\u0259 ba\u015f ver\u0259n soyq\u0131r\u0131m\u0131, t\u0259kc\u0259 bir xalq\u0131n tarixi faci\u0259si deyil, h\u0259m d\u0259 imperialist oyunlar\u0131n qurban\u0131 olan bir mill\u0259tin yadda\u015f\u0131nda silinm\u0259z iz buraxan hadis\u0259dir. Bu, yaln\u0131z ke\u00e7mi\u015fin yox, el\u0259c\u0259 d\u0259 bu g\u00fcn\u00fcn v\u0259 g\u0259l\u0259c\u0259yin geosiyasi kodlar\u0131n\u0131 a\u00e7lqlay\u0131r.<\/strong><\/p>\n<p><strong><em>Soyq\u0131r\u0131m\u0131n\u0131n arxas\u0131nda n\u0259 dayan\u0131rd\u0131?<\/em><\/strong><\/p>\n<p>I D\u00fcnya m\u00fcharib\u0259si &#8211; \u00e7\u00f6km\u0259kd\u0259 olan imperiyalar\u0131n qanl\u0131 izl\u0259r buraxd\u0131\u011f\u0131 bir geosiyasi teatr idi. Osmanl\u0131 \u0130mperiyas\u0131n\u0131n z\u0259ifl\u0259m\u0259si, \u00c7ar Rusiyas\u0131n\u0131n \u00e7\u00f6k\u00fc\u015f\u00fc v\u0259 bol\u015fevik inqilab\u0131n\u0131n yaratd\u0131\u011f\u0131 xaos Qafqazlar\u0131 bir bo\u015flu\u011fa s\u00fcr\u00fckl\u0259mi\u015fdi. Bu bo\u015fluqdan yararlanan erm\u0259ni mill\u0259t\u00e7i dair\u0259l\u0259ri v\u0259 Bak\u0131 Sovetinin bol\u015fevik-da\u015fnak ittifaq\u0131 Az\u0259rbaycan \u0259halisin\u0259 qar\u015f\u0131 amans\u0131z soyq\u0131r\u0131m\u0131 siyas\u0259tin\u0259 ba\u015flad\u0131.<\/p>\n<p><img loading=\"lazy\" src=\"https:\/\/cdn.musavat.com\/news\/images\/Ayten\/SOYQ%C4%B0R.jpg\" alt=\"SOYQ\u0130R.jpg (33 KB)\" width=\"512\" height=\"322\" \/><\/p>\n<p>1918-ci ilin mart-aprel aylar\u0131nda da\u015fnak-bol\u015fevik q\u00fcvv\u0259l\u0259ri Bak\u0131da v\u0259 dig\u0259r b\u00f6lg\u0259l\u0259rd\u0259 30 mind\u0259n \u00e7ox az\u0259rbaycanl\u0131n\u0131 q\u0259tl\u0259 yetirdi. Bu, sad\u0259c\u0259 etnik q\u0131r\u011f\u0131n olmay\u0131b, strateji v\u0259 ideoloji m\u0259qs\u0259dl\u0259r da\u015f\u0131yan planl\u0131 bir etnik t\u0259mizl\u0259m\u0259 idi. \u015eamax\u0131, Quba, Qaraba\u011f v\u0259 Z\u0259ng\u0259zurda h\u0259yata ke\u00e7iril\u0259n k\u00fctl\u0259vi q\u0131r\u011f\u0131nlar t\u0259kc\u0259 insanlar\u0131 fiziki m\u0259hv etm\u0259di, h\u0259m d\u0259 Az\u0259rbaycan xalq\u0131n\u0131n m\u0259d\u0259ni-m\u0259n\u0259vi yadda\u015f\u0131na h\u00fccum kimi ba\u015f verdi. B\u00fct\u00fcn \u0259m\u0259li \u00e7al\u0131\u015fma sah\u0259l\u0259ri il\u0259 yana\u015f\u0131, m\u0259scidl\u0259r, m\u0259dr\u0259s\u0259l\u0259r, q\u0259bristanl\u0131qlar, tarixi abid\u0259l\u0259r, m\u0259d\u0259ni miras, milli yadda\u015f h\u0259d\u0259f\u0259 al\u0131nd\u0131. Xalq, \u00f6lk\u0259 b\u00f6y\u00fck bir barbarl\u0131qla, vandall\u0131qla \u00fcz-\u00fcz\u0259 qalm\u0131\u015fd\u0131\u2026<\/p>\n<p><strong><em>Mifik \u201cB\u00f6y\u00fck Erm\u0259nistan\u201d v\u0259 ger\u00e7\u0259kliyin \u0259ks-s\u0259das\u0131<\/em><\/strong><\/p>\n<p>Soyq\u0131r\u0131m\u0131 t\u00f6r\u0259d\u0259nl\u0259rin \u00f6z \u0259m\u0259ll\u0259rini tarixd\u0259 (avand olmasa) \u201chaqq davas\u0131\u201d kimi g\u00f6st\u0259rm\u0259y\u0259 \u00e7al\u0131\u015fmas\u0131 da t\u0259\u0259cc\u00fcbl\u00fc deyil. &#8211; XIX y\u00fczild\u0259n etibar\u0259n erm\u0259ni ideoloqlar\u0131 t\u0259r\u0259find\u0259n ir\u0259li s\u00fcr\u00fcl\u0259n \u0259sass\u0131z \u201cB\u00f6y\u00fck Erm\u0259nistan\u201d x\u00fclyas\u0131, tarixi saxtala\u015fd\u0131rma siyas\u0259tinin bir b\u00f6l\u00fcm\u00fcn\u0259 \u00e7evrilib. Halbuki, tarix ger\u00e7\u0259k faktlarla yaz\u0131l\u0131r v\u0259 bu ger\u00e7\u0259klik onu g\u00f6st\u0259rir ki, 1918-ci ilin hadis\u0259l\u0259ri yaln\u0131z Az\u0259rbaycan\u0131n deyil, b\u00fct\u00fcn b\u00f6lg\u0259nin etnik-siyasi m\u0259nz\u0259r\u0259sini d\u0259yi\u015fdirm\u0259k m\u0259qs\u0259dil\u0259 t\u00f6r\u0259dil\u0259n geni\u015fmiqyasl\u0131 bir soyq\u0131r\u0131m\u0131 akt\u0131 idi. Erm\u0259nil\u0259r \u00fc\u00e7\u00fcn bir d\u00f6vl\u0259t qondarmaq laz\u0131m idi &#8211; a\u011falar\u0131 bel\u0259 d\u00fc\u015f\u00fcn\u00fcrd\u00fc &#8211; \u0259slind\u0259, bu, bir layih\u0259 idi.<\/p>\n<p>Dem\u0259li, erm\u0259nil\u0259rin tarixd\u0259ki ilk d\u00f6vl\u0259tini Tiflisi m\u0259rk\u0259z alaraq qurmaq (b\u0259lk\u0259 Stalin v\u0259 dig\u0259r g\u00fcrc\u00fc bol\u015fevikl\u0259r \u00fcz\u00fcnd\u0259n, ba\u015fqa bir \u00e7ox s\u0259b\u0259bd\u0259n) al\u0131nmay\u0131nca, Bak\u0131 m\u0259rk\u0259zli erm\u0259ni d\u00f6vl\u0259ti qurma\u011fa giri\u015fdil\u0259r. &#8211; B\u0259li, q\u0131r\u011f\u0131nlar, Bak\u0131da erm\u0259ni d\u00f6vl\u0259ti qurmaq kimi \u00e7ox \u00e7irkin bir m\u0259qs\u0259dl\u0259 t\u00f6r\u0259dilmi\u015fdi v\u0259 erm\u0259nil\u0259r\u00e7\u00fcn strateji anlam da\u015f\u0131y\u0131rd\u0131.<\/p>\n<p>O ad\u0131yaman layih\u0259 d\u0259 al\u0131nmad\u0131\u011f\u0131 \u00fc\u00e7\u00fcn \u00fc\u00e7\u00fcnc\u00fc variant i\u015fl\u0259m\u0259 al\u0131nd\u0131: ilk erm\u0259ni d\u00f6vl\u0259ti \u0130r\u0259van m\u0259rk\u0259zli qurulas\u0131 oldu. Tanr\u0131 qoymasa, A, B variantlar\u0131 ba\u015f tutmay\u0131nca, erm\u0259nil\u0259r C variant\u0131na raz\u0131 oldu\u2026<\/p>\n<p>Yeri g\u0259lmi\u015fk\u0259n, icras\u0131n\u0131n 100-c\u00fc ild\u00f6n\u00fcm\u00fcnd\u0259n ba\u015flayaraq, C variant\u0131 \u00fczr\u0259 ger\u00e7\u0259kl\u0259\u015fmi\u015f h\u0259min o ad\u0131yaman layih\u0259nin \u201cverimliliy\u201dinin ba\u015fa \u00e7atd\u0131\u011f\u0131 bar\u0259d\u0259 tutarl\u0131 iddialar vard\u0131r; sabah-birisig\u00fcn, \u201clayih\u0259 tamam\u0259n f\u0259s edilmi\u015fdir\u201d des\u0259l\u0259r, \u015fa\u015f\u0131rmayal\u0131m\u2026<\/p>\n<p><img loading=\"lazy\" src=\"https:\/\/cdn.musavat.com\/news\/images\/Ayten\/SOYQ%C4%B0%20SON.jpg\" alt=\"SOYQ\u0130 SON.jpg (103 KB)\" width=\"548\" height=\"411\" \/><\/p>\n<p><strong><em>1918-d\u0259n g\u00fcn\u00fcm\u00fcz\u0259: geosiyasi kontekstd\u0259 soyq\u0131r\u0131m\u0131n t\u0259siri<\/em><\/strong><\/p>\n<p>Az\u0259rbaycan xalq\u0131 bu qanl\u0131 faci\u0259ni t\u0259kc\u0259 bir tarix s\u0259hif\u0259si kimi g\u00f6rm\u00fcr, bu, milli kimliyimizin v\u0259 geosiyasi ger\u00e7\u0259kliyimizin \u00f6n\u0259mli bir par\u00e7as\u0131d\u0131r.\u00a0<strong>1998-ci ild\u0259 \u00dcmummilli Lider Heyd\u0259r \u018fliyevin imzalad\u0131\u011f\u0131 \u201cAz\u0259rbaycanl\u0131lar\u0131n Soyq\u0131r\u0131m\u0131 haqq\u0131nda\u201d F\u0259rman m\u0259s\u0259l\u0259y\u0259 d\u00f6vl\u0259t s\u0259viyy\u0259sind\u0259 tarixi-h\u00fcquqi qiym\u0259t verm\u0259k \u00fc\u00e7\u00fcn at\u0131lan \u00e7ox vacib add\u0131m oldu.<\/strong><\/p>\n<p><img loading=\"lazy\" src=\"https:\/\/cdn.musavat.com\/news\/images\/Ayten\/HEYDER%20YEN%C4%B0.jpg\" alt=\"HEYDER YEN\u0130.jpg (297 KB)\" width=\"700\" height=\"478\" \/><\/p>\n<p>2007-ci ild\u0259 Qubada k\u00fctl\u0259vi m\u0259zarl\u0131\u011f\u0131n a\u015fkarlanmas\u0131, beyn\u0259lxalq ekspertizalar\u0131n orada \u00fcz\u0259 \u00e7\u0131xard\u0131\u011f\u0131 h\u0259qiq\u0259tl\u0259r 1918-ci ilin mart q\u0131r\u011f\u0131nlar\u0131n\u0131n miqyas\u0131n\u0131 yenid\u0259n d\u00fcnya ictimaiyy\u0259tinin diqq\u0259tin\u0259 \u00e7atd\u0131rd\u0131.<\/p>\n<p>Az\u0259rbaycan diplomatiyas\u0131, bu g\u00fcn xarici siyas\u0259t strategiyas\u0131 \u00e7\u0259r\u00e7iv\u0259sind\u0259 31 Mart Soyq\u0131r\u0131m\u0131n\u0131 t\u0259kc\u0259 h\u00fcquqi aspektd\u0259 deyil, h\u0259m d\u0259 geosiyasi kontekstd\u0259 beyn\u0259lxalq m\u00fczakir\u0259l\u0259r\u0259 \u00e7\u0131xarmaqdad\u0131r. \u00c7\u00fcnki soyq\u0131r\u0131m\u0131, yaln\u0131z Az\u0259rbaycan tarixinin bir b\u00f6l\u00fcm\u00fc olmaqda qalmay\u0131b, h\u0259m d\u0259 Qafqazda etnik t\u0259mizl\u0259m\u0259 v\u0259 geosiyasi manipulyasiyalar\u0131n canl\u0131 s\u00fcbutudur.<\/p>\n<p><strong><em>Tarixin d\u0259rsl\u0259ri v\u0259 g\u0259l\u0259c\u0259yin \u00e7a\u011f\u0131r\u0131\u015f\u0131<\/em><\/strong><\/p>\n<p>1918-ci ilin mart-aprel faci\u0259si, yaln\u0131z bir xalq\u0131n yox, b\u00fct\u00f6v bir b\u00f6lg\u0259nin tarixi travmas\u0131d\u0131r. Unudulan tarix, t\u0259krarlanma\u011fa m\u0259hkumdur \u2013 bu ger\u00e7\u0259klikd\u0259n \u00e7\u0131x\u0131\u015f ed\u0259r\u0259k, Az\u0259rbaycan d\u00f6vl\u0259ti v\u0259 xalq\u0131, tarixinin bu qaranl\u0131q s\u0259hif\u0259sini d\u00fcnya ictimaiyy\u0259tin\u0259 \u00e7atd\u0131rmaq \u00fc\u00e7\u00fcn \u00e7al\u0131\u015fmaqda haql\u0131d\u0131r.<\/p>\n<p>Tarix sad\u0259c\u0259 ke\u00e7mi\u015fin toplusu deyil, o, g\u0259l\u0259c\u0259k \u00fc\u00e7\u00fcn d\u0259 bir yol x\u0259rit\u0259sidir.<\/p>\n<p>5 il \u00f6nc\u0259 tarixi Z\u0259f\u0259r\u0259 imza atan qalib Az\u0259rbaycan\u0131n g\u00fccl\u0259n\u0259n m\u00f6vqeyi, beyn\u0259lxalq s\u0259viyy\u0259d\u0259 artan n\u00fcfuzu 31 Mart Soyq\u0131r\u0131m\u0131n\u0131n ger\u00e7\u0259k mahiyy\u0259tinin d\u00fcnya s\u0259hn\u0259sind\u0259 tan\u0131d\u0131lmas\u0131 \u00fc\u00e7\u00fcn yeni imkanlar a\u00e7\u0131r.<\/p>\n<p>31 Mart Soy\u0131r\u0131m\u0131 qurbanlar\u0131n\u0131n qan\u0131 yerd\u0259, ruhu narahat\u00e7\u0131l\u0131qlar i\u00e7ind\u0259 qalmay\u0131b &#8211; \u00f6z \u0259razi b\u00fct\u00f6vl\u00fcy\u00fcn\u00fc, d\u00f6vl\u0259t suverenliyini b\u0259rpa etmi\u015f, g\u00fccl\u00fc, m\u00fcst\u0259qil Az\u0259rbaycan b\u00fct\u00fcn d\u00f6n\u0259ml\u0259rd\u0259ki \u015f\u0259hidl\u0259rimizin ruhunu \u015fad edib!<\/p>\n<p>Bu il Ramazan Novruzun &#8211; Yenig\u00fcn\u00fcn h\u0259m\u0259n ard\u0131nca bayram edilir v\u0259 h\u0259m d\u0259, bayram\u0131n ikinci g\u00fcn\u00fc 31 Marta d\u00fc\u015f\u00fcr\u2026 Bu, sanki \u00f6lk\u0259mizin, xalq\u0131m\u0131z\u0131n yeni f\u0259slini, a\u011f\u0131rl\u0131\u011f\u0131n\u0131n-u\u011furlu\u011funun ke\u00e7mi\u015fd\u0259 qald\u0131\u011f\u0131n\u0131, biz\u0259 mat\u0259m ya\u015fadanlar\u0131n d\u0259rsinin verildiyini, ke\u00e7mi\u015fin qaramat\u0131ndan silkinib \u00e7\u0131xma\u011f\u0131m\u0131z\u0131 v\u0259 Z\u0259f\u0259rimizi simvoliz\u0259 edir. Be\u015f il \u00f6nc\u0259y\u0259d\u0259k ovqat\u0131m\u0131z, ictimai-siyasi, m\u0259d\u0259ni-m\u0259n\u0259vi iqlimimiz bel\u0259 deyildi, bel\u0259 yara\u015fd\u0131rmalar\u0131m\u0131z yox idi\u2026<\/p>\n<p><em><strong>B\u0259li, bu tarix an\u0131m g\u00fcn\u00fc olmaqla birg\u0259, h\u0259m d\u0259 \u0259dal\u0259t u\u011frunda m\u00fcbariz\u0259nin bir simvoludur.<\/strong><\/em><\/p>\n<p><img loading=\"lazy\" src=\"https:\/\/cdn.musavat.com\/news\/images\/Ayten\/%C4%B0LHAM%20ESGER.jpg\" alt=\"\u0130LHAM ESGER.jpg (246 KB)\" width=\"700\" height=\"402\" \/><\/p>\n<p>Soyq\u0131r\u0131m\u0131 qurbanlar\u0131n\u0131n xatir\u0259si qar\u015f\u0131s\u0131nda borcumuz is\u0259 h\u0259qiq\u0259ti ya\u015fatmaq v\u0259 g\u0259l\u0259c\u0259k n\u0259sill\u0259r\u0259 l\u0259yaq\u0259tl\u0259 \u00f6t\u00fcrm\u0259kdir.<\/p>\n<p>Tarixd\u0259n \u00e7\u0131xar\u0131lan d\u0259rsl\u0259r biz\u0259 g\u00f6st\u0259rir ki, bel\u0259 faci\u0259l\u0259rin t\u0259krarlanmas\u0131n\u0131n qar\u015f\u0131s\u0131n\u0131 g\u00fccl\u00fc d\u00f6vl\u0259t v\u0259 milli birlik say\u0259sind\u0259 almaq m\u00fcmk\u00fcnd\u00fcr.<\/p>\n<p><strong><em>D\u00d6VL\u018fT\u0130M\u0130Z ZAVAL G\u00d6RM\u018fS\u0130N!<\/em><\/strong><\/p>\n<div class=\"news-author text-left\"><a href=\"https:\/\/musavat.com\/author\/ekber-qosali_162\"><img class=\"img-responsive img-author\" src=\"https:\/\/cdn.musavat.com\/authors\/thumbnails\/21ee5cb180be420cce517c09206dce5f.jpg\" \/>\u018fkb\u0259r Qo\u015fal\u0131<\/a><\/div>\n","protected":false},"excerpt":{"rendered":"<p>Siyasi tarixin d\u0259rinlikl\u0259rin\u0259 en\u0259nd\u0259 n\u0259 g\u00f6r\u00fcr\u00fck? &#8211; B\u0259\u015f\u0259riyy\u0259tin xronikas\u0131 sad\u0259c\u0259 sava\u015flar v\u0259 anla\u015fmalardan ibar\u0259t olmay\u0131b, h\u0259m d\u0259, uzun ill\u0259r unudulma\u011fa m\u0259hkum edil\u0259n insan faci\u0259l\u0259rinin s\u0259ssiz \u00e7\u0131\u011f\u0131rt\u0131lar\u0131 il\u0259 doludur. Az\u0259rbaycanl\u0131lar\u0131n 31 Mart 1918-ci ild\u0259 ba\u015f ver\u0259n soyq\u0131r\u0131m\u0131, t\u0259kc\u0259 bir xalq\u0131n tarixi faci\u0259si deyil, h\u0259m d\u0259 imperialist oyunlar\u0131n qurban\u0131 olan bir mill\u0259tin yadda\u015f\u0131nda silinm\u0259z iz buraxan hadis\u0259dir. Bu, yaln\u0131z ke\u00e7mi\u015fin yox, el\u0259c\u0259 d\u0259 bu g\u00fcn\u00fcn v\u0259 g\u0259l\u0259c\u0259yin geosiyasi kodlar\u0131n\u0131 a\u00e7lqlay\u0131r. Soyq\u0131r\u0131m\u0131n\u0131n arxas\u0131nda n\u0259 dayan\u0131rd\u0131? I D\u00fcnya m\u00fcharib\u0259si &#8211; \u00e7\u00f6km\u0259kd\u0259 olan imperiyalar\u0131n qanl\u0131 izl\u0259r buraxd\u0131\u011f\u0131 bir geosiyasi teatr idi. Osmanl\u0131 \u0130mperiyas\u0131n\u0131n z\u0259ifl\u0259m\u0259si, \u00c7ar&hellip;<\/p>\n","protected":false},"author":2,"featured_media":796162,"comment_status":"closed","ping_status":"closed","sticky":false,"template":"","format":"standard","meta":{"om_disable_all_campaigns":false,"_monsterinsights_skip_tracking":false,"_monsterinsights_sitenote_active":false,"_monsterinsights_sitenote_note":"","_monsterinsights_sitenote_category":0},"categories":[19],"tags":[],"aioseo_notices":[],"gutentor_comment":0,"rttpg_featured_image_url":{"full":["https:\/\/arantv.az\/wp-content\/uploads\/2025\/03\/90d4199a0d588eca8a09c0780e3d5649.jpg",870,500,false],"landscape":["https:\/\/arantv.az\/wp-content\/uploads\/2025\/03\/90d4199a0d588eca8a09c0780e3d5649.jpg",870,500,false],"portraits":["https:\/\/arantv.az\/wp-content\/uploads\/2025\/03\/90d4199a0d588eca8a09c0780e3d5649.jpg",870,500,false],"thumbnail":["https:\/\/arantv.az\/wp-content\/uploads\/2025\/03\/90d4199a0d588eca8a09c0780e3d5649-500x280.jpg",500,280,true],"medium":["https:\/\/arantv.az\/wp-content\/uploads\/2025\/03\/90d4199a0d588eca8a09c0780e3d5649-635x365.jpg",635,365,true],"large":["https:\/\/arantv.az\/wp-content\/uploads\/2025\/03\/90d4199a0d588eca8a09c0780e3d5649-840x483.jpg",640,368,true],"1536x1536":["https:\/\/arantv.az\/wp-content\/uploads\/2025\/03\/90d4199a0d588eca8a09c0780e3d5649.jpg",870,500,false],"2048x2048":["https:\/\/arantv.az\/wp-content\/uploads\/2025\/03\/90d4199a0d588eca8a09c0780e3d5649.jpg",870,500,false],"post-thumbnail":["https:\/\/arantv.az\/wp-content\/uploads\/2025\/03\/90d4199a0d588eca8a09c0780e3d5649-240x172.jpg",240,172,true],"advps-thumb-one":["https:\/\/arantv.az\/wp-content\/uploads\/2025\/03\/90d4199a0d588eca8a09c0780e3d5649.jpg",870,500,false]},"rttpg_author":{"display_name":"V\u00fcsal Rafiqo\u011flu","author_link":"https:\/\/arantv.az\/?author=2"},"rttpg_comment":0,"rttpg_category":"<a href=\"https:\/\/arantv.az\/?cat=19\" rel=\"category\">G\u00fcnd\u0259m<\/a>","rttpg_excerpt":"Siyasi tarixin d\u0259rinlikl\u0259rin\u0259 en\u0259nd\u0259 n\u0259 g\u00f6r\u00fcr\u00fck? &#8211; B\u0259\u015f\u0259riyy\u0259tin xronikas\u0131 sad\u0259c\u0259 sava\u015flar v\u0259 anla\u015fmalardan ibar\u0259t olmay\u0131b, h\u0259m d\u0259, uzun ill\u0259r unudulma\u011fa m\u0259hkum edil\u0259n insan faci\u0259l\u0259rinin s\u0259ssiz \u00e7\u0131\u011f\u0131rt\u0131lar\u0131 il\u0259 doludur. Az\u0259rbaycanl\u0131lar\u0131n 31 Mart 1918-ci ild\u0259 ba\u015f ver\u0259n soyq\u0131r\u0131m\u0131, t\u0259kc\u0259 bir xalq\u0131n tarixi faci\u0259si deyil, h\u0259m d\u0259 imperialist oyunlar\u0131n qurban\u0131 olan bir mill\u0259tin yadda\u015f\u0131nda silinm\u0259z iz buraxan hadis\u0259dir.&hellip;","_links":{"self":[{"href":"https:\/\/arantv.az\/index.php?rest_route=\/wp\/v2\/posts\/796161"}],"collection":[{"href":"https:\/\/arantv.az\/index.php?rest_route=\/wp\/v2\/posts"}],"about":[{"href":"https:\/\/arantv.az\/index.php?rest_route=\/wp\/v2\/types\/post"}],"author":[{"embeddable":true,"href":"https:\/\/arantv.az\/index.php?rest_route=\/wp\/v2\/users\/2"}],"replies":[{"embeddable":true,"href":"https:\/\/arantv.az\/index.php?rest_route=%2Fwp%2Fv2%2Fcomments&post=796161"}],"version-history":[{"count":1,"href":"https:\/\/arantv.az\/index.php?rest_route=\/wp\/v2\/posts\/796161\/revisions"}],"predecessor-version":[{"id":796163,"href":"https:\/\/arantv.az\/index.php?rest_route=\/wp\/v2\/posts\/796161\/revisions\/796163"}],"wp:featuredmedia":[{"embeddable":true,"href":"https:\/\/arantv.az\/index.php?rest_route=\/wp\/v2\/media\/796162"}],"wp:attachment":[{"href":"https:\/\/arantv.az\/index.php?rest_route=%2Fwp%2Fv2%2Fmedia&parent=796161"}],"wp:term":[{"taxonomy":"category","embeddable":true,"href":"https:\/\/arantv.az\/index.php?rest_route=%2Fwp%2Fv2%2Fcategories&post=796161"},{"taxonomy":"post_tag","embeddable":true,"href":"https:\/\/arantv.az\/index.php?rest_route=%2Fwp%2Fv2%2Ftags&post=796161"}],"curies":[{"name":"wp","href":"https:\/\/api.w.org\/{rel}","templated":true}]}}