{"id":796233,"date":"2025-03-30T10:23:42","date_gmt":"2025-03-30T06:23:42","guid":{"rendered":"https:\/\/arantv.az\/?p=796233"},"modified":"2025-03-30T10:23:42","modified_gmt":"2025-03-30T06:23:42","slug":"pasinyan-az%c9%99rbaycanla-cox-t%c9%99hluk%c9%99li-oyun-oynayir-x%c9%99b%c9%99rdarliq","status":"publish","type":"post","link":"https:\/\/arantv.az\/?p=796233","title":{"rendered":"Pa\u015finyan Az\u0259rbaycanla \u00e7ox t\u0259hl\u00fck\u0259li oyun oynay\u0131r &#8211; x\u0259b\u0259rdarl\u0131q!"},"content":{"rendered":"<p><strong>N\u0259 Erm\u0259nistan d\u00f6vl\u0259t ola bilir, n\u0259 d\u0259 bu \u00f6lk\u0259nin r\u0259hb\u0259rliyind\u0259 olanlar da\u015f\u0131d\u0131qlar\u0131 s\u0259lahiyy\u0259tin ciddiliyini anlay\u0131rlar. Az\u0259rbaycan \u0259razil\u0259rinin i\u015f\u011fal alt\u0131nda saxland\u0131\u011f\u0131 30 il \u0259rzind\u0259 s\u0259rgil\u0259n\u0259n siyas\u0259t\u0259b\u0259nz\u0259r n\u0259sn\u0259l\u0259ri bir k\u0259nara qoyaq, V\u0259t\u0259n M\u00fcharib\u0259sind\u0259n sonra Nikol Pa\u015finyan komandas\u0131n\u0131n m\u00f6vqeyi yuxar\u0131dak\u0131 q\u0259na\u0259t\u0259 g\u0259lm\u0259k \u00fc\u00e7\u00fcn yet\u0259rlidir.\u00a0\u00a0<\/strong><\/p>\n<p>El\u0259 bir ne\u00e7\u0259 g\u00fcn \u0259vv\u0259l Nikol Pa\u015finyan bildirdi ki, s\u00fclh m\u00fcqavil\u0259sini imzalama\u011fa haz\u0131rd\u0131r. \u00dcst\u0259lik, m\u00fcqavil\u0259nin harada, n\u0259 zaman imzalanaca\u011f\u0131 il\u0259 ba\u011fl\u0131 diskussiyalara da start verildi. Amma v\u0259 lakin \u201cs\u00fclh bayat\u0131lar\u0131\u201d \u015f\u0259rti s\u0259rh\u0259dl\u0259r boyunca at\u0259\u015f s\u0259sl\u0259rinin m\u00fc\u015fayi\u0259ti il\u0259 s\u0259sl\u0259nm\u0259y\u0259 ba\u015flad\u0131. Diqq\u0259t edin, \u00f6lk\u0259nin r\u0259hb\u0259r \u015f\u0259xsi iddia edir ki, o, ordusuna at\u0259\u015f a\u00e7mama\u011f\u0131 tap\u015f\u0131r\u0131b, di g\u0259l t\u0259tiyi \u00e7\u0259k\u0259nl\u0259r s\u00f6z\u0259 baxm\u0131r. Bu, n\u0259 d\u00f6vl\u0259t, n\u0259 d\u00f6vl\u0259t\u00e7ilik, n\u0259 idar\u0259\u00e7ilikdir? Ya 44 g\u00fcnl\u00fck m\u00fcharib\u0259d\u0259n, bir g\u00fcnl\u00fck antiterror \u0259m\u0259liyyat\u0131ndan sonra \u201cdifaq\u0131 da\u011f\u0131lan\u201d erm\u0259ni ordusu Pa\u015finyan\u0131 saya salm\u0131r, ya da ba\u015f nazir \u201cm\u0259nim dediyim\u0259 fikir verm\u0259yin, i\u015finizd\u0259 olun\u201d, tap\u015f\u0131r\u0131\u011f\u0131n\u0131 verib gizlinc\u0259. Bel\u0259 oldu\u011fu halda Pa\u015finyan\u0131n s\u00fclh b\u0259yanatlar\u0131na nec\u0259 inanasan? T\u0259sad\u00fcfi deyil ki, Az\u0259rbaycan r\u0259hb\u0259rliyi Pa\u015finyanla deyil, Erm\u0259nistanla s\u00fclh imzalama\u011f\u0131 h\u0259d\u0259fl\u0259diyini b\u0259yan edib.<\/p>\n<p><em>Erm\u0259nistan\u0131n ba\u015f naziri s\u00fclhd\u0259n dan\u0131\u015f\u0131r, amma onun X\u0130N r\u0259hb\u0259ri Ararat Mirzoyan ayaq basd\u0131\u011f\u0131 \u00f6lk\u0259l\u0259rd\u0259 Az\u0259rbaycan\u0131n qaras\u0131nca m\u0131z\u0131ldan\u0131r, hara getdis\u0259, r\u0259smi Bak\u0131da etiraz do\u011furacaq yalanlar\u0131 s\u0131ralay\u0131r. Adam, yaxud nazir bu q\u0259d\u0259rmi qeyri-ciddi olar? \u00dcst\u0259lik, Erm\u0259nistan xarici i\u015fl\u0259r nazirinin m\u00fcavini Az\u0259rbaycan\u0131n \u00fcnvan\u0131na aqressiv \u015f\u0259kild\u0259 ittihamlar s\u0259sl\u0259ndirir, onlar\u0131n yalanlar\u0131ndan v\u0259cd\u0259 g\u0259l\u0259n Erm\u0259nistan\u0131n s\u0259firl\u0259ri d\u0259 ziddiyy\u0259tli b\u0259yanatlar verirl\u0259r. \u0130ndi Pa\u015finyan v\u0259 komandas\u0131 desin g\u00f6r\u0259k: burada s\u00fclh\u00fcn \u201cs\u201ds\u0131 varm\u0131?..<\/em><\/p>\n<p><img src=\"https:\/\/www.turkustan.az\/media\/2025\/03\/16\/pasinyan.jpg\" alt=\"Pa\u015finyan: &quot;Az\u0259rbaycanla s\u00fclh sazi\u015fi \u00fczr\u0259 dan\u0131\u015f\u0131qlar yekunla\u015f\u0131b&quot; -  Turkustan.az\" \/><\/p>\n<p>Pa\u015finyan deyib ki, \u201cQaraba\u011f h\u0259r\u0259kat\u0131\u201d Erm\u0259nistan d\u00f6vl\u0259tinin quruculu\u011fununda mane\u0259 idi\u201d. \u0130ndiki m\u0259qamda a\u00e7\u0131q \u015f\u0259kild\u0259 etiraf edilm\u0259li olan m\u0259s\u0259l\u0259l\u0259rin m\u00f6vcudlu\u011fundan b\u0259hs, ed\u0259n \u201cReal Erm\u0259nistan\u201d qurma\u011fa \u00e7a\u011f\u0131r\u0131\u015f ed\u0259n ba\u015f nazir niy\u0259 davam\u0131n\u0131 g\u0259tirmir? S\u00f6hb\u0259t s\u00fclh\u0259 \u0259sas mane\u0259 olan Erm\u0259nistan Konstitusiyas\u0131n\u0131n v\u0259 normativ h\u00fcquqi aktlar\u0131n\u0131n d\u0259yi\u015fdirilm\u0259sind\u0259n, Az\u0259rbaycana, h\u0259m\u00e7inin T\u00fcrkiy\u0259y\u0259 qar\u015f\u0131 \u0259razi iddialar\u0131na son qoyulmas\u0131ndan gedir. Erm\u0259nistan Konstitusiyas\u0131nda \u0259razi iddialar\u0131 qald\u0131qca, s\u00fclh m\u00fcqavil\u0259si imzalansa bel\u0259, onun i\u015fl\u0259m\u0259si, davaml\u0131 s\u00fclh\u00fcn \u0259ld\u0259 olunmas\u0131 m\u00fcmk\u00fcns\u00fcz olacaq. Bir yandan Qaraba\u011f \u201ch\u0259r\u0259kat\u0131\u201dn\u0131 Erm\u0259nistan \u00fc\u00e7\u00fcn t\u0259hl\u00fck\u0259 sayan Pa\u015finyan dig\u0259r t\u0259r\u0259fd\u0259n d\u0259 parlamentd\u0259ki \u00e7\u0131x\u0131\u015f\u0131nda odlu-alovlu b\u0259yanatlar s\u0259sl\u0259ndirir, revan\u015f\u00e7\u0131lar\u0131 k\u00f6lg\u0259d\u0259 qoyma\u011fa \u00e7al\u0131\u015f\u0131r. M\u0259qs\u0259d b\u0259llidir: Pa\u015finyan kreslosunda m\u00f6hk\u0259ml\u0259nm\u0259y\u0259, n\u00f6vb\u0259ti se\u00e7kil\u0259rd\u0259 d\u0259 partiyas\u0131n\u0131n \u00fcst\u00fcnl\u00fcy\u00fcn\u00fc t\u0259min etm\u0259y\u0259 \u00e7al\u0131\u015f\u0131r. \u018fks t\u0259qdird\u0259 xalq\u0131n\u0131 s\u00fclh\u0259 haz\u0131rlama\u011f\u0131 \u0259sas v\u0259zif\u0259 olaraq proqram\u0131na daxil etm\u0259li, velosiped, avtobus, metro il\u0259 g\u0259z\u0259rk\u0259n d\u0259 \u0259sas s\u00f6z\u00fc Az\u0259rbaycan\u0131n \u015f\u0259rtl\u0259rinin icras\u0131 olmal\u0131 idi. Amma \u0259g\u0259r mart\u0131n 29-da Qaraba\u011f erm\u0259nil\u0259ri \u0130r\u0259van\u0131n \u0259sas meydan\u0131nda topla\u015f\u0131b, ultimatum verirl\u0259rs\u0259, burada Nikol Pa\u015finyan\u0131n da \u00f6z\u00fcn\u0259m\u0259xsus qatq\u0131s\u0131 var. Pa\u015finyan 5 ildir \u00fc\u00e7t\u0259r\u0259fli b\u0259yanat\u0131n son b\u0259ndini icra etmir, Az\u0259rbaycan\u0131n bir hiss\u0259sind\u0259n dig\u0259r hiss\u0259sin\u0259 s\u0259rb\u0259st gedi\u015f-g\u0259li\u015fi t\u0259min etmir, \u0259ksin\u0259, \u201cS\u00fclh k\u0259si\u015fm\u0259si\u201d adl\u0131, Prezident \u0130lham \u018fliyevin dediyi kimi, 2 q\u0259piy\u0259 d\u0259ym\u0259y\u0259n \u201clayih\u0259\u201dsi il\u0259 g\u00fcnd\u0259mi m\u0259\u015f\u011ful etm\u0259y\u0259, alternativl\u0259r ir\u0259li s\u00fcrm\u0259y\u0259 c\u0259hd g\u00f6st\u0259rir. Bir anl\u0131q t\u0259s\u0259vv\u00fcr edin, \u0259g\u0259r Az\u0259rbaycan 32 il \u0259rzind\u0259 \u201ckadastr s\u0259n\u0259di olmayan\u201d Erm\u0259nistan\u0131n bir b\u00f6lg\u0259sin\u0259 Nax\u00e7\u0131van Muxtar Respublikas\u0131n\u0131n taleyini ya\u015fatsayd\u0131, erm\u0259nil\u0259r v\u0259 onlar\u0131n havadarlar\u0131 hans\u0131 \u015fiv\u0259n qoparm\u0131\u015fd\u0131lar?..H\u0259l\u0259 Az\u0259rbaycan bir erm\u0259nini bel\u0259, Qaraba\u011fdan qovmay\u0131b, \u0259ksin\u0259, onlar\u0131n qal\u0131b, t\u0259hl\u00fck\u0259siz \u015f\u0259raitd\u0259 ya\u015famas\u0131 \u00fc\u00e7\u00fcn \u0259lind\u0259n g\u0259l\u0259ni edib. Amma bax\u0131n, Avropa Parlamentdind\u0259n tutmu\u015f, AB\u015e konqresmenl\u0259rin\u0259d\u0259k haysev\u0259rl\u0259r f\u0259sil\u0259sind\u0259n olanlar \u00f6lk\u0259miz\u0259 \u00e7amur atmaqdan da\u015f\u0131nm\u0131rlar. Bel\u0259 bir durumda is\u0259 \u201cs\u00fclhp\u0259rv\u0259r\u201d Pa\u015finyan v\u0259 komandas\u0131ndan birc\u0259 d\u0259f\u0259 d\u0259 olsun Avropa \u0130ttifaq\u0131na, Avropa Parlamentin\u0259, el\u0259 bu g\u00fcnl\u0259rd\u0259 yenid\u0259n ya\u011f\u0131\u015fdan sonra \u00e7\u0131xm\u0131\u015f g\u00f6b\u0259l\u0259kl\u0259r\u0259 b\u0259nz\u0259y\u0259n 60 amerikal\u0131 konqresmenl\u0259r\u0259 \u201csiz \u00f6z i\u015finizl\u0259 m\u0259\u015f\u011ful olun, biz Az\u0259rbaycanla \u00f6z m\u0259s\u0259l\u0259l\u0259rimizi \u00f6z\u00fcm\u00fcz h\u0259ll ed\u0259rik\u201d, demir. Az\u0259rbaycan r\u0259hb\u0259rliyinin m\u00f6vqeyi is\u0259 b\u0259llidir: s\u00fclh\u0259 aparan yol ikit\u0259r\u0259fli dan\u0131\u015f\u0131qlardan v\u0259 konstruktiv m\u00f6vqed\u0259n ke\u00e7ir!<\/p>\n<p><img loading=\"lazy\" src=\"https:\/\/bizim.media\/photo\/700x394\/2025\/02\/10\/1739215529_1.jpg\" alt=\"Pa\u015finyan Yelisey saray\u0131nda Makrona Az\u0259rbaycanla s\u00fclh prosesind\u0259n DANI\u015eDI\" width=\"879\" height=\"495\" \/><\/p>\n<p>Erm\u0259nistan medias\u0131nda\u00a0<strong>\u201cThe Wall Street Journal\u201dda<\/strong>\u00a0d\u0259rc olunan q\u0259r\u0259zli m\u0259qal\u0259d\u0259n se\u00e7m\u0259l\u0259ri tirajlan\u0131b. \u0130ddia olunur ki, guya \u201ciki Az\u0259rbaycan var: Bak\u0131n\u0131n qonaqlara g\u00f6st\u0259rdiyi v\u0259 gizl\u0259tdiyi ger\u00e7\u0259k\u201d. Erm\u0259nistan\u0131n \u201cboyuna bi\u00e7il\u0259nl\u0259r\u201di Az\u0259rbaycan\u0131n \u00fcz\u0259rin\u0259 yap\u0131\u015fd\u0131rma\u011fa c\u0259hd edirl\u0259r. Az\u0259rbaycan s\u00f6z\u00fc il\u0259 imzas\u0131 eyni mahiyy\u0259t k\u0259sb ed\u0259n \u00f6lk\u0259dir, oyuncaq Erm\u0259nistandan f\u0259rqli olaraq! Pa\u015finyan v\u0259 komandas\u0131 gec\u0259-g\u00fcnd\u00fcz dil bo\u011faza qoymadan s\u00fclhd\u0259n dan\u0131\u015f\u0131r, eyni g\u00fcnd\u0259 3 \u00f6lk\u0259nin prezidentin\u0259 z\u0259ng edib, \u201cm\u0259n s\u00fclh m\u00fcqavil\u0259sini imzalama\u011fa haz\u0131ram\u201d, v\u0259dini verir, amma kims\u0259 ondan soru\u015fmur ki, \u0259g\u0259r s\u00fclh b\u0259yanat\u0131n ciddidirs\u0259, onda ehaylar\u0131n bo\u011faz\u0131ndan k\u0259sib, silahlanma\u011f\u0131n\u0131 nec\u0259 ba\u015fa d\u00fc\u015f\u0259k? Soru\u015fmurlar, \u00e7\u00fcnki el\u0259 bu t\u0259limatlar, ev tap\u015f\u0131r\u0131qlar\u0131 onlardan g\u0259lib. Xat\u0131rlay\u0131rs\u0131n\u0131z y\u0259qin, Bayden gethagetd\u0259 Bak\u0131 v\u0259 \u0130r\u0259van\u0131 t\u0259cili \u015f\u0259kild\u0259 yar\u0131m\u00e7\u0131q raz\u0131la\u015fd\u0131r\u0131lm\u0131\u015f s\u00fclh m\u00fcqavil\u0259sini imzalama\u011fa \u00e7a\u011f\u0131r\u0131rd\u0131. Makron Fransas\u0131 il\u0259 Bayden \u2013 Blinken c\u00fctl\u00fcy\u00fc Erm\u0259nistan\u0131 yeni h\u0259rbi \u0259m\u0259liyyatlara haz\u0131rlad\u0131qlar\u0131 halda Erm\u0259nistan m\u00fcdafi\u0259 naziri \u201cqap\u0131lar\u0131 g\u0259zib\u201d, yeni silah m\u00fcqavil\u0259l\u0259ri imzalay\u0131rd\u0131. Avropa \u0130ttifaq\u0131n\u0131n h\u0259rbi-k\u0259\u015ffiyyat \u015f\u0259b\u0259k\u0259si \u015f\u0259rti s\u0259rh\u0259dl\u0259rimizd\u0259 bu g\u00fcn\u00fcn \u00f6z\u00fcnd\u0259 z\u0259hl\u0259t\u00f6k\u0259n missiyas\u0131n\u0131 davam etdirir, Qubadl\u0131 v\u0259 La\u00e7\u0131n da\u011flar\u0131na boylananlar n\u0259d\u0259ns\u0259 erm\u0259ni ordusunun a\u00e7d\u0131\u011f\u0131 at\u0259\u015fl\u0259r\u0259 kar olurlar. Pa\u015finyan da s\u00fclhd\u0259n dan\u0131\u015f\u0131r.\u00a0 \u0130ndi qoy Az\u0259rbaycan\u0131 ittiham ed\u0259nl\u0259r cavabland\u0131rs\u0131nlar: \u00a0\u0259sl Erm\u0259nistan hans\u0131d\u0131r? Erm\u0259nistan\u0131n \u0259sl simas\u0131 hans\u0131d\u0131r? \u00dcmumiyy\u0259tl\u0259, sima varm\u0131?\u00a0Pa\u015finyan\u0131n \u201cs\u00fclhp\u0259rv\u0259rliyi\u201d erm\u0259ni c\u0259miyy\u0259tind\u0259ki revan\u015fist \u0259hval-ruhiyy\u0259ni sad\u0259c\u0259 p\u0259rd\u0259l\u0259m\u0259y\u0259 xidm\u0259t edir. H\u0259m d\u0259 g\u00fcn\u00fcn birind\u0259 Erm\u0259nistan havadarlar\u0131n\u0131n k\u00f6m\u0259yi il\u0259 2020-ci ilin Tovuz d\u00f6y\u00fc\u015fl\u0259rin\u0259 b\u0259nz\u0259r t\u0259xribatlara ba\u015flamaq \u00fc\u00e7\u00fcn z\u0259min haz\u0131rlay\u0131r: \u201cBiz s\u00fclh m\u00fcqavil\u0259si imzalama\u011fa haz\u0131r idik, g\u00fcnah\u0131m\u0131z yoxdur\u201d, b\u0259han\u0259si il\u0259&#8230;Erm\u0259nistan\u0131n xilas\u0131 v\u0259 varl\u0131\u011f\u0131 \u00fc\u00e7\u00fcn ilkin \u015f\u0259rt onun idbar konstitusiyas\u0131n\u0131n d\u0259yi\u015fdirilm\u0259si, iki d\u00f6vl\u0259t\u0259 qar\u015f\u0131 \u0259sass\u0131z iddialara son qoyulmas\u0131d\u0131r! Konstitusiya d\u0259yi\u015fikliyini 2027-ci il\u0259 saxlamaqla, \u00fcst\u0259lik, buradak\u0131 \u0259razi iddialar\u0131n\u0131n \u00e7\u0131xar\u0131lmas\u0131n\u0131 inkar etm\u0259kl\u0259 Pa\u015finyan revan\u015fistl\u0259r\u0259 \u201cpas\u201d \u00f6t\u00fcr\u00fcr: \u0259n\u0259n\u0259vi hay siyas\u0259tidir, y\u0259ni \u201cm\u0259nim s\u00fclh b\u0259yanatlar\u0131ma baxmay\u0131n, siz davam edin\u201d, mesaj\u0131d\u0131r. El\u0259 \u0130r\u0259van\u0131n m\u0259rk\u0259zind\u0259 Qaraba\u011f erm\u0259nil\u0259rinin etiraz aksiyalar\u0131na r\u0259vac verilm\u0259si d\u0259 hakimiyy\u0259tin gizli oyunbazl\u0131\u011f\u0131n\u0131n m\u0259ntiqi n\u0259tic\u0259sidir.<\/p>\n<p><strong>Bak\u0131n\u0131n s\u0259bri h\u00fcdudsuz deyil. Bu g\u00fcnl\u0259rd\u0259 Az\u0259rbaycan Prezidentinin x\u00fcsusi tap\u015f\u0131r\u0131qlar \u00fczr\u0259 n\u00fcmay\u0259nd\u0259si El\u00e7in \u018fmirb\u0259yov &#8220;Ag\u00eancia Brasil&#8221; agentliyin\u0259 m\u00fcsahib\u0259sind\u0259 x\u0259b\u0259rdarl\u0131q etmi\u015fdi. E.\u018fmirb\u0259yovun s\u00f6zl\u0259rin\u0259 g\u00f6r\u0259, Az\u0259rbaycan v\u0259 Erm\u0259nistan aras\u0131nda d\u00f6nm\u0259z v\u0259 davaml\u0131 s\u00fclh\u0259 nail olmaqdan \u00f6tr\u00fc Erm\u0259nistan Konstitusiyas\u0131nda Az\u0259rbaycana qar\u015f\u0131 \u0259razi iddialar\u0131 il\u0259 ba\u011fl\u0131 d\u00fcz\u0259li\u015fl\u0259r edilm\u0259lidir. Prezidentin k\u00f6m\u0259k\u00e7isi x\u00fcsusil\u0259 vur\u011fulam\u0131\u0131\u015fd\u0131 ki, Az\u0259rbaycanla s\u00fclh f\u00fcrs\u0259ti \u0259b\u0259di deyil. \u201cErm\u0259nistan bu f\u00fcrs\u0259tin daimi olmayaca\u011f\u0131n\u0131 anlay\u0131b v\u0259 onun \u0259ld\u0259n \u00e7\u0131xmas\u0131 onlar \u00fc\u00e7\u00fcn a\u011f\u0131r n\u0259tic\u0259l\u0259r do\u011fura bil\u0259r\u201d, &#8211; \u018fmirb\u0259yov deyib. \u0130r\u0259vandak\u0131 \u201cSoros u\u015faqlar\u0131\u201d diqq\u0259t el\u0259sinl\u0259r!<\/strong><\/p>\n<p>Q\u0259rbi Az\u0259rbaycandan olan 300 min h\u0259mv\u0259t\u0259nimizin \u00f6z yurdlar\u0131na qay\u0131d\u0131\u015f\u0131n\u0131 \u0259ng\u0259ll\u0259y\u0259n, Q\u0259rbi Az\u0259rbaycan amilini danma\u011fa c\u0259hd g\u00f6st\u0259r\u0259n Pa\u015finyan Az\u0259rbaycanla \u00e7ox t\u0259hl\u00fck\u0259li oyun oynad\u0131\u011f\u0131n\u0131n f\u0259rqind\u0259 deyil, dey\u0259s\u0259n. 2019-cu ild\u0259 d\u0259 Xank\u0259ndid\u0259 dediyi \u201cn\u00f6qt\u0259li b\u0259yanat\u201d \u00f6z\u00fcn\u0259 v\u0259 \u00f6lk\u0259sin\u0259 baha ba\u015fa g\u0259ldi, D\u0259mir Yumru\u011fu tez-tez xat\u0131rlas\u0131n\u00a0 g\u0259r\u0259k! S\u00fclh m\u00fcqavil\u0259si Az\u0259rbaycandan \u00e7ox, Erm\u0259nistana laz\u0131md\u0131r. Bunu anlamay\u0131b, yenid\u0259n meydanlara \u00e7\u0131x\u0131rlarsa, \u00f6zl\u0259ri bil\u0259rl\u0259r. Antiterror \u0259m\u0259liyyat\u0131ndan bir az \u0259vv\u0259l Arayik Arutyunyan da Xank\u0259ndinin ba\u015f meydan\u0131nda \u00e7ad\u0131r qurub, fasil\u0259siz aksiya ke\u00e7irm\u0259y\u0259 q\u0259rar vermi\u015fdi. Bu g\u00fcn Bak\u0131da \u201c\u00e7ay i\u00e7ir\u201d.<\/p>\n<p><strong>El\u015fad Pa\u015fasoy,<\/strong><br \/>\n<strong>Musavat.com<\/strong><\/p>\n<div class=\"news-author text-left\"><a href=\"https:\/\/musavat.com\/author\/elsad-pasasoy_10\"><img class=\"img-responsive img-author\" src=\"https:\/\/cdn.musavat.com\/authors\/thumbnails\/efebc9e552e05242fb5c15b017367239.jpg\" \/>El\u015fad PA\u015eASOY<\/a><\/div>\n","protected":false},"excerpt":{"rendered":"<p>N\u0259 Erm\u0259nistan d\u00f6vl\u0259t ola bilir, n\u0259 d\u0259 bu \u00f6lk\u0259nin r\u0259hb\u0259rliyind\u0259 olanlar da\u015f\u0131d\u0131qlar\u0131 s\u0259lahiyy\u0259tin ciddiliyini anlay\u0131rlar. Az\u0259rbaycan \u0259razil\u0259rinin i\u015f\u011fal alt\u0131nda saxland\u0131\u011f\u0131 30 il \u0259rzind\u0259 s\u0259rgil\u0259n\u0259n siyas\u0259t\u0259b\u0259nz\u0259r n\u0259sn\u0259l\u0259ri bir k\u0259nara qoyaq, V\u0259t\u0259n M\u00fcharib\u0259sind\u0259n sonra Nikol Pa\u015finyan komandas\u0131n\u0131n m\u00f6vqeyi yuxar\u0131dak\u0131 q\u0259na\u0259t\u0259 g\u0259lm\u0259k \u00fc\u00e7\u00fcn yet\u0259rlidir.\u00a0\u00a0 El\u0259 bir ne\u00e7\u0259 g\u00fcn \u0259vv\u0259l Nikol Pa\u015finyan bildirdi ki, s\u00fclh m\u00fcqavil\u0259sini imzalama\u011fa haz\u0131rd\u0131r. \u00dcst\u0259lik, m\u00fcqavil\u0259nin harada, n\u0259 zaman imzalanaca\u011f\u0131 il\u0259 ba\u011fl\u0131 diskussiyalara da start verildi. Amma v\u0259 lakin \u201cs\u00fclh bayat\u0131lar\u0131\u201d \u015f\u0259rti s\u0259rh\u0259dl\u0259r boyunca at\u0259\u015f s\u0259sl\u0259rinin m\u00fc\u015fayi\u0259ti il\u0259 s\u0259sl\u0259nm\u0259y\u0259 ba\u015flad\u0131. Diqq\u0259t edin, \u00f6lk\u0259nin r\u0259hb\u0259r \u015f\u0259xsi iddia edir ki, o, ordusuna&hellip;<\/p>\n","protected":false},"author":2,"featured_media":796234,"comment_status":"closed","ping_status":"closed","sticky":false,"template":"","format":"standard","meta":{"om_disable_all_campaigns":false,"_monsterinsights_skip_tracking":false,"_monsterinsights_sitenote_active":false,"_monsterinsights_sitenote_note":"","_monsterinsights_sitenote_category":0},"categories":[19],"tags":[],"aioseo_notices":[],"gutentor_comment":0,"rttpg_featured_image_url":{"full":["https:\/\/arantv.az\/wp-content\/uploads\/2025\/03\/22b9e09f4398c4f9f9dabafb448ca4af.jpg",870,500,false],"landscape":["https:\/\/arantv.az\/wp-content\/uploads\/2025\/03\/22b9e09f4398c4f9f9dabafb448ca4af.jpg",870,500,false],"portraits":["https:\/\/arantv.az\/wp-content\/uploads\/2025\/03\/22b9e09f4398c4f9f9dabafb448ca4af.jpg",870,500,false],"thumbnail":["https:\/\/arantv.az\/wp-content\/uploads\/2025\/03\/22b9e09f4398c4f9f9dabafb448ca4af-500x280.jpg",500,280,true],"medium":["https:\/\/arantv.az\/wp-content\/uploads\/2025\/03\/22b9e09f4398c4f9f9dabafb448ca4af-635x365.jpg",635,365,true],"large":["https:\/\/arantv.az\/wp-content\/uploads\/2025\/03\/22b9e09f4398c4f9f9dabafb448ca4af-840x483.jpg",640,368,true],"1536x1536":["https:\/\/arantv.az\/wp-content\/uploads\/2025\/03\/22b9e09f4398c4f9f9dabafb448ca4af.jpg",870,500,false],"2048x2048":["https:\/\/arantv.az\/wp-content\/uploads\/2025\/03\/22b9e09f4398c4f9f9dabafb448ca4af.jpg",870,500,false],"post-thumbnail":["https:\/\/arantv.az\/wp-content\/uploads\/2025\/03\/22b9e09f4398c4f9f9dabafb448ca4af-240x172.jpg",240,172,true],"advps-thumb-one":["https:\/\/arantv.az\/wp-content\/uploads\/2025\/03\/22b9e09f4398c4f9f9dabafb448ca4af.jpg",870,500,false]},"rttpg_author":{"display_name":"V\u00fcsal Rafiqo\u011flu","author_link":"https:\/\/arantv.az\/?author=2"},"rttpg_comment":0,"rttpg_category":"<a href=\"https:\/\/arantv.az\/?cat=19\" rel=\"category\">G\u00fcnd\u0259m<\/a>","rttpg_excerpt":"N\u0259 Erm\u0259nistan d\u00f6vl\u0259t ola bilir, n\u0259 d\u0259 bu \u00f6lk\u0259nin r\u0259hb\u0259rliyind\u0259 olanlar da\u015f\u0131d\u0131qlar\u0131 s\u0259lahiyy\u0259tin ciddiliyini anlay\u0131rlar. Az\u0259rbaycan \u0259razil\u0259rinin i\u015f\u011fal alt\u0131nda saxland\u0131\u011f\u0131 30 il \u0259rzind\u0259 s\u0259rgil\u0259n\u0259n siyas\u0259t\u0259b\u0259nz\u0259r n\u0259sn\u0259l\u0259ri bir k\u0259nara qoyaq, V\u0259t\u0259n M\u00fcharib\u0259sind\u0259n sonra Nikol Pa\u015finyan komandas\u0131n\u0131n m\u00f6vqeyi yuxar\u0131dak\u0131 q\u0259na\u0259t\u0259 g\u0259lm\u0259k \u00fc\u00e7\u00fcn yet\u0259rlidir.\u00a0\u00a0 El\u0259 bir ne\u00e7\u0259 g\u00fcn \u0259vv\u0259l Nikol Pa\u015finyan bildirdi ki, s\u00fclh m\u00fcqavil\u0259sini imzalama\u011fa haz\u0131rd\u0131r. \u00dcst\u0259lik,&hellip;","_links":{"self":[{"href":"https:\/\/arantv.az\/index.php?rest_route=\/wp\/v2\/posts\/796233"}],"collection":[{"href":"https:\/\/arantv.az\/index.php?rest_route=\/wp\/v2\/posts"}],"about":[{"href":"https:\/\/arantv.az\/index.php?rest_route=\/wp\/v2\/types\/post"}],"author":[{"embeddable":true,"href":"https:\/\/arantv.az\/index.php?rest_route=\/wp\/v2\/users\/2"}],"replies":[{"embeddable":true,"href":"https:\/\/arantv.az\/index.php?rest_route=%2Fwp%2Fv2%2Fcomments&post=796233"}],"version-history":[{"count":1,"href":"https:\/\/arantv.az\/index.php?rest_route=\/wp\/v2\/posts\/796233\/revisions"}],"predecessor-version":[{"id":796235,"href":"https:\/\/arantv.az\/index.php?rest_route=\/wp\/v2\/posts\/796233\/revisions\/796235"}],"wp:featuredmedia":[{"embeddable":true,"href":"https:\/\/arantv.az\/index.php?rest_route=\/wp\/v2\/media\/796234"}],"wp:attachment":[{"href":"https:\/\/arantv.az\/index.php?rest_route=%2Fwp%2Fv2%2Fmedia&parent=796233"}],"wp:term":[{"taxonomy":"category","embeddable":true,"href":"https:\/\/arantv.az\/index.php?rest_route=%2Fwp%2Fv2%2Fcategories&post=796233"},{"taxonomy":"post_tag","embeddable":true,"href":"https:\/\/arantv.az\/index.php?rest_route=%2Fwp%2Fv2%2Ftags&post=796233"}],"curies":[{"name":"wp","href":"https:\/\/api.w.org\/{rel}","templated":true}]}}