{"id":796236,"date":"2025-03-30T10:24:34","date_gmt":"2025-03-30T06:24:34","guid":{"rendered":"https:\/\/arantv.az\/?p=796236"},"modified":"2025-03-30T10:24:34","modified_gmt":"2025-03-30T06:24:34","slug":"leyla-%c9%99liyevadan-ramazan-bayrami-paylasimi-2","status":"publish","type":"post","link":"https:\/\/arantv.az\/?p=796236","title":{"rendered":"Leyla \u018fliyevadan Ramazan bayram\u0131 PAYLA\u015eIMI"},"content":{"rendered":"<div class=\"text-content\" data-id=\"\" data-url=\"\">\n<p><strong>Heyd\u0259r \u018fliyev Fondunun vitse-prezidenti, IDEA \u0130ctimai Birliyinin t\u0259sis\u00e7isi v\u0259 r\u0259hb\u0259ri Leyla \u018fliyeva sosial media hesab\u0131nda Ramazan bayram\u0131 m\u00fcnasib\u0259til\u0259 payla\u015f\u0131m edib.<\/strong><\/p>\n<p><strong>ARANTV.AZ <\/strong>\u00a0x\u0259b\u0259r verir ki, payla\u015f\u0131mda deyilir:<\/p>\n<p>&#8220;Ramazan bayram\u0131n\u0131z m\u00fcbar\u0259k!&#8221;<\/p>\n<p><iframe loading=\"lazy\" id=\"instagram-embed-0\" class=\"instagram-media instagram-media-rendered\" src=\"https:\/\/www.instagram.com\/reel\/DHyysR_o86D\/embed\/captioned\/?cr=1&amp;v=14&amp;wp=675&amp;rd=https%3A%2F%2Freport.az&amp;rp=%2Fdini-xeberler%2Fleyla-eliyeva-ramazan-bayrami-munasibetile-paylasim-edib%2F#%7B%22ci%22%3A0%2C%22os%22%3A1748.199999999255%2C%22ls%22%3A604.3000000007451%2C%22le%22%3A1739.3999999985099%7D\" width=\"300\" height=\"1005\" frameborder=\"0\" scrolling=\"no\" allowfullscreen=\"allowfullscreen\" data-instgrm-payload-id=\"instagram-media-payload-0\" data-mce-fragment=\"1\"><\/iframe><\/p>\n<\/div>\n<div><\/div>\n<div><\/div>\n<div class=\"inner-social-box\">\n<div class=\"subs-in-social subs-whatsapp\"><\/div>\n<\/div>\n","protected":false},"excerpt":{"rendered":"<p>Heyd\u0259r \u018fliyev Fondunun vitse-prezidenti, IDEA \u0130ctimai Birliyinin t\u0259sis\u00e7isi v\u0259 r\u0259hb\u0259ri Leyla \u018fliyeva sosial media hesab\u0131nda Ramazan bayram\u0131 m\u00fcnasib\u0259til\u0259 payla\u015f\u0131m edib. ARANTV.AZ \u00a0x\u0259b\u0259r verir ki, payla\u015f\u0131mda deyilir: &#8220;Ramazan bayram\u0131n\u0131z m\u00fcbar\u0259k!&#8221;<\/p>\n","protected":false},"author":2,"featured_media":796237,"comment_status":"closed","ping_status":"closed","sticky":false,"template":"","format":"standard","meta":{"om_disable_all_campaigns":false,"_monsterinsights_skip_tracking":false,"_monsterinsights_sitenote_active":false,"_monsterinsights_sitenote_note":"","_monsterinsights_sitenote_category":0},"categories":[1],"tags":[],"aioseo_notices":[],"gutentor_comment":0,"rttpg_featured_image_url":{"full":["https:\/\/arantv.az\/wp-content\/uploads\/2025\/03\/b3d612116225c70453925cafcd239171-1.jpg",850,500,false],"landscape":["https:\/\/arantv.az\/wp-content\/uploads\/2025\/03\/b3d612116225c70453925cafcd239171-1.jpg",850,500,false],"portraits":["https:\/\/arantv.az\/wp-content\/uploads\/2025\/03\/b3d612116225c70453925cafcd239171-1.jpg",850,500,false],"thumbnail":["https:\/\/arantv.az\/wp-content\/uploads\/2025\/03\/b3d612116225c70453925cafcd239171-1-500x280.jpg",500,280,true],"medium":["https:\/\/arantv.az\/wp-content\/uploads\/2025\/03\/b3d612116225c70453925cafcd239171-1-621x365.jpg",621,365,true],"large":["https:\/\/arantv.az\/wp-content\/uploads\/2025\/03\/b3d612116225c70453925cafcd239171-1-840x494.jpg",640,376,true],"1536x1536":["https:\/\/arantv.az\/wp-content\/uploads\/2025\/03\/b3d612116225c70453925cafcd239171-1.jpg",850,500,false],"2048x2048":["https:\/\/arantv.az\/wp-content\/uploads\/2025\/03\/b3d612116225c70453925cafcd239171-1.jpg",850,500,false],"post-thumbnail":["https:\/\/arantv.az\/wp-content\/uploads\/2025\/03\/b3d612116225c70453925cafcd239171-1-240x172.jpg",240,172,true],"advps-thumb-one":["https:\/\/arantv.az\/wp-content\/uploads\/2025\/03\/b3d612116225c70453925cafcd239171-1.jpg",850,500,false]},"rttpg_author":{"display_name":"V\u00fcsal Rafiqo\u011flu","author_link":"https:\/\/arantv.az\/?author=2"},"rttpg_comment":0,"rttpg_category":"<a href=\"https:\/\/arantv.az\/?cat=1\" rel=\"category\">C\u0259miyy\u0259t<\/a>","rttpg_excerpt":"Heyd\u0259r \u018fliyev Fondunun vitse-prezidenti, IDEA \u0130ctimai Birliyinin t\u0259sis\u00e7isi v\u0259 r\u0259hb\u0259ri Leyla \u018fliyeva sosial media hesab\u0131nda Ramazan bayram\u0131 m\u00fcnasib\u0259til\u0259 payla\u015f\u0131m edib. ARANTV.AZ \u00a0x\u0259b\u0259r verir ki, payla\u015f\u0131mda deyilir: &#8220;Ramazan bayram\u0131n\u0131z m\u00fcbar\u0259k!&#8221;","_links":{"self":[{"href":"https:\/\/arantv.az\/index.php?rest_route=\/wp\/v2\/posts\/796236"}],"collection":[{"href":"https:\/\/arantv.az\/index.php?rest_route=\/wp\/v2\/posts"}],"about":[{"href":"https:\/\/arantv.az\/index.php?rest_route=\/wp\/v2\/types\/post"}],"author":[{"embeddable":true,"href":"https:\/\/arantv.az\/index.php?rest_route=\/wp\/v2\/users\/2"}],"replies":[{"embeddable":true,"href":"https:\/\/arantv.az\/index.php?rest_route=%2Fwp%2Fv2%2Fcomments&post=796236"}],"version-history":[{"count":1,"href":"https:\/\/arantv.az\/index.php?rest_route=\/wp\/v2\/posts\/796236\/revisions"}],"predecessor-version":[{"id":796238,"href":"https:\/\/arantv.az\/index.php?rest_route=\/wp\/v2\/posts\/796236\/revisions\/796238"}],"wp:featuredmedia":[{"embeddable":true,"href":"https:\/\/arantv.az\/index.php?rest_route=\/wp\/v2\/media\/796237"}],"wp:attachment":[{"href":"https:\/\/arantv.az\/index.php?rest_route=%2Fwp%2Fv2%2Fmedia&parent=796236"}],"wp:term":[{"taxonomy":"category","embeddable":true,"href":"https:\/\/arantv.az\/index.php?rest_route=%2Fwp%2Fv2%2Fcategories&post=796236"},{"taxonomy":"post_tag","embeddable":true,"href":"https:\/\/arantv.az\/index.php?rest_route=%2Fwp%2Fv2%2Ftags&post=796236"}],"curies":[{"name":"wp","href":"https:\/\/api.w.org\/{rel}","templated":true}]}}