{"id":796239,"date":"2025-03-30T10:25:35","date_gmt":"2025-03-30T06:25:35","guid":{"rendered":"https:\/\/arantv.az\/?p=796239"},"modified":"2025-03-30T10:25:35","modified_gmt":"2025-03-30T06:25:35","slug":"arzu-%c9%99liyeva-ramazan-bayrami-munasib%c9%99til%c9%99-paylasim-edib","status":"publish","type":"post","link":"https:\/\/arantv.az\/?p=796239","title":{"rendered":"Arzu \u018fliyeva Ramazan bayram\u0131 m\u00fcnasib\u0259til\u0259 payla\u015f\u0131m edib"},"content":{"rendered":"<div class=\"content lead font-weight-normal\">\n<p>Bak\u0131 Media M\u0259rk\u0259zinin prezidenti\u00a0Arzu \u018fliyeva\u00a0sosial media hesab\u0131nda Ramazan bayram\u0131 m\u00fcnasib\u0259til\u0259 payla\u015f\u0131m edib.<\/p>\n<p><strong>ARANTV.AZ x\u0259b\u0259r verir ki,<\/strong>\u00a0payla\u015f\u0131mda deyilir:<\/p>\n<p>&#8220;Ramazan bayram\u0131n\u0131z m\u00fcbar\u0259k!&#8221;<\/p>\n<p>&nbsp;<\/p>\n<p><iframe id=\"instagram-embed-0\" class=\"instagram-media instagram-media-rendered\" src=\"https:\/\/www.instagram.com\/reel\/DHyzA2iilQB\/embed\/captioned\/?cr=1&amp;v=14&amp;wp=540&amp;rd=https%3A%2F%2Fikisahil.az&amp;rp=%2Fpost%2F580817-arzu-eliyeva-ramazan-bayrami-munasibetile-paylashim-edib#%7B%22ci%22%3A0%2C%22os%22%3A690.9000000003725%2C%22ls%22%3A241.20000000018626%2C%22le%22%3A611.9000000003725%7D\" height=\"1005\" frameborder=\"0\" scrolling=\"no\" allowfullscreen=\"allowfullscreen\" data-instgrm-payload-id=\"instagram-media-payload-0\" data-mce-fragment=\"1\"><\/iframe>&nbsp;<\/p>\n<div class=\"clearfix\"><\/div>\n<\/div>\n<div class=\"sharing my-2 row no-gutters d-print-none\"><\/div>\n<div class=\"d-none d-sm-block\"><\/div>\n","protected":false},"excerpt":{"rendered":"<p>Bak\u0131 Media M\u0259rk\u0259zinin prezidenti\u00a0Arzu \u018fliyeva\u00a0sosial media hesab\u0131nda Ramazan bayram\u0131 m\u00fcnasib\u0259til\u0259 payla\u015f\u0131m edib. ARANTV.AZ x\u0259b\u0259r verir ki,\u00a0payla\u015f\u0131mda deyilir: &#8220;Ramazan bayram\u0131n\u0131z m\u00fcbar\u0259k!&#8221; &nbsp; &nbsp;<\/p>\n","protected":false},"author":2,"featured_media":796240,"comment_status":"closed","ping_status":"closed","sticky":false,"template":"","format":"standard","meta":{"om_disable_all_campaigns":false,"_monsterinsights_skip_tracking":false,"_monsterinsights_sitenote_active":false,"_monsterinsights_sitenote_note":"","_monsterinsights_sitenote_category":0},"categories":[1],"tags":[],"aioseo_notices":[],"gutentor_comment":0,"rttpg_featured_image_url":{"full":["https:\/\/arantv.az\/wp-content\/uploads\/2025\/03\/532923f1174236523547009965610615774-1.jpg",975,540,false],"landscape":["https:\/\/arantv.az\/wp-content\/uploads\/2025\/03\/532923f1174236523547009965610615774-1.jpg",975,540,false],"portraits":["https:\/\/arantv.az\/wp-content\/uploads\/2025\/03\/532923f1174236523547009965610615774-1.jpg",975,540,false],"thumbnail":["https:\/\/arantv.az\/wp-content\/uploads\/2025\/03\/532923f1174236523547009965610615774-1-500x280.jpg",500,280,true],"medium":["https:\/\/arantv.az\/wp-content\/uploads\/2025\/03\/532923f1174236523547009965610615774-1-660x365.jpg",660,365,true],"large":["https:\/\/arantv.az\/wp-content\/uploads\/2025\/03\/532923f1174236523547009965610615774-1-840x465.jpg",640,354,true],"1536x1536":["https:\/\/arantv.az\/wp-content\/uploads\/2025\/03\/532923f1174236523547009965610615774-1.jpg",975,540,false],"2048x2048":["https:\/\/arantv.az\/wp-content\/uploads\/2025\/03\/532923f1174236523547009965610615774-1.jpg",975,540,false],"post-thumbnail":["https:\/\/arantv.az\/wp-content\/uploads\/2025\/03\/532923f1174236523547009965610615774-1-240x172.jpg",240,172,true],"advps-thumb-one":["https:\/\/arantv.az\/wp-content\/uploads\/2025\/03\/532923f1174236523547009965610615774-1.jpg",975,540,false]},"rttpg_author":{"display_name":"V\u00fcsal Rafiqo\u011flu","author_link":"https:\/\/arantv.az\/?author=2"},"rttpg_comment":0,"rttpg_category":"<a href=\"https:\/\/arantv.az\/?cat=1\" rel=\"category\">C\u0259miyy\u0259t<\/a>","rttpg_excerpt":"Bak\u0131 Media M\u0259rk\u0259zinin prezidenti\u00a0Arzu \u018fliyeva\u00a0sosial media hesab\u0131nda Ramazan bayram\u0131 m\u00fcnasib\u0259til\u0259 payla\u015f\u0131m edib. ARANTV.AZ x\u0259b\u0259r verir ki,\u00a0payla\u015f\u0131mda deyilir: &#8220;Ramazan bayram\u0131n\u0131z m\u00fcbar\u0259k!&#8221; &nbsp; &nbsp;","_links":{"self":[{"href":"https:\/\/arantv.az\/index.php?rest_route=\/wp\/v2\/posts\/796239"}],"collection":[{"href":"https:\/\/arantv.az\/index.php?rest_route=\/wp\/v2\/posts"}],"about":[{"href":"https:\/\/arantv.az\/index.php?rest_route=\/wp\/v2\/types\/post"}],"author":[{"embeddable":true,"href":"https:\/\/arantv.az\/index.php?rest_route=\/wp\/v2\/users\/2"}],"replies":[{"embeddable":true,"href":"https:\/\/arantv.az\/index.php?rest_route=%2Fwp%2Fv2%2Fcomments&post=796239"}],"version-history":[{"count":2,"href":"https:\/\/arantv.az\/index.php?rest_route=\/wp\/v2\/posts\/796239\/revisions"}],"predecessor-version":[{"id":796242,"href":"https:\/\/arantv.az\/index.php?rest_route=\/wp\/v2\/posts\/796239\/revisions\/796242"}],"wp:featuredmedia":[{"embeddable":true,"href":"https:\/\/arantv.az\/index.php?rest_route=\/wp\/v2\/media\/796240"}],"wp:attachment":[{"href":"https:\/\/arantv.az\/index.php?rest_route=%2Fwp%2Fv2%2Fmedia&parent=796239"}],"wp:term":[{"taxonomy":"category","embeddable":true,"href":"https:\/\/arantv.az\/index.php?rest_route=%2Fwp%2Fv2%2Fcategories&post=796239"},{"taxonomy":"post_tag","embeddable":true,"href":"https:\/\/arantv.az\/index.php?rest_route=%2Fwp%2Fv2%2Ftags&post=796239"}],"curies":[{"name":"wp","href":"https:\/\/api.w.org\/{rel}","templated":true}]}}