{"id":796248,"date":"2025-03-30T11:34:33","date_gmt":"2025-03-30T07:34:33","guid":{"rendered":"https:\/\/arantv.az\/?p=796248"},"modified":"2025-03-30T11:34:33","modified_gmt":"2025-03-30T07:34:33","slug":"s%c9%99udiyy%c9%99-%c9%99r%c9%99bistani-krali-ilham-%c9%99liyevi-t%c9%99brik-etdi","status":"publish","type":"post","link":"https:\/\/arantv.az\/?p=796248","title":{"rendered":"S\u0259udiyy\u0259 \u018fr\u0259bistan\u0131 kral\u0131 \u0130lham \u018fliyevi t\u0259brik etdi"},"content":{"rendered":"<p><strong>\u0130ki M\u00fcq\u0259dd\u0259s Oca\u011f\u0131n Xadimi, S\u0259udiyy\u0259 \u018fr\u0259bistan\u0131n\u0131n Kral\u0131 Salman bin \u018fbd\u00fcl\u0259ziz Al S\u0259ud Az\u0259rbaycan Respublikas\u0131n\u0131n Prezidenti \u0130lham \u018fliyevi t\u0259brik edib.<\/strong><\/p>\n<p><strong>Musavat.com<\/strong>-un x\u0259b\u0259rin\u0259 g\u00f6r\u0259, t\u0259brikd\u0259 deyilir:<\/p>\n<p>&#8220;\u018fs-s\u0259lamu \u0259leykum v\u0259 r\u0259hm\u0259tullahi v\u0259 b\u0259r\u0259k\u0259tuhu.<\/p>\n<p>Zati-aliniz\u0259 m\u00fcbar\u0259k Ramazan bayram\u0131 m\u00fcnasib\u0259til\u0259 \u0259n s\u0259mimi t\u0259brikl\u0259rimizi v\u0259 xo\u015f arzular\u0131m\u0131z\u0131 \u00e7atd\u0131rmaqdan m\u0259mnunluq duyuruq. Siz\u0259 cansa\u011fl\u0131\u011f\u0131 v\u0259 xo\u015fb\u0259xtlik arzulay\u0131r\u0131q.<\/p>\n<p>Allahdan dil\u0259yirik ki, bu m\u00fcbar\u0259k bayramda Zati-aliniz\u0259 v\u0259 qarda\u015f xalq\u0131n\u0131za daha \u00e7ox t\u0259r\u0259qqi v\u0259 firavanl\u0131q n\u0259sib etsin, h\u0259m\u00e7inin \u0130slam \u00fcmm\u0259timizi q\u00fcdr\u0259tli v\u0259 sabit etsin.<\/p>\n<p>Zati-aliniz\u0259 salamlar\u0131m\u0131z\u0131 \u00e7atd\u0131r\u0131r v\u0259 ehtiram\u0131m\u0131z\u0131 bildiririk.<\/p>\n<p>Qarda\u015f\u0131n\u0131z,<\/p>\n<p>Salman bin \u018fbd\u00fcl\u0259ziz Al S\u0259ud<\/p>\n<p>\u0130ki M\u00fcq\u0259dd\u0259s Oca\u011f\u0131n Xadimi, S\u0259udiyy\u0259 \u018fr\u0259bistan\u0131n\u0131n Kral\u0131&#8221;.<\/p>\n","protected":false},"excerpt":{"rendered":"<p>\u0130ki M\u00fcq\u0259dd\u0259s Oca\u011f\u0131n Xadimi, S\u0259udiyy\u0259 \u018fr\u0259bistan\u0131n\u0131n Kral\u0131 Salman bin \u018fbd\u00fcl\u0259ziz Al S\u0259ud Az\u0259rbaycan Respublikas\u0131n\u0131n Prezidenti \u0130lham \u018fliyevi t\u0259brik edib. Musavat.com-un x\u0259b\u0259rin\u0259 g\u00f6r\u0259, t\u0259brikd\u0259 deyilir: &#8220;\u018fs-s\u0259lamu \u0259leykum v\u0259 r\u0259hm\u0259tullahi v\u0259 b\u0259r\u0259k\u0259tuhu. Zati-aliniz\u0259 m\u00fcbar\u0259k Ramazan bayram\u0131 m\u00fcnasib\u0259til\u0259 \u0259n s\u0259mimi t\u0259brikl\u0259rimizi v\u0259 xo\u015f arzular\u0131m\u0131z\u0131 \u00e7atd\u0131rmaqdan m\u0259mnunluq duyuruq. Siz\u0259 cansa\u011fl\u0131\u011f\u0131 v\u0259 xo\u015fb\u0259xtlik arzulay\u0131r\u0131q. Allahdan dil\u0259yirik ki, bu m\u00fcbar\u0259k bayramda Zati-aliniz\u0259 v\u0259 qarda\u015f xalq\u0131n\u0131za daha \u00e7ox t\u0259r\u0259qqi v\u0259 firavanl\u0131q n\u0259sib etsin, h\u0259m\u00e7inin \u0130slam \u00fcmm\u0259timizi q\u00fcdr\u0259tli v\u0259 sabit etsin. Zati-aliniz\u0259 salamlar\u0131m\u0131z\u0131 \u00e7atd\u0131r\u0131r v\u0259 ehtiram\u0131m\u0131z\u0131 bildiririk. Qarda\u015f\u0131n\u0131z, Salman bin \u018fbd\u00fcl\u0259ziz Al S\u0259ud \u0130ki M\u00fcq\u0259dd\u0259s Oca\u011f\u0131n Xadimi, S\u0259udiyy\u0259&hellip;<\/p>\n","protected":false},"author":2,"featured_media":796249,"comment_status":"closed","ping_status":"closed","sticky":false,"template":"","format":"standard","meta":{"om_disable_all_campaigns":false,"_monsterinsights_skip_tracking":false,"_monsterinsights_sitenote_active":false,"_monsterinsights_sitenote_note":"","_monsterinsights_sitenote_category":0},"categories":[4],"tags":[],"aioseo_notices":[],"gutentor_comment":0,"rttpg_featured_image_url":{"full":["https:\/\/arantv.az\/wp-content\/uploads\/2025\/03\/c552272b0e2d9b7f3c27a4ede131db2b.jpg",870,500,false],"landscape":["https:\/\/arantv.az\/wp-content\/uploads\/2025\/03\/c552272b0e2d9b7f3c27a4ede131db2b.jpg",870,500,false],"portraits":["https:\/\/arantv.az\/wp-content\/uploads\/2025\/03\/c552272b0e2d9b7f3c27a4ede131db2b.jpg",870,500,false],"thumbnail":["https:\/\/arantv.az\/wp-content\/uploads\/2025\/03\/c552272b0e2d9b7f3c27a4ede131db2b-500x280.jpg",500,280,true],"medium":["https:\/\/arantv.az\/wp-content\/uploads\/2025\/03\/c552272b0e2d9b7f3c27a4ede131db2b-635x365.jpg",635,365,true],"large":["https:\/\/arantv.az\/wp-content\/uploads\/2025\/03\/c552272b0e2d9b7f3c27a4ede131db2b-840x483.jpg",640,368,true],"1536x1536":["https:\/\/arantv.az\/wp-content\/uploads\/2025\/03\/c552272b0e2d9b7f3c27a4ede131db2b.jpg",870,500,false],"2048x2048":["https:\/\/arantv.az\/wp-content\/uploads\/2025\/03\/c552272b0e2d9b7f3c27a4ede131db2b.jpg",870,500,false],"post-thumbnail":["https:\/\/arantv.az\/wp-content\/uploads\/2025\/03\/c552272b0e2d9b7f3c27a4ede131db2b-240x172.jpg",240,172,true],"advps-thumb-one":["https:\/\/arantv.az\/wp-content\/uploads\/2025\/03\/c552272b0e2d9b7f3c27a4ede131db2b.jpg",870,500,false]},"rttpg_author":{"display_name":"V\u00fcsal Rafiqo\u011flu","author_link":"https:\/\/arantv.az\/?author=2"},"rttpg_comment":0,"rttpg_category":"<a href=\"https:\/\/arantv.az\/?cat=4\" rel=\"category\">Siyas\u0259t<\/a>","rttpg_excerpt":"\u0130ki M\u00fcq\u0259dd\u0259s Oca\u011f\u0131n Xadimi, S\u0259udiyy\u0259 \u018fr\u0259bistan\u0131n\u0131n Kral\u0131 Salman bin \u018fbd\u00fcl\u0259ziz Al S\u0259ud Az\u0259rbaycan Respublikas\u0131n\u0131n Prezidenti \u0130lham \u018fliyevi t\u0259brik edib. Musavat.com-un x\u0259b\u0259rin\u0259 g\u00f6r\u0259, t\u0259brikd\u0259 deyilir: &#8220;\u018fs-s\u0259lamu \u0259leykum v\u0259 r\u0259hm\u0259tullahi v\u0259 b\u0259r\u0259k\u0259tuhu. Zati-aliniz\u0259 m\u00fcbar\u0259k Ramazan bayram\u0131 m\u00fcnasib\u0259til\u0259 \u0259n s\u0259mimi t\u0259brikl\u0259rimizi v\u0259 xo\u015f arzular\u0131m\u0131z\u0131 \u00e7atd\u0131rmaqdan m\u0259mnunluq duyuruq. Siz\u0259 cansa\u011fl\u0131\u011f\u0131 v\u0259 xo\u015fb\u0259xtlik arzulay\u0131r\u0131q. Allahdan dil\u0259yirik ki, bu m\u00fcbar\u0259k bayramda&hellip;","_links":{"self":[{"href":"https:\/\/arantv.az\/index.php?rest_route=\/wp\/v2\/posts\/796248"}],"collection":[{"href":"https:\/\/arantv.az\/index.php?rest_route=\/wp\/v2\/posts"}],"about":[{"href":"https:\/\/arantv.az\/index.php?rest_route=\/wp\/v2\/types\/post"}],"author":[{"embeddable":true,"href":"https:\/\/arantv.az\/index.php?rest_route=\/wp\/v2\/users\/2"}],"replies":[{"embeddable":true,"href":"https:\/\/arantv.az\/index.php?rest_route=%2Fwp%2Fv2%2Fcomments&post=796248"}],"version-history":[{"count":2,"href":"https:\/\/arantv.az\/index.php?rest_route=\/wp\/v2\/posts\/796248\/revisions"}],"predecessor-version":[{"id":796251,"href":"https:\/\/arantv.az\/index.php?rest_route=\/wp\/v2\/posts\/796248\/revisions\/796251"}],"wp:featuredmedia":[{"embeddable":true,"href":"https:\/\/arantv.az\/index.php?rest_route=\/wp\/v2\/media\/796249"}],"wp:attachment":[{"href":"https:\/\/arantv.az\/index.php?rest_route=%2Fwp%2Fv2%2Fmedia&parent=796248"}],"wp:term":[{"taxonomy":"category","embeddable":true,"href":"https:\/\/arantv.az\/index.php?rest_route=%2Fwp%2Fv2%2Fcategories&post=796248"},{"taxonomy":"post_tag","embeddable":true,"href":"https:\/\/arantv.az\/index.php?rest_route=%2Fwp%2Fv2%2Ftags&post=796248"}],"curies":[{"name":"wp","href":"https:\/\/api.w.org\/{rel}","templated":true}]}}