{"id":796252,"date":"2025-03-30T11:35:23","date_gmt":"2025-03-30T07:35:23","guid":{"rendered":"https:\/\/arantv.az\/?p=796252"},"modified":"2025-03-30T11:35:23","modified_gmt":"2025-03-30T07:35:23","slug":"s%c9%99udiyy%c9%99-%c9%99r%c9%99bistani-kralliginin-v%c9%99li%c9%99hdi-ilham-%c9%99liyevi-t%c9%99brik-etdi","status":"publish","type":"post","link":"https:\/\/arantv.az\/?p=796252","title":{"rendered":"S\u0259udiyy\u0259 \u018fr\u0259bistan\u0131 Krall\u0131\u011f\u0131n\u0131n v\u0259li\u0259hdi \u0130lham \u018fliyevi T\u018fBR\u0130K ETD\u0130"},"content":{"rendered":"<p><strong>S\u0259udiyy\u0259 \u018fr\u0259bistan\u0131 Krall\u0131\u011f\u0131n\u0131n v\u0259li\u0259hdi, Ba\u015f nazir M\u0259h\u0259mm\u0259d bin Salman bin \u018fbd\u00fcl\u0259ziz Al S\u0259ud Az\u0259rbaycan Respublikas\u0131n\u0131n Prezidenti \u0130lham \u018fliyevi t\u0259brik edib.<\/strong><\/p>\n<p><strong>Musavat.com<\/strong>-un x\u0259b\u0259rin\u0259 g\u00f6r\u0259, t\u0259brikd\u0259 deyilir:<\/p>\n<p>&#8220;\u018fs-s\u0259lamu \u0259leykum v\u0259 r\u0259hm\u0259tullahi v\u0259 b\u0259r\u0259k\u0259tuhu.<\/p>\n<p>M\u00fcq\u0259dd\u0259s Ramazan bayram\u0131 m\u00fcnasib\u0259til\u0259 Zati-aliniz\u0259 \u0259n s\u0259mimi t\u0259brikl\u0259rimi v\u0259 \u0259n xo\u015f arzular\u0131m\u0131 \u00e7atd\u0131rmaqdan m\u0259mnunlu\u011fumu bildirir\u0259m. Siz\u0259 cansa\u011fl\u0131\u011f\u0131 v\u0259 s\u0259ad\u0259t dil\u0259yir\u0259m.<\/p>\n<p>Uca Allahdan bu m\u00fcbar\u0259k bayram\u0131n ham\u0131n\u0131za xeyir v\u0259 b\u0259r\u0259k\u0259t g\u0259tirm\u0259sini arzu edir\u0259m. H\u0259qiq\u0259t\u0259n O, dualar\u0131 e\u015fid\u0259n v\u0259 q\u0259bul ed\u0259ndir.<\/p>\n<p>Zati-alil\u0259ri, Siz\u0259 olan h\u00f6rm\u0259t v\u0259 ehtiram\u0131m\u0131 q\u0259bul etm\u0259yinizi xahi\u015f edir\u0259m&#8221;.<\/p>\n","protected":false},"excerpt":{"rendered":"<p>S\u0259udiyy\u0259 \u018fr\u0259bistan\u0131 Krall\u0131\u011f\u0131n\u0131n v\u0259li\u0259hdi, Ba\u015f nazir M\u0259h\u0259mm\u0259d bin Salman bin \u018fbd\u00fcl\u0259ziz Al S\u0259ud Az\u0259rbaycan Respublikas\u0131n\u0131n Prezidenti \u0130lham \u018fliyevi t\u0259brik edib. Musavat.com-un x\u0259b\u0259rin\u0259 g\u00f6r\u0259, t\u0259brikd\u0259 deyilir: &#8220;\u018fs-s\u0259lamu \u0259leykum v\u0259 r\u0259hm\u0259tullahi v\u0259 b\u0259r\u0259k\u0259tuhu. M\u00fcq\u0259dd\u0259s Ramazan bayram\u0131 m\u00fcnasib\u0259til\u0259 Zati-aliniz\u0259 \u0259n s\u0259mimi t\u0259brikl\u0259rimi v\u0259 \u0259n xo\u015f arzular\u0131m\u0131 \u00e7atd\u0131rmaqdan m\u0259mnunlu\u011fumu bildirir\u0259m. Siz\u0259 cansa\u011fl\u0131\u011f\u0131 v\u0259 s\u0259ad\u0259t dil\u0259yir\u0259m. Uca Allahdan bu m\u00fcbar\u0259k bayram\u0131n ham\u0131n\u0131za xeyir v\u0259 b\u0259r\u0259k\u0259t g\u0259tirm\u0259sini arzu edir\u0259m. H\u0259qiq\u0259t\u0259n O, dualar\u0131 e\u015fid\u0259n v\u0259 q\u0259bul ed\u0259ndir. Zati-alil\u0259ri, Siz\u0259 olan h\u00f6rm\u0259t v\u0259 ehtiram\u0131m\u0131 q\u0259bul etm\u0259yinizi xahi\u015f edir\u0259m&#8221;.<\/p>\n","protected":false},"author":2,"featured_media":796253,"comment_status":"closed","ping_status":"closed","sticky":false,"template":"","format":"standard","meta":{"om_disable_all_campaigns":false,"_monsterinsights_skip_tracking":false,"_monsterinsights_sitenote_active":false,"_monsterinsights_sitenote_note":"","_monsterinsights_sitenote_category":0},"categories":[4],"tags":[],"aioseo_notices":[],"gutentor_comment":0,"rttpg_featured_image_url":{"full":["https:\/\/arantv.az\/wp-content\/uploads\/2025\/03\/3190b0527f7a931af88a86296882cb25.jpg",870,500,false],"landscape":["https:\/\/arantv.az\/wp-content\/uploads\/2025\/03\/3190b0527f7a931af88a86296882cb25.jpg",870,500,false],"portraits":["https:\/\/arantv.az\/wp-content\/uploads\/2025\/03\/3190b0527f7a931af88a86296882cb25.jpg",870,500,false],"thumbnail":["https:\/\/arantv.az\/wp-content\/uploads\/2025\/03\/3190b0527f7a931af88a86296882cb25-500x280.jpg",500,280,true],"medium":["https:\/\/arantv.az\/wp-content\/uploads\/2025\/03\/3190b0527f7a931af88a86296882cb25-635x365.jpg",635,365,true],"large":["https:\/\/arantv.az\/wp-content\/uploads\/2025\/03\/3190b0527f7a931af88a86296882cb25-840x483.jpg",640,368,true],"1536x1536":["https:\/\/arantv.az\/wp-content\/uploads\/2025\/03\/3190b0527f7a931af88a86296882cb25.jpg",870,500,false],"2048x2048":["https:\/\/arantv.az\/wp-content\/uploads\/2025\/03\/3190b0527f7a931af88a86296882cb25.jpg",870,500,false],"post-thumbnail":["https:\/\/arantv.az\/wp-content\/uploads\/2025\/03\/3190b0527f7a931af88a86296882cb25-240x172.jpg",240,172,true],"advps-thumb-one":["https:\/\/arantv.az\/wp-content\/uploads\/2025\/03\/3190b0527f7a931af88a86296882cb25.jpg",870,500,false]},"rttpg_author":{"display_name":"V\u00fcsal Rafiqo\u011flu","author_link":"https:\/\/arantv.az\/?author=2"},"rttpg_comment":0,"rttpg_category":"<a href=\"https:\/\/arantv.az\/?cat=4\" rel=\"category\">Siyas\u0259t<\/a>","rttpg_excerpt":"S\u0259udiyy\u0259 \u018fr\u0259bistan\u0131 Krall\u0131\u011f\u0131n\u0131n v\u0259li\u0259hdi, Ba\u015f nazir M\u0259h\u0259mm\u0259d bin Salman bin \u018fbd\u00fcl\u0259ziz Al S\u0259ud Az\u0259rbaycan Respublikas\u0131n\u0131n Prezidenti \u0130lham \u018fliyevi t\u0259brik edib. Musavat.com-un x\u0259b\u0259rin\u0259 g\u00f6r\u0259, t\u0259brikd\u0259 deyilir: &#8220;\u018fs-s\u0259lamu \u0259leykum v\u0259 r\u0259hm\u0259tullahi v\u0259 b\u0259r\u0259k\u0259tuhu. M\u00fcq\u0259dd\u0259s Ramazan bayram\u0131 m\u00fcnasib\u0259til\u0259 Zati-aliniz\u0259 \u0259n s\u0259mimi t\u0259brikl\u0259rimi v\u0259 \u0259n xo\u015f arzular\u0131m\u0131 \u00e7atd\u0131rmaqdan m\u0259mnunlu\u011fumu bildirir\u0259m. Siz\u0259 cansa\u011fl\u0131\u011f\u0131 v\u0259 s\u0259ad\u0259t dil\u0259yir\u0259m. Uca Allahdan bu m\u00fcbar\u0259k&hellip;","_links":{"self":[{"href":"https:\/\/arantv.az\/index.php?rest_route=\/wp\/v2\/posts\/796252"}],"collection":[{"href":"https:\/\/arantv.az\/index.php?rest_route=\/wp\/v2\/posts"}],"about":[{"href":"https:\/\/arantv.az\/index.php?rest_route=\/wp\/v2\/types\/post"}],"author":[{"embeddable":true,"href":"https:\/\/arantv.az\/index.php?rest_route=\/wp\/v2\/users\/2"}],"replies":[{"embeddable":true,"href":"https:\/\/arantv.az\/index.php?rest_route=%2Fwp%2Fv2%2Fcomments&post=796252"}],"version-history":[{"count":2,"href":"https:\/\/arantv.az\/index.php?rest_route=\/wp\/v2\/posts\/796252\/revisions"}],"predecessor-version":[{"id":796255,"href":"https:\/\/arantv.az\/index.php?rest_route=\/wp\/v2\/posts\/796252\/revisions\/796255"}],"wp:featuredmedia":[{"embeddable":true,"href":"https:\/\/arantv.az\/index.php?rest_route=\/wp\/v2\/media\/796253"}],"wp:attachment":[{"href":"https:\/\/arantv.az\/index.php?rest_route=%2Fwp%2Fv2%2Fmedia&parent=796252"}],"wp:term":[{"taxonomy":"category","embeddable":true,"href":"https:\/\/arantv.az\/index.php?rest_route=%2Fwp%2Fv2%2Fcategories&post=796252"},{"taxonomy":"post_tag","embeddable":true,"href":"https:\/\/arantv.az\/index.php?rest_route=%2Fwp%2Fv2%2Ftags&post=796252"}],"curies":[{"name":"wp","href":"https:\/\/api.w.org\/{rel}","templated":true}]}}