{"id":796256,"date":"2025-03-30T11:37:11","date_gmt":"2025-03-30T07:37:11","guid":{"rendered":"https:\/\/arantv.az\/?p=796256"},"modified":"2025-03-30T11:37:11","modified_gmt":"2025-03-30T07:37:11","slug":"martin-30-da-umumdunya-bipolyar-pozuntu-gunu-qeyd-olunur","status":"publish","type":"post","link":"https:\/\/arantv.az\/?p=796256","title":{"rendered":"Mart\u0131n 30-da \u00dcmumd\u00fcnya Bipolyar Pozuntu G\u00fcn\u00fc qeyd olunur"},"content":{"rendered":"<p>H\u0259r il mart\u0131n 30-da qlobal s\u0259hiyy\u0259 icmas\u0131 t\u0259r\u0259find\u0259n qeyd olunan \u00dcmumd\u00fcnya Bipolyar G\u00fcn\u00fc 2025-ci ild\u0259 b\u00fct\u00fcn d\u00fcnya ictimaiyy\u0259tinin m\u0259lumatland\u0131r\u0131lmas\u0131 m\u0259qs\u0259dil\u0259 sosial median\u0131n imkanlar\u0131ndan daha geni\u015f istifad\u0259y\u0259 h\u0259sr olunub.<\/p>\n<p><a class=\"azertac-link\" href=\"https:\/\/azertag.az\/\" target=\"_blank\" rel=\"noopener\">AZ\u018fRTAC<\/a>\u00a0x\u0259b\u0259r verir ki, \u00dcmumd\u00fcnya Bipolyar Pozuntu G\u00fcn\u00fc b\u00fct\u00fcn d\u00fcnyada bipolyar v\u0259ziyy\u0259tl\u0259r haqq\u0131nda m\u0259lumatl\u0131l\u0131\u011f\u0131 art\u0131rmaq v\u0259 insanlar\u0131 maarifl\u0259ndirm\u0259k, habel\u0259 bu v\u0259ziyy\u0259ti anlamaqda k\u00f6m\u0259k etm\u0259kl\u0259 yana\u015f\u0131, sosial stiqman\u0131 aradan qald\u0131rmaq istiqam\u0259tind\u0259 f\u0259aliyy\u0259ti n\u0259z\u0259rd\u0259 tutur.<\/p>\n<p>Bipolyar poz\u011funluq depressiya v\u0259 ya mani epizodlar\u0131 olan poz\u011funluqdan \u0259ziyy\u0259t \u00e7\u0259k\u0259n bir insan\u0131n \u0259hvali-ruhiyy\u0259sin\u0259 t\u0259sir edir, bir ifrat v\u0259ziyy\u0259td\u0259n dig\u0259rin\u0259 do\u011fru d\u0259yi\u015f\u0259 bilir. Manik-depressiv x\u0259st\u0259lik kimi d\u0259 tan\u0131nan bipolyar poz\u011funlu\u011fu olan insanlar \u00f6z h\u0259yatlar\u0131n\u0131 \u0259h\u0259miyy\u0259tli d\u0259r\u0259c\u0259d\u0259 pozma\u011fa meyllidirl\u0259r. Bununla bel\u0259, x\u0259st\u0259liyin m\u00fcalic\u0259sin\u0259 k\u00f6m\u0259k ed\u0259n bir ne\u00e7\u0259 d\u0259rman var.<\/p>\n<p>\u00dcmumd\u00fcnya Bipolyar Pozuntu G\u00fcn\u00fc m\u0259\u015fhur holland r\u0259ssam\u0131 Vinsent Van Qoqun do\u011fum g\u00fcn\u00fc il\u0259 ba\u011fl\u0131 \u0259sis edilib. Bu dahi \u015f\u0259xsiyy\u0259t bipolyar pozuntudan \u0259ziyy\u0259t \u00e7\u0259kib v\u0259 x\u0259st\u0259liyin \u0259lam\u0259tl\u0259ri onun yarad\u0131c\u0131l\u0131\u011f\u0131nda \u00f6z\u00fcn\u00fc b\u00fcruz\u0259 verib.<\/p>\n<p>Beyn\u0259lxalq Bipolyar Pozuntu Fondunun m\u0259lumat\u0131nda qeyd edilib ki, m\u00fcxt\u0259lif dinl\u0259r\u0259 m\u0259nsub insanlar\u0131n bahar bayramlar\u0131n\u0131 qeyd etdikl\u0259ri \u015f\u0259raitd\u0259 diqq\u0259ti bu problem\u0259 \u00e7\u0259km\u0259k \u00e7ox vacibdir. \u018fsas m\u0259qs\u0259d is\u0259 bipolyar x\u0259st\u0259likd\u0259n \u0259ziyy\u0259t \u00e7\u0259k\u0259n insanlar\u0131n d\u00fczg\u00fcn m\u00fcalic\u0259si v\u0259 onlar\u0131n rahat h\u0259yat t\u0259rzinin t\u0259min edilm\u0259sidir.<\/p>\n<p>Bipolyar pozuntu eyni insanda m\u00fc\u0259yy\u0259n bir vaxtlarda depressiya v\u0259ziyy\u0259ti &#8211; \u0259hvali-ruhiyy\u0259nin a\u015fa\u011f\u0131 olmas\u0131, davaml\u0131 yor\u011funluq v\u0259 h\u0259v\u0259ssizlik hissi, ba\u015fqa vaxtlarda is\u0259 y\u00fcks\u0259k enerji v\u0259 ifrat d\u0259r\u0259c\u0259d\u0259 h\u0259v\u0259s, g\u00fccl\u00fc \u0259m\u0259k qabiliyy\u0259ti il\u0259 m\u00fc\u015fayi\u0259t olunan psixi pozuntudur. Bu k\u0259skin f\u0259rql\u0259r bir-birini \u0259v\u0259z ed\u0259r\u0259k x\u0259st\u0259y\u0259 ciddi \u015f\u0259kild\u0259 \u0259zab verir. Bel\u0259 ki, eyni insan bir m\u00fcdd\u0259t \u00f6z\u00fcn\u00fc d\u00fcnyan\u0131n en g\u00fccl\u00fcs\u00fc v\u0259 xo\u015fb\u0259xti, b\u0259z\u0259n is\u0259 \u00e7ox b\u0259db\u0259xt hiss edir.<\/p>\n<p>M\u00fct\u0259x\u0259ssisl\u0259r bipolyar x\u0259st\u0259l\u0259r aras\u0131nda intihar hallar\u0131n\u0131n da \u00e7ox oldu\u011funu iddia edirl\u0259r. Pozuntunun vaxt\u0131nda a\u015fkarlanmas\u0131 v\u0259 effektiv m\u00fcalic\u0259 insan\u0131 normal h\u0259yata qaytar\u0131r.<\/p>\n","protected":false},"excerpt":{"rendered":"<p>H\u0259r il mart\u0131n 30-da qlobal s\u0259hiyy\u0259 icmas\u0131 t\u0259r\u0259find\u0259n qeyd olunan \u00dcmumd\u00fcnya Bipolyar G\u00fcn\u00fc 2025-ci ild\u0259 b\u00fct\u00fcn d\u00fcnya ictimaiyy\u0259tinin m\u0259lumatland\u0131r\u0131lmas\u0131 m\u0259qs\u0259dil\u0259 sosial median\u0131n imkanlar\u0131ndan daha geni\u015f istifad\u0259y\u0259 h\u0259sr olunub. AZ\u018fRTAC\u00a0x\u0259b\u0259r verir ki, \u00dcmumd\u00fcnya Bipolyar Pozuntu G\u00fcn\u00fc b\u00fct\u00fcn d\u00fcnyada bipolyar v\u0259ziyy\u0259tl\u0259r haqq\u0131nda m\u0259lumatl\u0131l\u0131\u011f\u0131 art\u0131rmaq v\u0259 insanlar\u0131 maarifl\u0259ndirm\u0259k, habel\u0259 bu v\u0259ziyy\u0259ti anlamaqda k\u00f6m\u0259k etm\u0259kl\u0259 yana\u015f\u0131, sosial stiqman\u0131 aradan qald\u0131rmaq istiqam\u0259tind\u0259 f\u0259aliyy\u0259ti n\u0259z\u0259rd\u0259 tutur. Bipolyar poz\u011funluq depressiya v\u0259 ya mani epizodlar\u0131 olan poz\u011funluqdan \u0259ziyy\u0259t \u00e7\u0259k\u0259n bir insan\u0131n \u0259hvali-ruhiyy\u0259sin\u0259 t\u0259sir edir, bir ifrat v\u0259ziyy\u0259td\u0259n dig\u0259rin\u0259 do\u011fru d\u0259yi\u015f\u0259 bilir. Manik-depressiv x\u0259st\u0259lik kimi d\u0259 tan\u0131nan bipolyar poz\u011funlu\u011fu&hellip;<\/p>\n","protected":false},"author":2,"featured_media":796257,"comment_status":"closed","ping_status":"closed","sticky":false,"template":"","format":"standard","meta":{"om_disable_all_campaigns":false,"_monsterinsights_skip_tracking":false,"_monsterinsights_sitenote_active":false,"_monsterinsights_sitenote_note":"","_monsterinsights_sitenote_category":0},"categories":[1],"tags":[],"aioseo_notices":[],"gutentor_comment":0,"rttpg_featured_image_url":{"full":["https:\/\/arantv.az\/wp-content\/uploads\/2025\/03\/17433182456170758496_1200x630.jpg",923,630,false],"landscape":["https:\/\/arantv.az\/wp-content\/uploads\/2025\/03\/17433182456170758496_1200x630.jpg",923,630,false],"portraits":["https:\/\/arantv.az\/wp-content\/uploads\/2025\/03\/17433182456170758496_1200x630.jpg",923,630,false],"thumbnail":["https:\/\/arantv.az\/wp-content\/uploads\/2025\/03\/17433182456170758496_1200x630-500x280.jpg",500,280,true],"medium":["https:\/\/arantv.az\/wp-content\/uploads\/2025\/03\/17433182456170758496_1200x630-535x365.jpg",535,365,true],"large":["https:\/\/arantv.az\/wp-content\/uploads\/2025\/03\/17433182456170758496_1200x630-840x573.jpg",640,437,true],"1536x1536":["https:\/\/arantv.az\/wp-content\/uploads\/2025\/03\/17433182456170758496_1200x630.jpg",923,630,false],"2048x2048":["https:\/\/arantv.az\/wp-content\/uploads\/2025\/03\/17433182456170758496_1200x630.jpg",923,630,false],"post-thumbnail":["https:\/\/arantv.az\/wp-content\/uploads\/2025\/03\/17433182456170758496_1200x630-240x172.jpg",240,172,true],"advps-thumb-one":["https:\/\/arantv.az\/wp-content\/uploads\/2025\/03\/17433182456170758496_1200x630-923x620.jpg",923,620,true]},"rttpg_author":{"display_name":"V\u00fcsal Rafiqo\u011flu","author_link":"https:\/\/arantv.az\/?author=2"},"rttpg_comment":0,"rttpg_category":"<a href=\"https:\/\/arantv.az\/?cat=1\" rel=\"category\">C\u0259miyy\u0259t<\/a>","rttpg_excerpt":"H\u0259r il mart\u0131n 30-da qlobal s\u0259hiyy\u0259 icmas\u0131 t\u0259r\u0259find\u0259n qeyd olunan \u00dcmumd\u00fcnya Bipolyar G\u00fcn\u00fc 2025-ci ild\u0259 b\u00fct\u00fcn d\u00fcnya ictimaiyy\u0259tinin m\u0259lumatland\u0131r\u0131lmas\u0131 m\u0259qs\u0259dil\u0259 sosial median\u0131n imkanlar\u0131ndan daha geni\u015f istifad\u0259y\u0259 h\u0259sr olunub. AZ\u018fRTAC\u00a0x\u0259b\u0259r verir ki, \u00dcmumd\u00fcnya Bipolyar Pozuntu G\u00fcn\u00fc b\u00fct\u00fcn d\u00fcnyada bipolyar v\u0259ziyy\u0259tl\u0259r haqq\u0131nda m\u0259lumatl\u0131l\u0131\u011f\u0131 art\u0131rmaq v\u0259 insanlar\u0131 maarifl\u0259ndirm\u0259k, habel\u0259 bu v\u0259ziyy\u0259ti anlamaqda k\u00f6m\u0259k etm\u0259kl\u0259 yana\u015f\u0131, sosial stiqman\u0131 aradan&hellip;","_links":{"self":[{"href":"https:\/\/arantv.az\/index.php?rest_route=\/wp\/v2\/posts\/796256"}],"collection":[{"href":"https:\/\/arantv.az\/index.php?rest_route=\/wp\/v2\/posts"}],"about":[{"href":"https:\/\/arantv.az\/index.php?rest_route=\/wp\/v2\/types\/post"}],"author":[{"embeddable":true,"href":"https:\/\/arantv.az\/index.php?rest_route=\/wp\/v2\/users\/2"}],"replies":[{"embeddable":true,"href":"https:\/\/arantv.az\/index.php?rest_route=%2Fwp%2Fv2%2Fcomments&post=796256"}],"version-history":[{"count":1,"href":"https:\/\/arantv.az\/index.php?rest_route=\/wp\/v2\/posts\/796256\/revisions"}],"predecessor-version":[{"id":796258,"href":"https:\/\/arantv.az\/index.php?rest_route=\/wp\/v2\/posts\/796256\/revisions\/796258"}],"wp:featuredmedia":[{"embeddable":true,"href":"https:\/\/arantv.az\/index.php?rest_route=\/wp\/v2\/media\/796257"}],"wp:attachment":[{"href":"https:\/\/arantv.az\/index.php?rest_route=%2Fwp%2Fv2%2Fmedia&parent=796256"}],"wp:term":[{"taxonomy":"category","embeddable":true,"href":"https:\/\/arantv.az\/index.php?rest_route=%2Fwp%2Fv2%2Fcategories&post=796256"},{"taxonomy":"post_tag","embeddable":true,"href":"https:\/\/arantv.az\/index.php?rest_route=%2Fwp%2Fv2%2Ftags&post=796256"}],"curies":[{"name":"wp","href":"https:\/\/api.w.org\/{rel}","templated":true}]}}