{"id":796260,"date":"2025-03-30T13:29:45","date_gmt":"2025-03-30T09:29:45","guid":{"rendered":"https:\/\/arantv.az\/?p=796260"},"modified":"2025-03-30T13:29:45","modified_gmt":"2025-03-30T09:29:45","slug":"ramazan-bayraminda-bunlari-etm%c9%99k-olmaz-%c9%99n-vacib-qaydalar","status":"publish","type":"post","link":"https:\/\/arantv.az\/?p=796260","title":{"rendered":"Ramazan bayram\u0131nda bunlar\u0131 etm\u0259k olmaz \u2013 \u018fn vacib qaydalar"},"content":{"rendered":"<p><strong>Ramazan bayram\u0131 m\u00fcs\u0259lman d\u00fcnyas\u0131nda birlik, payla\u015fma v\u0259 sevincin simvoludur.\u00a0<\/strong>Lakin bu m\u00fcq\u0259dd\u0259s g\u00fcnd\u0259 b\u0259zi qaydalara \u0259m\u0259l etm\u0259k vacibdir. B\u0259s bayramda hans\u0131 h\u0259r\u0259k\u0259tl\u0259rd\u0259n \u00e7\u0259kinm\u0259k laz\u0131md\u0131r.<\/p>\n<p>S\u00f6z\u00fcged\u0259n qaydalar\u0131 t\u0259qdim edirik:<\/p>\n<p><strong>1. Bayram\u0131n ilk g\u00fcn\u00fc oruc tutmaq olmaz<\/strong><\/p>\n<p>Ramazan bayram\u0131n\u0131n ilk g\u00fcn\u00fc oruc tutmaq qada\u011fand\u0131r. \u00c7\u00fcnki bu g\u00fcn, Allah\u0131n m\u00fcs\u0259lmanlara b\u0259x\u015f etdiyi nem\u0259tl\u0259rd\u0259n faydalanma v\u0259 bayram sevinci ya\u015fama g\u00fcn\u00fcd\u00fcr.<\/p>\n<p><strong>2. Fitr\u0259 z\u0259kat\u0131n\u0131 gecikdirm\u0259k g\u00fcnah say\u0131l\u0131r<\/strong><\/p>\n<p>Fitr\u0259 s\u0259d\u0259q\u0259si bayram namaz\u0131ndan \u0259vv\u0259l verilm\u0259lidir. \u018fg\u0259r bu gecikdiril\u0259rs\u0259, fitr\u0259nin savab\u0131 azal\u0131r v\u0259 g\u00fcnah hesab edilir. Bu z\u0259kat\u0131n m\u0259qs\u0259di kas\u0131blar\u0131n da bayram sevincini ya\u015famas\u0131n\u0131 t\u0259min etm\u0259kdir.<\/p>\n<p><strong>3. Bayram namaz\u0131n\u0131 t\u0259rk etm\u0259k<\/strong><\/p>\n<p>Bayram namaz\u0131 \u0130slamda b\u00f6y\u00fck \u00f6n\u0259m da\u015f\u0131yan s\u00fcnn\u0259t namaz\u0131d\u0131r. M\u00fcs\u0259lmanlar bu namaz\u0131 q\u0131lmaq \u00fc\u00e7\u00fcn m\u0259scidl\u0259r\u0259 topla\u015fmal\u0131 v\u0259 birlikd\u0259 dua etm\u0259lidirl\u0259r. Ciddi s\u0259b\u0259b olmadan bayram namaz\u0131n\u0131 t\u0259rk etm\u0259k do\u011fru deyil.<\/p>\n<p><strong>4. Ail\u0259 v\u0259 qohumlar\u0131 unutmaq<\/strong><\/p>\n<p>Ramazan bayram\u0131 insanlar\u0131 bir araya g\u0259tir\u0259n m\u00fcq\u0259dd\u0259s g\u00fcnd\u00fcr. X\u00fcsusil\u0259 d\u0259 ya\u015fl\u0131 qohumlar\u0131 v\u0259 ehtiyac\u0131 olanlar\u0131 unutmaq bayram\u0131n ruhuna uy\u011fun deyil. Bu g\u00fcn ail\u0259 ba\u011flar\u0131n\u0131 m\u00f6hk\u0259ml\u0259ndirm\u0259k v\u0259 k\u00fcs\u00fcl\u00fcl\u0259ri bar\u0131\u015fd\u0131rmaq \u00fc\u00e7\u00fcn ideal f\u00fcrs\u0259tdir.<\/p>\n<p><strong>5. \u0130sraf\u00e7\u0131l\u0131q\u00a0<\/strong><\/p>\n<p>Bayram s\u00fcfr\u0259l\u0259ri ad\u0259t\u0259n z\u0259ngin olur, lakin israf\u00e7\u0131l\u0131q \u0130slamda b\u0259y\u0259nilmir. Art\u0131q yem\u0259kl\u0259rin israf edilm\u0259m\u0259sin\u0259 v\u0259 ehtiyac\u0131 olan insanlarla payla\u015f\u0131lmas\u0131na diqq\u0259t etm\u0259k laz\u0131md\u0131r.<\/p>\n<p>Bu qaydalara \u0259m\u0259l ed\u0259r\u0259k, Ramazan bayram\u0131n\u0131 daha m\u0259nal\u0131 v\u0259 savab qazanaraq ke\u00e7irm\u0259k m\u00fcmk\u00fcnd\u00fcr.\/\/BAKU.WS<\/p>\n","protected":false},"excerpt":{"rendered":"<p>Ramazan bayram\u0131 m\u00fcs\u0259lman d\u00fcnyas\u0131nda birlik, payla\u015fma v\u0259 sevincin simvoludur.\u00a0Lakin bu m\u00fcq\u0259dd\u0259s g\u00fcnd\u0259 b\u0259zi qaydalara \u0259m\u0259l etm\u0259k vacibdir. B\u0259s bayramda hans\u0131 h\u0259r\u0259k\u0259tl\u0259rd\u0259n \u00e7\u0259kinm\u0259k laz\u0131md\u0131r. S\u00f6z\u00fcged\u0259n qaydalar\u0131 t\u0259qdim edirik: 1. Bayram\u0131n ilk g\u00fcn\u00fc oruc tutmaq olmaz Ramazan bayram\u0131n\u0131n ilk g\u00fcn\u00fc oruc tutmaq qada\u011fand\u0131r. \u00c7\u00fcnki bu g\u00fcn, Allah\u0131n m\u00fcs\u0259lmanlara b\u0259x\u015f etdiyi nem\u0259tl\u0259rd\u0259n faydalanma v\u0259 bayram sevinci ya\u015fama g\u00fcn\u00fcd\u00fcr. 2. Fitr\u0259 z\u0259kat\u0131n\u0131 gecikdirm\u0259k g\u00fcnah say\u0131l\u0131r Fitr\u0259 s\u0259d\u0259q\u0259si bayram namaz\u0131ndan \u0259vv\u0259l verilm\u0259lidir. \u018fg\u0259r bu gecikdiril\u0259rs\u0259, fitr\u0259nin savab\u0131 azal\u0131r v\u0259 g\u00fcnah hesab edilir. Bu z\u0259kat\u0131n m\u0259qs\u0259di kas\u0131blar\u0131n da bayram sevincini ya\u015famas\u0131n\u0131 t\u0259min etm\u0259kdir. 3. Bayram namaz\u0131n\u0131&hellip;<\/p>\n","protected":false},"author":2,"featured_media":796261,"comment_status":"closed","ping_status":"closed","sticky":false,"template":"","format":"standard","meta":{"om_disable_all_campaigns":false,"_monsterinsights_skip_tracking":false,"_monsterinsights_sitenote_active":false,"_monsterinsights_sitenote_note":"","_monsterinsights_sitenote_category":0},"categories":[19],"tags":[],"aioseo_notices":[],"gutentor_comment":0,"rttpg_featured_image_url":{"full":["https:\/\/arantv.az\/wp-content\/uploads\/2025\/03\/a4cbf493911e62a443dc3c18de89b4ba.jpg",750,422,false],"landscape":["https:\/\/arantv.az\/wp-content\/uploads\/2025\/03\/a4cbf493911e62a443dc3c18de89b4ba.jpg",750,422,false],"portraits":["https:\/\/arantv.az\/wp-content\/uploads\/2025\/03\/a4cbf493911e62a443dc3c18de89b4ba.jpg",750,422,false],"thumbnail":["https:\/\/arantv.az\/wp-content\/uploads\/2025\/03\/a4cbf493911e62a443dc3c18de89b4ba-500x280.jpg",500,280,true],"medium":["https:\/\/arantv.az\/wp-content\/uploads\/2025\/03\/a4cbf493911e62a443dc3c18de89b4ba-649x365.jpg",649,365,true],"large":["https:\/\/arantv.az\/wp-content\/uploads\/2025\/03\/a4cbf493911e62a443dc3c18de89b4ba.jpg",640,360,false],"1536x1536":["https:\/\/arantv.az\/wp-content\/uploads\/2025\/03\/a4cbf493911e62a443dc3c18de89b4ba.jpg",750,422,false],"2048x2048":["https:\/\/arantv.az\/wp-content\/uploads\/2025\/03\/a4cbf493911e62a443dc3c18de89b4ba.jpg",750,422,false],"post-thumbnail":["https:\/\/arantv.az\/wp-content\/uploads\/2025\/03\/a4cbf493911e62a443dc3c18de89b4ba-240x172.jpg",240,172,true],"advps-thumb-one":["https:\/\/arantv.az\/wp-content\/uploads\/2025\/03\/a4cbf493911e62a443dc3c18de89b4ba.jpg",750,422,false]},"rttpg_author":{"display_name":"V\u00fcsal Rafiqo\u011flu","author_link":"https:\/\/arantv.az\/?author=2"},"rttpg_comment":0,"rttpg_category":"<a href=\"https:\/\/arantv.az\/?cat=19\" rel=\"category\">G\u00fcnd\u0259m<\/a>","rttpg_excerpt":"Ramazan bayram\u0131 m\u00fcs\u0259lman d\u00fcnyas\u0131nda birlik, payla\u015fma v\u0259 sevincin simvoludur.\u00a0Lakin bu m\u00fcq\u0259dd\u0259s g\u00fcnd\u0259 b\u0259zi qaydalara \u0259m\u0259l etm\u0259k vacibdir. B\u0259s bayramda hans\u0131 h\u0259r\u0259k\u0259tl\u0259rd\u0259n \u00e7\u0259kinm\u0259k laz\u0131md\u0131r. S\u00f6z\u00fcged\u0259n qaydalar\u0131 t\u0259qdim edirik: 1. Bayram\u0131n ilk g\u00fcn\u00fc oruc tutmaq olmaz Ramazan bayram\u0131n\u0131n ilk g\u00fcn\u00fc oruc tutmaq qada\u011fand\u0131r. \u00c7\u00fcnki bu g\u00fcn, Allah\u0131n m\u00fcs\u0259lmanlara b\u0259x\u015f etdiyi nem\u0259tl\u0259rd\u0259n faydalanma v\u0259 bayram sevinci ya\u015fama g\u00fcn\u00fcd\u00fcr.&hellip;","_links":{"self":[{"href":"https:\/\/arantv.az\/index.php?rest_route=\/wp\/v2\/posts\/796260"}],"collection":[{"href":"https:\/\/arantv.az\/index.php?rest_route=\/wp\/v2\/posts"}],"about":[{"href":"https:\/\/arantv.az\/index.php?rest_route=\/wp\/v2\/types\/post"}],"author":[{"embeddable":true,"href":"https:\/\/arantv.az\/index.php?rest_route=\/wp\/v2\/users\/2"}],"replies":[{"embeddable":true,"href":"https:\/\/arantv.az\/index.php?rest_route=%2Fwp%2Fv2%2Fcomments&post=796260"}],"version-history":[{"count":2,"href":"https:\/\/arantv.az\/index.php?rest_route=\/wp\/v2\/posts\/796260\/revisions"}],"predecessor-version":[{"id":796263,"href":"https:\/\/arantv.az\/index.php?rest_route=\/wp\/v2\/posts\/796260\/revisions\/796263"}],"wp:featuredmedia":[{"embeddable":true,"href":"https:\/\/arantv.az\/index.php?rest_route=\/wp\/v2\/media\/796261"}],"wp:attachment":[{"href":"https:\/\/arantv.az\/index.php?rest_route=%2Fwp%2Fv2%2Fmedia&parent=796260"}],"wp:term":[{"taxonomy":"category","embeddable":true,"href":"https:\/\/arantv.az\/index.php?rest_route=%2Fwp%2Fv2%2Fcategories&post=796260"},{"taxonomy":"post_tag","embeddable":true,"href":"https:\/\/arantv.az\/index.php?rest_route=%2Fwp%2Fv2%2Ftags&post=796260"}],"curies":[{"name":"wp","href":"https:\/\/api.w.org\/{rel}","templated":true}]}}