{"id":796282,"date":"2025-03-30T13:34:52","date_gmt":"2025-03-30T09:34:52","guid":{"rendered":"https:\/\/arantv.az\/?p=796282"},"modified":"2025-03-30T13:34:52","modified_gmt":"2025-03-30T09:34:52","slug":"allahsukur-pasazad%c9%99nin-s%c9%99hh%c9%99tind%c9%99-problem-yaranib-bayram-namazina-qatila-bilm%c9%99di","status":"publish","type":"post","link":"https:\/\/arantv.az\/?p=796282","title":{"rendered":"Allah\u015f\u00fck\u00fcr Pa\u015fazad\u0259nin s\u0259hh\u0259tind\u0259 problem yaran\u0131b &#8211; Bayram namaz\u0131na qat\u0131la bilm\u0259di"},"content":{"rendered":"<p><strong>Qafqaz M\u00fcs\u0259lmanlar\u0131 \u0130dar\u0259sinin (QM\u0130) s\u0259dri, \u015eeyx\u00fclislam Hac\u0131 Allah\u015f\u00fck\u00fcr Pa\u015fazad\u0259 \u0259vv\u0259lki ill\u0259rd\u0259n f\u0259rqli olaraq builki Ramazan bayram\u0131 namaz\u0131nda i\u015ftirak etm\u0259yib.<\/strong><\/p>\n<p>Teleqraf-\u0131n m\u0259lumatl\u0131 m\u0259nb\u0259l\u0259rd\u0259n \u0259ld\u0259 etdiyi x\u0259b\u0259r\u0259 g\u00f6r\u0259, buna s\u0259b\u0259b A.Pa\u015fazad\u0259nin s\u0259hh\u0259tind\u0259 probleml\u0259r yaranmas\u0131d\u0131r.<\/p>\n<p>Haz\u0131rda QM\u0130 s\u0259dri onur\u011fa s\u00fctununda yaranan a\u011fr\u0131lardan \u0259ziyy\u0259t \u00e7\u0259kir. Bel\u0259 bir v\u0259ziyy\u0259t onun h\u0259r\u0259k\u0259t qabiliyy\u0259tinin qism\u0259n m\u0259hdudla\u015fmas\u0131na s\u0259b\u0259b olub. Buna g\u00f6r\u0259 d\u0259, dini lider bayram namaz\u0131na qat\u0131la bilm\u0259yib.<\/p>\n<p>Qeyd ed\u0259k ki, bu g\u00fcn Az\u0259rbaycanda Ramazan bayram\u0131d\u0131r. Bak\u0131n\u0131n \u018fjd\u0259rb\u0259y m\u0259scidind\u0259 bayram namaz\u0131 QM\u0130 s\u0259drinin birinci m\u00fcavini m\u00fcfti Hac\u0131 Salman Musayevin imam\u0259tliyi il\u0259 q\u0131l\u0131n\u0131b.<\/p>\n<p>T\u0259z\u0259pir m\u0259scidind\u0259 is\u0259 bayram namaz\u0131na ad\u0131\u00e7\u0259kil\u0259n ibad\u0259t oca\u011f\u0131n\u0131n imam\u0131 Hac\u0131 Faiz Na\u011f\u0131zad\u0259 r\u0259hb\u0259rlik edib.<\/p>\n<p>Xat\u0131rladaq ki, Allah\u015f\u00fck\u00fcr Pa\u015fazad\u0259 1949-cu il avqustun 26-da L\u0259nk\u0259ran rayonunun Cil k\u0259ndind\u0259 do\u011fulub. O, 1980-ci ild\u0259n Qafqaz M\u00fcs\u0259lmanlar\u0131 \u0130dar\u0259sinin s\u0259dridir.<\/p>\n","protected":false},"excerpt":{"rendered":"<p>Qafqaz M\u00fcs\u0259lmanlar\u0131 \u0130dar\u0259sinin (QM\u0130) s\u0259dri, \u015eeyx\u00fclislam Hac\u0131 Allah\u015f\u00fck\u00fcr Pa\u015fazad\u0259 \u0259vv\u0259lki ill\u0259rd\u0259n f\u0259rqli olaraq builki Ramazan bayram\u0131 namaz\u0131nda i\u015ftirak etm\u0259yib. Teleqraf-\u0131n m\u0259lumatl\u0131 m\u0259nb\u0259l\u0259rd\u0259n \u0259ld\u0259 etdiyi x\u0259b\u0259r\u0259 g\u00f6r\u0259, buna s\u0259b\u0259b A.Pa\u015fazad\u0259nin s\u0259hh\u0259tind\u0259 probleml\u0259r yaranmas\u0131d\u0131r. Haz\u0131rda QM\u0130 s\u0259dri onur\u011fa s\u00fctununda yaranan a\u011fr\u0131lardan \u0259ziyy\u0259t \u00e7\u0259kir. Bel\u0259 bir v\u0259ziyy\u0259t onun h\u0259r\u0259k\u0259t qabiliyy\u0259tinin qism\u0259n m\u0259hdudla\u015fmas\u0131na s\u0259b\u0259b olub. Buna g\u00f6r\u0259 d\u0259, dini lider bayram namaz\u0131na qat\u0131la bilm\u0259yib. Qeyd ed\u0259k ki, bu g\u00fcn Az\u0259rbaycanda Ramazan bayram\u0131d\u0131r. Bak\u0131n\u0131n \u018fjd\u0259rb\u0259y m\u0259scidind\u0259 bayram namaz\u0131 QM\u0130 s\u0259drinin birinci m\u00fcavini m\u00fcfti Hac\u0131 Salman Musayevin imam\u0259tliyi il\u0259 q\u0131l\u0131n\u0131b. T\u0259z\u0259pir m\u0259scidind\u0259 is\u0259 bayram namaz\u0131na ad\u0131\u00e7\u0259kil\u0259n&hellip;<\/p>\n","protected":false},"author":2,"featured_media":796283,"comment_status":"closed","ping_status":"closed","sticky":false,"template":"","format":"standard","meta":{"om_disable_all_campaigns":false,"_monsterinsights_skip_tracking":false,"_monsterinsights_sitenote_active":false,"_monsterinsights_sitenote_note":"","_monsterinsights_sitenote_category":0},"categories":[1],"tags":[],"aioseo_notices":[],"gutentor_comment":0,"rttpg_featured_image_url":{"full":["https:\/\/arantv.az\/wp-content\/uploads\/2025\/03\/2deb3ca06d6d30f59a84974e6e5b4ebc.jpg",800,450,false],"landscape":["https:\/\/arantv.az\/wp-content\/uploads\/2025\/03\/2deb3ca06d6d30f59a84974e6e5b4ebc.jpg",800,450,false],"portraits":["https:\/\/arantv.az\/wp-content\/uploads\/2025\/03\/2deb3ca06d6d30f59a84974e6e5b4ebc.jpg",800,450,false],"thumbnail":["https:\/\/arantv.az\/wp-content\/uploads\/2025\/03\/2deb3ca06d6d30f59a84974e6e5b4ebc-500x280.jpg",500,280,true],"medium":["https:\/\/arantv.az\/wp-content\/uploads\/2025\/03\/2deb3ca06d6d30f59a84974e6e5b4ebc-649x365.jpg",649,365,true],"large":["https:\/\/arantv.az\/wp-content\/uploads\/2025\/03\/2deb3ca06d6d30f59a84974e6e5b4ebc.jpg",640,360,false],"1536x1536":["https:\/\/arantv.az\/wp-content\/uploads\/2025\/03\/2deb3ca06d6d30f59a84974e6e5b4ebc.jpg",800,450,false],"2048x2048":["https:\/\/arantv.az\/wp-content\/uploads\/2025\/03\/2deb3ca06d6d30f59a84974e6e5b4ebc.jpg",800,450,false],"post-thumbnail":["https:\/\/arantv.az\/wp-content\/uploads\/2025\/03\/2deb3ca06d6d30f59a84974e6e5b4ebc-240x172.jpg",240,172,true],"advps-thumb-one":["https:\/\/arantv.az\/wp-content\/uploads\/2025\/03\/2deb3ca06d6d30f59a84974e6e5b4ebc.jpg",800,450,false]},"rttpg_author":{"display_name":"V\u00fcsal Rafiqo\u011flu","author_link":"https:\/\/arantv.az\/?author=2"},"rttpg_comment":0,"rttpg_category":"<a href=\"https:\/\/arantv.az\/?cat=1\" rel=\"category\">C\u0259miyy\u0259t<\/a>","rttpg_excerpt":"Qafqaz M\u00fcs\u0259lmanlar\u0131 \u0130dar\u0259sinin (QM\u0130) s\u0259dri, \u015eeyx\u00fclislam Hac\u0131 Allah\u015f\u00fck\u00fcr Pa\u015fazad\u0259 \u0259vv\u0259lki ill\u0259rd\u0259n f\u0259rqli olaraq builki Ramazan bayram\u0131 namaz\u0131nda i\u015ftirak etm\u0259yib. Teleqraf-\u0131n m\u0259lumatl\u0131 m\u0259nb\u0259l\u0259rd\u0259n \u0259ld\u0259 etdiyi x\u0259b\u0259r\u0259 g\u00f6r\u0259, buna s\u0259b\u0259b A.Pa\u015fazad\u0259nin s\u0259hh\u0259tind\u0259 probleml\u0259r yaranmas\u0131d\u0131r. Haz\u0131rda QM\u0130 s\u0259dri onur\u011fa s\u00fctununda yaranan a\u011fr\u0131lardan \u0259ziyy\u0259t \u00e7\u0259kir. Bel\u0259 bir v\u0259ziyy\u0259t onun h\u0259r\u0259k\u0259t qabiliyy\u0259tinin qism\u0259n m\u0259hdudla\u015fmas\u0131na s\u0259b\u0259b olub. Buna g\u00f6r\u0259 d\u0259, dini&hellip;","_links":{"self":[{"href":"https:\/\/arantv.az\/index.php?rest_route=\/wp\/v2\/posts\/796282"}],"collection":[{"href":"https:\/\/arantv.az\/index.php?rest_route=\/wp\/v2\/posts"}],"about":[{"href":"https:\/\/arantv.az\/index.php?rest_route=\/wp\/v2\/types\/post"}],"author":[{"embeddable":true,"href":"https:\/\/arantv.az\/index.php?rest_route=\/wp\/v2\/users\/2"}],"replies":[{"embeddable":true,"href":"https:\/\/arantv.az\/index.php?rest_route=%2Fwp%2Fv2%2Fcomments&post=796282"}],"version-history":[{"count":1,"href":"https:\/\/arantv.az\/index.php?rest_route=\/wp\/v2\/posts\/796282\/revisions"}],"predecessor-version":[{"id":796284,"href":"https:\/\/arantv.az\/index.php?rest_route=\/wp\/v2\/posts\/796282\/revisions\/796284"}],"wp:featuredmedia":[{"embeddable":true,"href":"https:\/\/arantv.az\/index.php?rest_route=\/wp\/v2\/media\/796283"}],"wp:attachment":[{"href":"https:\/\/arantv.az\/index.php?rest_route=%2Fwp%2Fv2%2Fmedia&parent=796282"}],"wp:term":[{"taxonomy":"category","embeddable":true,"href":"https:\/\/arantv.az\/index.php?rest_route=%2Fwp%2Fv2%2Fcategories&post=796282"},{"taxonomy":"post_tag","embeddable":true,"href":"https:\/\/arantv.az\/index.php?rest_route=%2Fwp%2Fv2%2Ftags&post=796282"}],"curies":[{"name":"wp","href":"https:\/\/api.w.org\/{rel}","templated":true}]}}