{"id":796285,"date":"2025-03-30T13:36:32","date_gmt":"2025-03-30T09:36:32","guid":{"rendered":"https:\/\/arantv.az\/?p=796285"},"modified":"2025-03-30T13:36:32","modified_gmt":"2025-03-30T09:36:32","slug":"novruzun-%c9%99sl-adi-yaz-v%c9%99-ya-boyuk-bayramdir-q%c9%99rbi-az%c9%99rbaycan-xronikasi","status":"publish","type":"post","link":"https:\/\/arantv.az\/?p=796285","title":{"rendered":"&#8220;Novruzun \u0259sl ad\u0131 Yaz v\u0259 ya B\u00f6y\u00fck bayramd\u0131r&#8221; \u2013 Q\u0259rbi Az\u0259rbaycan Xronikas\u0131"},"content":{"rendered":"<p>Q\u0259rbi Az\u0259rbaycan Xronikas\u0131 layih\u0259si \u00e7\u0259r\u00e7iv\u0259sind\u0259 s\u0259n\u0259t\u015f\u00fcnasl\u0131q \u00fczr\u0259 f\u0259ls\u0259f\u0259 doktoru El\u00e7in \u018flib\u0259ylinin t\u0259qdimat\u0131nda &#8220;\u0130rsimiz&#8221; rubrikas\u0131n\u0131n n\u00f6vb\u0259ti burax\u0131l\u0131\u015f\u0131 haz\u0131rlan\u0131b.<\/p>\n<p>&#8220;Report&#8221;\u00a0<a title=\"xeberler son xeberler 2025\" href=\"https:\/\/big.az\/\" target=\"_blank\" rel=\"noopener\">x\u0259b\u0259r<\/a>\u00a0verir ki, &#8220;Bayram\u0131n folklor m\u0259tnl\u0259ri saxtala\u015fd\u0131r\u0131l\u0131b&#8221; adl\u0131 burax\u0131l\u0131\u015fda filologiya \u00fczr\u0259 f\u0259ls\u0259f\u0259 doktoru, dosent L\u0259man Vaqifq\u0131z\u0131 Novruz \u00e7\u0259r\u015f\u0259nb\u0259l\u0259rind\u0259n v\u0259 inanclardan s\u00f6z a\u00e7\u0131b.<\/p>\n<p>O bildirib ki, Ax\u0131r \u00e7\u0259r\u015f\u0259nb\u0259 Novruzdan daha \u0259h\u0259miyy\u0259tlidir: &#8220;\u00c7\u0259r\u015f\u0259nb\u0259l\u0259r t\u0259nt\u0259n\u0259li \u015f\u0259kild\u0259 qeyd olunmamal\u0131d\u0131r. C\u0259ml\u0259 say\u0131 3-d\u00fcr v\u0259 suya, havaya, torpa\u011fa d\u00fc\u015f\u00fcr. T\u0259qvim inanc\u0131n\u0131n \u0259sas\u0131nda t\u0259bi\u0259tin \u00f6l\u00fcb-dirilm\u0259si dayan\u0131r. \u00c7il\u0259 be\u00e7\u0259l\u0259ri \u0259slind\u0259 bu m\u0259nan\u0131 verir. \u0130l ruzili ke\u00e7sin dey\u0259, X\u0131d\u0131r \u0259sas\u0131 x\u0259\u015fil\u0259 d\u0259ym\u0259lidir. X\u0131d\u0131r x\u0259\u015fili il\u0259 fala bax\u0131l\u0131r v\u0259 d\u00fcz \u00e7\u0131x\u0131r. Qar\u011fa x\u0259\u015fili kimin evin\u0259 aparsa, q\u0131z ora \u0259r\u0259 ged\u0259c\u0259k&#8221;.<\/p>\n<p>Onun s\u00f6zl\u0259rin\u0259 g\u00f6r\u0259, Novruzun \u0259sl ad\u0131 Yaz v\u0259 ya B\u00f6y\u00fck bayramd\u0131r v\u0259 Q\u0131z\u0131lba\u015f inanclar\u0131 bayrama daxil olub v\u0259 bayram\u0131n folklor m\u0259tnl\u0259ri saxtala\u015fd\u0131r\u0131l\u0131b.<\/p>\n<p>L.Vaqifq\u0131z\u0131 \u0130lax\u0131r \u00e7\u0259r\u015f\u0259nb\u0259nin hans\u0131 s\u0259b\u0259bd\u0259n daha m\u00f6ht\u0259\u015f\u0259m ke\u00e7irilm\u0259sin\u0259, \u00e7\u0259r\u015f\u0259nb\u0259l\u0259rin ad\u0131n\u0131n nec\u0259 qeyd olunmas\u0131na, q\u0259br \u00fcst\u00fcn\u0259 hans\u0131 tarixd\u0259 gedilm\u0259sin\u0259 ayd\u0131nl\u0131q g\u0259tirib v\u0259 h\u0259zr\u0259ti \u018flinin taxta \u00e7\u0131xd\u0131\u011f\u0131 q\u0131rm\u0131z\u0131 g\u00fcn\u00fcn izah\u0131n\u0131 verib.<\/p>\n<p>Xat\u0131rladaq ki, Q\u0259rbi Az\u0259rbaycan Xronikas\u0131 layih\u0259sinin m\u0259qs\u0259di tarixi torpaqlar\u0131m\u0131z\u0131n ad\u0131n\u0131n ya\u015fad\u0131lmas\u0131, tan\u0131d\u0131lmas\u0131, h\u0259m\u00e7inin az\u0259rbaycanl\u0131lar\u0131n erm\u0259nil\u0259r t\u0259r\u0259find\u0259n deportasiyaya m\u0259ruz qoyulmas\u0131ndan, h\u0259min \u0259razil\u0259rd\u0259 m\u00f6vcud olmu\u015f, lakin ad\u0131 silin\u0259n toponiml\u0259rin, says\u0131z-hesabs\u0131z yeralt\u0131 v\u0259 yer\u00fcst\u00fc maddi m\u0259d\u0259niyy\u0259t n\u00fcmun\u0259l\u0259ri \u2013 q\u0259dim ya\u015fay\u0131\u015f m\u0259sk\u0259nl\u0259ri, nekropollar, kurqanlar, qala, saray v\u0259 istehkam qal\u0131qlar\u0131, karvansaralar, k\u00f6rp\u00fcl\u0259r, q\u0259bir\u00fcst\u00fc s\u0259nduq\u0259l\u0259r, xa\u00e7da\u015flar, at-qo\u00e7 heyk\u0259ll\u0259ri, m\u0259b\u0259d, kils\u0259, m\u0259scid, pir v\u0259 ocaqlar\u0131n \u00fcz\u0259 \u00e7\u0131xar\u0131lmas\u0131, h\u0259min \u0259razinin t\u0259miz o\u011fuz-t\u00fcrk m\u0259sk\u0259nl\u0259ri oldu\u011funu t\u0259sdiq ed\u0259n faktlar\u0131n d\u00fcnya ictimaiyy\u0259tin\u0259 \u00e7atd\u0131r\u0131lmas\u0131d\u0131r.<\/p>\n<p>H\u0259m\u00e7inin Prezident \u0130lham \u018fliyevin Q\u0259rbi Az\u0259rbaycanla ba\u011fl\u0131 dediyi &#8220;XX \u0259srin \u0259vv\u0259ll\u0259rin\u0259 t\u0259sad\u00fcf ed\u0259n x\u0259rit\u0259 bir daha onu g\u00f6st\u0259rir ki, Q\u0259rbi Az\u0259rbaycan tarixi Az\u0259rbaycan diyar\u0131d\u0131r, \u015f\u0259h\u0259rl\u0259rin, k\u0259ndl\u0259rin adlar\u0131 Az\u0259rbaycan m\u0259n\u015f\u0259lidir v\u0259 biz yax\u015f\u0131 bilirik ki, indiki Erm\u0259nistan \u0259razisind\u0259 tarix boyu Az\u0259rbaycan xalq\u0131 ya\u015fay\u0131b. \u0130ndi \u0259sas v\u0259zif\u0259 ondan ibar\u0259tdir ki, d\u00fcnya ictimaiyy\u0259ti d\u0259 bunu bilsin&#8221;, \u2013 fikrini \u0259sas tutaraq, Q\u0259rbi Az\u0259rbaycan \u0130cmas\u0131n\u0131n haz\u0131rlad\u0131\u011f\u0131 Qay\u0131d\u0131\u015f Konsepsiyas\u0131ndan ir\u0259li g\u0259l\u0259n v\u0259zif\u0259l\u0259rin t\u0259bli\u011fidir.<\/p>\n<p>Bundan \u0259lav\u0259, Q\u0259rbi Az\u0259rbaycanla ba\u011fl\u0131 tarix\u00e7il\u0259rin, ara\u015fd\u0131rma\u00e7\u0131lar\u0131n d\u00fc\u015f\u00fcnc\u0259l\u0259rini, deportasiyaya m\u0259ruz qalm\u0131\u015f \u015f\u0259xsl\u0259rin h\u0259yat hekay\u0259sini i\u015f\u0131qland\u0131rmaqd\u0131r.<\/p>\n<div class=\"embed-responsive embed-responsive-16by9\"><iframe loading=\"lazy\" id=\"nmqembedid\" class=\"embed-responsive-item\" title=\"video player\" src=\"https:\/\/www.youtube.com\/embed\/pE15XoeY7mM?rel=0&amp;wmode=transparent\" width=\"600\" height=\"340\" frameborder=\"0\" scrolling=\"no\" allowfullscreen=\"allowfullscreen\" data-mce-fragment=\"1\"><\/iframe><\/div>\n","protected":false},"excerpt":{"rendered":"<p>Q\u0259rbi Az\u0259rbaycan Xronikas\u0131 layih\u0259si \u00e7\u0259r\u00e7iv\u0259sind\u0259 s\u0259n\u0259t\u015f\u00fcnasl\u0131q \u00fczr\u0259 f\u0259ls\u0259f\u0259 doktoru El\u00e7in \u018flib\u0259ylinin t\u0259qdimat\u0131nda &#8220;\u0130rsimiz&#8221; rubrikas\u0131n\u0131n n\u00f6vb\u0259ti burax\u0131l\u0131\u015f\u0131 haz\u0131rlan\u0131b. &#8220;Report&#8221;\u00a0x\u0259b\u0259r\u00a0verir ki, &#8220;Bayram\u0131n folklor m\u0259tnl\u0259ri saxtala\u015fd\u0131r\u0131l\u0131b&#8221; adl\u0131 burax\u0131l\u0131\u015fda filologiya \u00fczr\u0259 f\u0259ls\u0259f\u0259 doktoru, dosent L\u0259man Vaqifq\u0131z\u0131 Novruz \u00e7\u0259r\u015f\u0259nb\u0259l\u0259rind\u0259n v\u0259 inanclardan s\u00f6z a\u00e7\u0131b. O bildirib ki, Ax\u0131r \u00e7\u0259r\u015f\u0259nb\u0259 Novruzdan daha \u0259h\u0259miyy\u0259tlidir: &#8220;\u00c7\u0259r\u015f\u0259nb\u0259l\u0259r t\u0259nt\u0259n\u0259li \u015f\u0259kild\u0259 qeyd olunmamal\u0131d\u0131r. C\u0259ml\u0259 say\u0131 3-d\u00fcr v\u0259 suya, havaya, torpa\u011fa d\u00fc\u015f\u00fcr. T\u0259qvim inanc\u0131n\u0131n \u0259sas\u0131nda t\u0259bi\u0259tin \u00f6l\u00fcb-dirilm\u0259si dayan\u0131r. \u00c7il\u0259 be\u00e7\u0259l\u0259ri \u0259slind\u0259 bu m\u0259nan\u0131 verir. \u0130l ruzili ke\u00e7sin dey\u0259, X\u0131d\u0131r \u0259sas\u0131 x\u0259\u015fil\u0259 d\u0259ym\u0259lidir. X\u0131d\u0131r x\u0259\u015fili il\u0259 fala bax\u0131l\u0131r v\u0259 d\u00fcz \u00e7\u0131x\u0131r. Qar\u011fa x\u0259\u015fili kimin&hellip;<\/p>\n","protected":false},"author":2,"featured_media":796286,"comment_status":"closed","ping_status":"closed","sticky":false,"template":"","format":"standard","meta":{"om_disable_all_campaigns":false,"_monsterinsights_skip_tracking":false,"_monsterinsights_sitenote_active":false,"_monsterinsights_sitenote_note":"","_monsterinsights_sitenote_category":0},"categories":[1],"tags":[],"aioseo_notices":[],"gutentor_comment":0,"rttpg_featured_image_url":{"full":["https:\/\/arantv.az\/wp-content\/uploads\/2025\/03\/ba38c410-10a1-3821-9fc5-fa9615e29b15_850.jpg",650,405,false],"landscape":["https:\/\/arantv.az\/wp-content\/uploads\/2025\/03\/ba38c410-10a1-3821-9fc5-fa9615e29b15_850.jpg",650,405,false],"portraits":["https:\/\/arantv.az\/wp-content\/uploads\/2025\/03\/ba38c410-10a1-3821-9fc5-fa9615e29b15_850.jpg",650,405,false],"thumbnail":["https:\/\/arantv.az\/wp-content\/uploads\/2025\/03\/ba38c410-10a1-3821-9fc5-fa9615e29b15_850-500x280.jpg",500,280,true],"medium":["https:\/\/arantv.az\/wp-content\/uploads\/2025\/03\/ba38c410-10a1-3821-9fc5-fa9615e29b15_850-586x365.jpg",586,365,true],"large":["https:\/\/arantv.az\/wp-content\/uploads\/2025\/03\/ba38c410-10a1-3821-9fc5-fa9615e29b15_850.jpg",640,399,false],"1536x1536":["https:\/\/arantv.az\/wp-content\/uploads\/2025\/03\/ba38c410-10a1-3821-9fc5-fa9615e29b15_850.jpg",650,405,false],"2048x2048":["https:\/\/arantv.az\/wp-content\/uploads\/2025\/03\/ba38c410-10a1-3821-9fc5-fa9615e29b15_850.jpg",650,405,false],"post-thumbnail":["https:\/\/arantv.az\/wp-content\/uploads\/2025\/03\/ba38c410-10a1-3821-9fc5-fa9615e29b15_850-240x172.jpg",240,172,true],"advps-thumb-one":["https:\/\/arantv.az\/wp-content\/uploads\/2025\/03\/ba38c410-10a1-3821-9fc5-fa9615e29b15_850.jpg",650,405,false]},"rttpg_author":{"display_name":"V\u00fcsal Rafiqo\u011flu","author_link":"https:\/\/arantv.az\/?author=2"},"rttpg_comment":0,"rttpg_category":"<a href=\"https:\/\/arantv.az\/?cat=1\" rel=\"category\">C\u0259miyy\u0259t<\/a>","rttpg_excerpt":"Q\u0259rbi Az\u0259rbaycan Xronikas\u0131 layih\u0259si \u00e7\u0259r\u00e7iv\u0259sind\u0259 s\u0259n\u0259t\u015f\u00fcnasl\u0131q \u00fczr\u0259 f\u0259ls\u0259f\u0259 doktoru El\u00e7in \u018flib\u0259ylinin t\u0259qdimat\u0131nda &#8220;\u0130rsimiz&#8221; rubrikas\u0131n\u0131n n\u00f6vb\u0259ti burax\u0131l\u0131\u015f\u0131 haz\u0131rlan\u0131b. &#8220;Report&#8221;\u00a0x\u0259b\u0259r\u00a0verir ki, &#8220;Bayram\u0131n folklor m\u0259tnl\u0259ri saxtala\u015fd\u0131r\u0131l\u0131b&#8221; adl\u0131 burax\u0131l\u0131\u015fda filologiya \u00fczr\u0259 f\u0259ls\u0259f\u0259 doktoru, dosent L\u0259man Vaqifq\u0131z\u0131 Novruz \u00e7\u0259r\u015f\u0259nb\u0259l\u0259rind\u0259n v\u0259 inanclardan s\u00f6z a\u00e7\u0131b. O bildirib ki, Ax\u0131r \u00e7\u0259r\u015f\u0259nb\u0259 Novruzdan daha \u0259h\u0259miyy\u0259tlidir: &#8220;\u00c7\u0259r\u015f\u0259nb\u0259l\u0259r t\u0259nt\u0259n\u0259li \u015f\u0259kild\u0259 qeyd olunmamal\u0131d\u0131r. C\u0259ml\u0259 say\u0131 3-d\u00fcr v\u0259&hellip;","_links":{"self":[{"href":"https:\/\/arantv.az\/index.php?rest_route=\/wp\/v2\/posts\/796285"}],"collection":[{"href":"https:\/\/arantv.az\/index.php?rest_route=\/wp\/v2\/posts"}],"about":[{"href":"https:\/\/arantv.az\/index.php?rest_route=\/wp\/v2\/types\/post"}],"author":[{"embeddable":true,"href":"https:\/\/arantv.az\/index.php?rest_route=\/wp\/v2\/users\/2"}],"replies":[{"embeddable":true,"href":"https:\/\/arantv.az\/index.php?rest_route=%2Fwp%2Fv2%2Fcomments&post=796285"}],"version-history":[{"count":2,"href":"https:\/\/arantv.az\/index.php?rest_route=\/wp\/v2\/posts\/796285\/revisions"}],"predecessor-version":[{"id":796288,"href":"https:\/\/arantv.az\/index.php?rest_route=\/wp\/v2\/posts\/796285\/revisions\/796288"}],"wp:featuredmedia":[{"embeddable":true,"href":"https:\/\/arantv.az\/index.php?rest_route=\/wp\/v2\/media\/796286"}],"wp:attachment":[{"href":"https:\/\/arantv.az\/index.php?rest_route=%2Fwp%2Fv2%2Fmedia&parent=796285"}],"wp:term":[{"taxonomy":"category","embeddable":true,"href":"https:\/\/arantv.az\/index.php?rest_route=%2Fwp%2Fv2%2Fcategories&post=796285"},{"taxonomy":"post_tag","embeddable":true,"href":"https:\/\/arantv.az\/index.php?rest_route=%2Fwp%2Fv2%2Ftags&post=796285"}],"curies":[{"name":"wp","href":"https:\/\/api.w.org\/{rel}","templated":true}]}}