{"id":796297,"date":"2025-03-30T16:49:34","date_gmt":"2025-03-30T12:49:34","guid":{"rendered":"https:\/\/arantv.az\/?p=796297"},"modified":"2025-03-30T16:49:34","modified_gmt":"2025-03-30T12:49:34","slug":"sahbaz-s%c9%99rif-ilham-%c9%99liyevi-v%c9%99-az%c9%99rbaycan-xalqini-ramazan-bayrami-munasib%c9%99til%c9%99-t%c9%99brik-edib","status":"publish","type":"post","link":"https:\/\/arantv.az\/?p=796297","title":{"rendered":"\u015eahbaz \u015e\u0259rif \u0130lham \u018fliyevi v\u0259 Az\u0259rbaycan xalq\u0131n\u0131 Ramazan bayram\u0131 m\u00fcnasib\u0259til\u0259 t\u0259brik edib"},"content":{"rendered":"<p><strong>Mart\u0131n 30-da Az\u0259rbaycan Prezidenti \u0130lham \u018fliyevl\u0259 Pakistan\u0131n Ba\u015f naziri M\u0259h\u0259mm\u0259d \u015eahbaz \u015e\u0259rif aras\u0131nda telefon dan\u0131\u015f\u0131\u011f\u0131 olub.<\/strong><\/p>\n<p><strong>ARANTV.AZ <\/strong>\u00a0x\u0259b\u0259r verir ki, bu bar\u0259d\u0259 Az\u0259rbaycan Prezidentinin M\u0259tbuat Xidm\u0259ti m\u0259lumat yay\u0131b.<\/p>\n<p>Pakistan\u0131n Ba\u015f naziri d\u00f6vl\u0259timizin ba\u015f\u00e7\u0131s\u0131n\u0131 v\u0259 Az\u0259rbaycan xalq\u0131n\u0131 m\u00fcq\u0259dd\u0259s Ramazan bayram\u0131 m\u00fcnasib\u0259til\u0259 t\u0259brik ed\u0259r\u0259k, \u0259n xo\u015f arzular\u0131n\u0131 \u00e7atd\u0131r\u0131b.<\/p>\n<p>T\u0259brikl\u0259r\u0259 g\u00f6r\u0259 minn\u0259tdarl\u0131\u011f\u0131n\u0131 bildir\u0259n Prezident \u0130lham \u018fliyev \u00f6z n\u00f6vb\u0259sind\u0259 M\u0259h\u0259mm\u0259d \u015eahbaz \u015e\u0259rifi v\u0259 Pakistan xalq\u0131n\u0131 bayram m\u00fcnasib\u0259til\u0259 t\u0259brik edib, qarda\u015f Pakistana firavanl\u0131q v\u0259 ruzi-b\u0259r\u0259k\u0259t arzulay\u0131b.<\/p>\n<p>Pakistan\u0131n Ba\u015f naziri t\u0259brikl\u0259r\u0259 g\u00f6r\u0259 t\u0259\u015f\u0259kk\u00fcr\u00fcn\u00fc bildirib.<\/p>\n<p>M\u0259h\u0259mm\u0259d \u015eahbaz \u015e\u0259rif bu il \u00f6lk\u0259miz\u0259 d\u00f6vl\u0259t s\u0259f\u0259rini v\u0259 Prezident \u0130lham \u018fliyev il\u0259 apard\u0131\u011f\u0131 m\u00fczakir\u0259l\u0259ri m\u0259mnunluqla xat\u0131rlay\u0131b, s\u0259f\u0259r \u00e7\u0259r\u00e7iv\u0259sind\u0259 verilmi\u015f tap\u015f\u0131r\u0131qlara uy\u011fun olaraq aidiyy\u0259ti d\u00f6vl\u0259t qurumlar\u0131 t\u0259r\u0259find\u0259n ikit\u0259r\u0259fli \u0259m\u0259kda\u015fl\u0131\u011f\u0131n inki\u015faf\u0131 istiqam\u0259tind\u0259 f\u0259aliyy\u0259tin davam etdirildiyini qeyd edib.<\/p>\n<p>Telefon s\u00f6hb\u0259ti zaman\u0131 d\u00f6vl\u0259t ba\u015f\u00e7\u0131lar\u0131 \u00f6lk\u0259l\u0259rimiz aras\u0131nda iqtisadi, ticar\u0259t, enerji, s\u0259rmay\u0259l\u0259r v\u0259 dig\u0259r sah\u0259l\u0259rd\u0259 \u0259m\u0259kda\u015fl\u0131\u011f\u0131n inki\u015faf\u0131na dair m\u00fczakir\u0259l\u0259r apar\u0131blar.<\/p>\n","protected":false},"excerpt":{"rendered":"<p>Mart\u0131n 30-da Az\u0259rbaycan Prezidenti \u0130lham \u018fliyevl\u0259 Pakistan\u0131n Ba\u015f naziri M\u0259h\u0259mm\u0259d \u015eahbaz \u015e\u0259rif aras\u0131nda telefon dan\u0131\u015f\u0131\u011f\u0131 olub. ARANTV.AZ \u00a0x\u0259b\u0259r verir ki, bu bar\u0259d\u0259 Az\u0259rbaycan Prezidentinin M\u0259tbuat Xidm\u0259ti m\u0259lumat yay\u0131b. Pakistan\u0131n Ba\u015f naziri d\u00f6vl\u0259timizin ba\u015f\u00e7\u0131s\u0131n\u0131 v\u0259 Az\u0259rbaycan xalq\u0131n\u0131 m\u00fcq\u0259dd\u0259s Ramazan bayram\u0131 m\u00fcnasib\u0259til\u0259 t\u0259brik ed\u0259r\u0259k, \u0259n xo\u015f arzular\u0131n\u0131 \u00e7atd\u0131r\u0131b. T\u0259brikl\u0259r\u0259 g\u00f6r\u0259 minn\u0259tdarl\u0131\u011f\u0131n\u0131 bildir\u0259n Prezident \u0130lham \u018fliyev \u00f6z n\u00f6vb\u0259sind\u0259 M\u0259h\u0259mm\u0259d \u015eahbaz \u015e\u0259rifi v\u0259 Pakistan xalq\u0131n\u0131 bayram m\u00fcnasib\u0259til\u0259 t\u0259brik edib, qarda\u015f Pakistana firavanl\u0131q v\u0259 ruzi-b\u0259r\u0259k\u0259t arzulay\u0131b. Pakistan\u0131n Ba\u015f naziri t\u0259brikl\u0259r\u0259 g\u00f6r\u0259 t\u0259\u015f\u0259kk\u00fcr\u00fcn\u00fc bildirib. M\u0259h\u0259mm\u0259d \u015eahbaz \u015e\u0259rif bu il \u00f6lk\u0259miz\u0259 d\u00f6vl\u0259t s\u0259f\u0259rini v\u0259 Prezident \u0130lham \u018fliyev&hellip;<\/p>\n","protected":false},"author":2,"featured_media":796298,"comment_status":"closed","ping_status":"closed","sticky":false,"template":"","format":"standard","meta":{"om_disable_all_campaigns":false,"_monsterinsights_skip_tracking":false,"_monsterinsights_sitenote_active":false,"_monsterinsights_sitenote_note":"","_monsterinsights_sitenote_category":0},"categories":[4],"tags":[],"aioseo_notices":[],"gutentor_comment":0,"rttpg_featured_image_url":{"full":["https:\/\/arantv.az\/wp-content\/uploads\/2025\/03\/4eaf745e396c6eba548a1b2d7e55f0f4.jpg",850,500,false],"landscape":["https:\/\/arantv.az\/wp-content\/uploads\/2025\/03\/4eaf745e396c6eba548a1b2d7e55f0f4.jpg",850,500,false],"portraits":["https:\/\/arantv.az\/wp-content\/uploads\/2025\/03\/4eaf745e396c6eba548a1b2d7e55f0f4.jpg",850,500,false],"thumbnail":["https:\/\/arantv.az\/wp-content\/uploads\/2025\/03\/4eaf745e396c6eba548a1b2d7e55f0f4-500x280.jpg",500,280,true],"medium":["https:\/\/arantv.az\/wp-content\/uploads\/2025\/03\/4eaf745e396c6eba548a1b2d7e55f0f4-621x365.jpg",621,365,true],"large":["https:\/\/arantv.az\/wp-content\/uploads\/2025\/03\/4eaf745e396c6eba548a1b2d7e55f0f4-840x494.jpg",640,376,true],"1536x1536":["https:\/\/arantv.az\/wp-content\/uploads\/2025\/03\/4eaf745e396c6eba548a1b2d7e55f0f4.jpg",850,500,false],"2048x2048":["https:\/\/arantv.az\/wp-content\/uploads\/2025\/03\/4eaf745e396c6eba548a1b2d7e55f0f4.jpg",850,500,false],"post-thumbnail":["https:\/\/arantv.az\/wp-content\/uploads\/2025\/03\/4eaf745e396c6eba548a1b2d7e55f0f4-240x172.jpg",240,172,true],"advps-thumb-one":["https:\/\/arantv.az\/wp-content\/uploads\/2025\/03\/4eaf745e396c6eba548a1b2d7e55f0f4.jpg",850,500,false]},"rttpg_author":{"display_name":"V\u00fcsal Rafiqo\u011flu","author_link":"https:\/\/arantv.az\/?author=2"},"rttpg_comment":0,"rttpg_category":"<a href=\"https:\/\/arantv.az\/?cat=4\" rel=\"category\">Siyas\u0259t<\/a>","rttpg_excerpt":"Mart\u0131n 30-da Az\u0259rbaycan Prezidenti \u0130lham \u018fliyevl\u0259 Pakistan\u0131n Ba\u015f naziri M\u0259h\u0259mm\u0259d \u015eahbaz \u015e\u0259rif aras\u0131nda telefon dan\u0131\u015f\u0131\u011f\u0131 olub. ARANTV.AZ \u00a0x\u0259b\u0259r verir ki, bu bar\u0259d\u0259 Az\u0259rbaycan Prezidentinin M\u0259tbuat Xidm\u0259ti m\u0259lumat yay\u0131b. Pakistan\u0131n Ba\u015f naziri d\u00f6vl\u0259timizin ba\u015f\u00e7\u0131s\u0131n\u0131 v\u0259 Az\u0259rbaycan xalq\u0131n\u0131 m\u00fcq\u0259dd\u0259s Ramazan bayram\u0131 m\u00fcnasib\u0259til\u0259 t\u0259brik ed\u0259r\u0259k, \u0259n xo\u015f arzular\u0131n\u0131 \u00e7atd\u0131r\u0131b. T\u0259brikl\u0259r\u0259 g\u00f6r\u0259 minn\u0259tdarl\u0131\u011f\u0131n\u0131 bildir\u0259n Prezident \u0130lham \u018fliyev \u00f6z n\u00f6vb\u0259sind\u0259&hellip;","_links":{"self":[{"href":"https:\/\/arantv.az\/index.php?rest_route=\/wp\/v2\/posts\/796297"}],"collection":[{"href":"https:\/\/arantv.az\/index.php?rest_route=\/wp\/v2\/posts"}],"about":[{"href":"https:\/\/arantv.az\/index.php?rest_route=\/wp\/v2\/types\/post"}],"author":[{"embeddable":true,"href":"https:\/\/arantv.az\/index.php?rest_route=\/wp\/v2\/users\/2"}],"replies":[{"embeddable":true,"href":"https:\/\/arantv.az\/index.php?rest_route=%2Fwp%2Fv2%2Fcomments&post=796297"}],"version-history":[{"count":1,"href":"https:\/\/arantv.az\/index.php?rest_route=\/wp\/v2\/posts\/796297\/revisions"}],"predecessor-version":[{"id":796299,"href":"https:\/\/arantv.az\/index.php?rest_route=\/wp\/v2\/posts\/796297\/revisions\/796299"}],"wp:featuredmedia":[{"embeddable":true,"href":"https:\/\/arantv.az\/index.php?rest_route=\/wp\/v2\/media\/796298"}],"wp:attachment":[{"href":"https:\/\/arantv.az\/index.php?rest_route=%2Fwp%2Fv2%2Fmedia&parent=796297"}],"wp:term":[{"taxonomy":"category","embeddable":true,"href":"https:\/\/arantv.az\/index.php?rest_route=%2Fwp%2Fv2%2Fcategories&post=796297"},{"taxonomy":"post_tag","embeddable":true,"href":"https:\/\/arantv.az\/index.php?rest_route=%2Fwp%2Fv2%2Ftags&post=796297"}],"curies":[{"name":"wp","href":"https:\/\/api.w.org\/{rel}","templated":true}]}}