{"id":796312,"date":"2025-03-30T20:32:25","date_gmt":"2025-03-30T16:32:25","guid":{"rendered":"https:\/\/arantv.az\/?p=796312"},"modified":"2025-03-30T20:32:25","modified_gmt":"2025-03-30T16:32:25","slug":"ikinci-secim-erm%c9%99nistani-az%c9%99rbaycanla-muharib%c9%99d%c9%99-novb%c9%99ti-agir-m%c9%99glubiyy%c9%99t%c9%99-surukl%c9%99y%c9%99c%c9%99k-ilginc-s%c9%99rh","status":"publish","type":"post","link":"https:\/\/arantv.az\/?p=796312","title":{"rendered":"\u201c\u0130kinci se\u00e7im Erm\u0259nistan\u0131 Az\u0259rbaycanla m\u00fcharib\u0259d\u0259 n\u00f6vb\u0259ti a\u011f\u0131r m\u0259\u011flubiyy\u0259t\u0259 s\u00fcr\u00fckl\u0259y\u0259c\u0259k\u201d &#8211; \u0130LG\u0130NC \u015e\u018fRH"},"content":{"rendered":"<p><strong>\u201cBa\u015f nazir Nikol Pa\u015finyan parlamentd\u0259ki son \u00e7\u0131x\u0131\u015f\u0131nda \u201cQaraba\u011f h\u0259r\u0259kat\u0131 f\u0259aliyy\u0259tini dayand\u0131rmal\u0131d\u0131r\u201d dem\u0259kl\u0259 sanki bil\u0259r\u0259kd\u0259n cini \u015f\u00fc\u015f\u0259d\u0259n \u00e7\u0131xartd\u0131. Onun bu a\u00e7\u0131qlamas\u0131ndan sonra radikal m\u00fcxalif\u0259t t\u0259msil\u00e7il\u0259ri \u201cQaraba\u011f h\u0259r\u0259kat\u0131na\u201d d\u0259st\u0259k ifad\u0259 etdil\u0259r, bir qrup erm\u0259ni separat\u00e7\u0131s\u0131 is\u0259 \u0130r\u0259van\u0131n m\u0259rk\u0259zi meydan\u0131nda \u00e7ad\u0131rlar qurma\u011fa ba\u015flay\u0131b\u201d.<\/strong><\/p>\n<p><strong>Musavat.com<\/strong>-un m\u0259lumat\u0131na g\u00f6r\u0259, bunu politoloq<strong>\u00a0Elxan \u015eahino\u011flu<\/strong>\u00a0deyib.<\/p>\n<p>Ekspertin fikrinc\u0259, g\u00f6r\u00fcn\u00fcr, Pa\u015finyana el\u0259 bu laz\u0131m imi\u015f: \u201cPa\u015finyan iki il \u0259vv\u0259l ona qar\u015f\u0131 y\u00fcr\u00fc\u015f\u0259 ba\u015flayan, ancaq u\u011fur qazanmayan ke\u015fi\u015f Baqrat Qalstanyan\u0131 eyni \u00fcsulla taq\u0259td\u0259n salm\u0131\u015fd\u0131. \u018fvv\u0259lc\u0259 onun y\u00fcr\u00fc\u015f\u00fcn\u0259 \u015f\u0259rait yaratd\u0131, aylarla davam ed\u0259n m\u00fcqavim\u0259t h\u0259r\u0259kat\u0131 t\u0259r\u0259fdar toplaya bilm\u0259di. Biab\u0131r olan ke\u015fi\u015f arxa plana ke\u00e7di\u201d.<\/p>\n<p>E.\u015eahino\u011flu hesab edir ki, Pa\u015finyan \u201cQaraba\u011f h\u0259r\u0259kat\u0131\u201d il\u0259 m\u00fcbariz\u0259d\u0259 erm\u0259ni c\u0259miyy\u0259tinin \u0259ks\u0259r hiss\u0259sinin ona d\u0259st\u0259k ver\u0259c\u0259yin\u0259 arxay\u0131nd\u0131r:<\/p>\n<p>\u201c\u018fks halda, ba\u015f nazir risk\u0259 gedib \u201c\u0259g\u0259r Erm\u0259nistan xalq\u0131 m\u0259nim q\u0259rar\u0131ma qar\u015f\u0131 \u00e7\u0131xarsa, o zaman m\u0259n Erm\u0259nistan\u0131n ba\u015f naziri olmayaca\u011fam\u201d ifad\u0259sini i\u015fl\u0259tm\u0259zdi. Erm\u0259nistan \u0259halisi \u0130kinci Qaraba\u011f m\u00fcharib\u0259sind\u0259ki a\u011f\u0131r m\u0259\u011flubiyy\u0259td\u0259n sonra \u201cQaraba\u011f h\u0259r\u0259kat\u0131\u201d, \u201cQaraba\u011fa qay\u0131d\u0131\u015f\u201d kimi \u015f\u00fcarlara d\u0259st\u0259k verm\u0259y\u0259c\u0259k. Pa\u015finyan bu yolla se\u00e7icil\u0259ri aras\u0131nda m\u00f6vqeyini g\u00fccl\u0259ndirm\u0259y\u0259 \u00e7al\u0131\u015facaq. Erm\u0259nistan \u0259halisi Pa\u015finyan\u0131n \u201cAz\u0259rbaycanla s\u00fclh\u0259 \u00e7al\u0131\u015fmal\u0131y\u0131q\u201d yana\u015fmas\u0131yla radikal m\u00fcxalif\u0259tin \u201cQaraba\u011fa qay\u0131tmal\u0131y\u0131q\u201d yana\u015fmas\u0131 aras\u0131nda birinciy\u0259 \u00fcst\u00fcnl\u00fck verm\u0259k m\u0259cburiyy\u0259tind\u0259dir. \u00c7\u00fcnki, ikinci se\u00e7im Erm\u0259nistan\u0131 Az\u0259rbaycanla m\u00fcharib\u0259d\u0259 n\u00f6vb\u0259ti a\u011f\u0131r m\u0259\u011flubiyy\u0259t\u0259 s\u00fcr\u00fckl\u0259y\u0259c\u0259k\u201d.<\/p>\n","protected":false},"excerpt":{"rendered":"<p>\u201cBa\u015f nazir Nikol Pa\u015finyan parlamentd\u0259ki son \u00e7\u0131x\u0131\u015f\u0131nda \u201cQaraba\u011f h\u0259r\u0259kat\u0131 f\u0259aliyy\u0259tini dayand\u0131rmal\u0131d\u0131r\u201d dem\u0259kl\u0259 sanki bil\u0259r\u0259kd\u0259n cini \u015f\u00fc\u015f\u0259d\u0259n \u00e7\u0131xartd\u0131. Onun bu a\u00e7\u0131qlamas\u0131ndan sonra radikal m\u00fcxalif\u0259t t\u0259msil\u00e7il\u0259ri \u201cQaraba\u011f h\u0259r\u0259kat\u0131na\u201d d\u0259st\u0259k ifad\u0259 etdil\u0259r, bir qrup erm\u0259ni separat\u00e7\u0131s\u0131 is\u0259 \u0130r\u0259van\u0131n m\u0259rk\u0259zi meydan\u0131nda \u00e7ad\u0131rlar qurma\u011fa ba\u015flay\u0131b\u201d. Musavat.com-un m\u0259lumat\u0131na g\u00f6r\u0259, bunu politoloq\u00a0Elxan \u015eahino\u011flu\u00a0deyib. Ekspertin fikrinc\u0259, g\u00f6r\u00fcn\u00fcr, Pa\u015finyana el\u0259 bu laz\u0131m imi\u015f: \u201cPa\u015finyan iki il \u0259vv\u0259l ona qar\u015f\u0131 y\u00fcr\u00fc\u015f\u0259 ba\u015flayan, ancaq u\u011fur qazanmayan ke\u015fi\u015f Baqrat Qalstanyan\u0131 eyni \u00fcsulla taq\u0259td\u0259n salm\u0131\u015fd\u0131. \u018fvv\u0259lc\u0259 onun y\u00fcr\u00fc\u015f\u00fcn\u0259 \u015f\u0259rait yaratd\u0131, aylarla davam ed\u0259n m\u00fcqavim\u0259t h\u0259r\u0259kat\u0131 t\u0259r\u0259fdar toplaya bilm\u0259di. Biab\u0131r olan ke\u015fi\u015f arxa plana&hellip;<\/p>\n","protected":false},"author":2,"featured_media":796313,"comment_status":"closed","ping_status":"closed","sticky":false,"template":"","format":"standard","meta":{"om_disable_all_campaigns":false,"_monsterinsights_skip_tracking":false,"_monsterinsights_sitenote_active":false,"_monsterinsights_sitenote_note":"","_monsterinsights_sitenote_category":0},"categories":[19],"tags":[],"aioseo_notices":[],"gutentor_comment":0,"rttpg_featured_image_url":{"full":["https:\/\/arantv.az\/wp-content\/uploads\/2025\/03\/3d09187ca6f8faac3d0227a4ade698e5.jpg",637,400,false],"landscape":["https:\/\/arantv.az\/wp-content\/uploads\/2025\/03\/3d09187ca6f8faac3d0227a4ade698e5.jpg",637,400,false],"portraits":["https:\/\/arantv.az\/wp-content\/uploads\/2025\/03\/3d09187ca6f8faac3d0227a4ade698e5.jpg",637,400,false],"thumbnail":["https:\/\/arantv.az\/wp-content\/uploads\/2025\/03\/3d09187ca6f8faac3d0227a4ade698e5-500x280.jpg",500,280,true],"medium":["https:\/\/arantv.az\/wp-content\/uploads\/2025\/03\/3d09187ca6f8faac3d0227a4ade698e5-581x365.jpg",581,365,true],"large":["https:\/\/arantv.az\/wp-content\/uploads\/2025\/03\/3d09187ca6f8faac3d0227a4ade698e5.jpg",637,400,false],"1536x1536":["https:\/\/arantv.az\/wp-content\/uploads\/2025\/03\/3d09187ca6f8faac3d0227a4ade698e5.jpg",637,400,false],"2048x2048":["https:\/\/arantv.az\/wp-content\/uploads\/2025\/03\/3d09187ca6f8faac3d0227a4ade698e5.jpg",637,400,false],"post-thumbnail":["https:\/\/arantv.az\/wp-content\/uploads\/2025\/03\/3d09187ca6f8faac3d0227a4ade698e5-240x172.jpg",240,172,true],"advps-thumb-one":["https:\/\/arantv.az\/wp-content\/uploads\/2025\/03\/3d09187ca6f8faac3d0227a4ade698e5.jpg",637,400,false]},"rttpg_author":{"display_name":"V\u00fcsal Rafiqo\u011flu","author_link":"https:\/\/arantv.az\/?author=2"},"rttpg_comment":0,"rttpg_category":"<a href=\"https:\/\/arantv.az\/?cat=19\" rel=\"category\">G\u00fcnd\u0259m<\/a>","rttpg_excerpt":"\u201cBa\u015f nazir Nikol Pa\u015finyan parlamentd\u0259ki son \u00e7\u0131x\u0131\u015f\u0131nda \u201cQaraba\u011f h\u0259r\u0259kat\u0131 f\u0259aliyy\u0259tini dayand\u0131rmal\u0131d\u0131r\u201d dem\u0259kl\u0259 sanki bil\u0259r\u0259kd\u0259n cini \u015f\u00fc\u015f\u0259d\u0259n \u00e7\u0131xartd\u0131. Onun bu a\u00e7\u0131qlamas\u0131ndan sonra radikal m\u00fcxalif\u0259t t\u0259msil\u00e7il\u0259ri \u201cQaraba\u011f h\u0259r\u0259kat\u0131na\u201d d\u0259st\u0259k ifad\u0259 etdil\u0259r, bir qrup erm\u0259ni separat\u00e7\u0131s\u0131 is\u0259 \u0130r\u0259van\u0131n m\u0259rk\u0259zi meydan\u0131nda \u00e7ad\u0131rlar qurma\u011fa ba\u015flay\u0131b\u201d. Musavat.com-un m\u0259lumat\u0131na g\u00f6r\u0259, bunu politoloq\u00a0Elxan \u015eahino\u011flu\u00a0deyib. Ekspertin fikrinc\u0259, g\u00f6r\u00fcn\u00fcr, Pa\u015finyana el\u0259 bu laz\u0131m imi\u015f: \u201cPa\u015finyan&hellip;","_links":{"self":[{"href":"https:\/\/arantv.az\/index.php?rest_route=\/wp\/v2\/posts\/796312"}],"collection":[{"href":"https:\/\/arantv.az\/index.php?rest_route=\/wp\/v2\/posts"}],"about":[{"href":"https:\/\/arantv.az\/index.php?rest_route=\/wp\/v2\/types\/post"}],"author":[{"embeddable":true,"href":"https:\/\/arantv.az\/index.php?rest_route=\/wp\/v2\/users\/2"}],"replies":[{"embeddable":true,"href":"https:\/\/arantv.az\/index.php?rest_route=%2Fwp%2Fv2%2Fcomments&post=796312"}],"version-history":[{"count":2,"href":"https:\/\/arantv.az\/index.php?rest_route=\/wp\/v2\/posts\/796312\/revisions"}],"predecessor-version":[{"id":796315,"href":"https:\/\/arantv.az\/index.php?rest_route=\/wp\/v2\/posts\/796312\/revisions\/796315"}],"wp:featuredmedia":[{"embeddable":true,"href":"https:\/\/arantv.az\/index.php?rest_route=\/wp\/v2\/media\/796313"}],"wp:attachment":[{"href":"https:\/\/arantv.az\/index.php?rest_route=%2Fwp%2Fv2%2Fmedia&parent=796312"}],"wp:term":[{"taxonomy":"category","embeddable":true,"href":"https:\/\/arantv.az\/index.php?rest_route=%2Fwp%2Fv2%2Fcategories&post=796312"},{"taxonomy":"post_tag","embeddable":true,"href":"https:\/\/arantv.az\/index.php?rest_route=%2Fwp%2Fv2%2Ftags&post=796312"}],"curies":[{"name":"wp","href":"https:\/\/api.w.org\/{rel}","templated":true}]}}