{"id":796319,"date":"2025-03-30T20:34:28","date_gmt":"2025-03-30T16:34:28","guid":{"rendered":"https:\/\/arantv.az\/?p=796319"},"modified":"2025-03-30T20:34:28","modified_gmt":"2025-03-30T16:34:28","slug":"az%c9%99rbaycan-icmasi-niderland-parlamentinin-uzvl%c9%99ri-il%c9%99-gorusub","status":"publish","type":"post","link":"https:\/\/arantv.az\/?p=796319","title":{"rendered":"Az\u0259rbaycan icmas\u0131 Niderland parlamentinin \u00fczvl\u0259ri il\u0259 g\u00f6r\u00fc\u015f\u00fcb"},"content":{"rendered":"<div class=\"text-content\" data-id=\"\" data-url=\"\">\n<p>\u201cAna V\u0259t\u0259n\u201d Avropa Az\u0259rbaycanl\u0131 Qad\u0131nlar\u0131 Birliyinin t\u0259\u015f\u0259bb\u00fcs\u00fc il\u0259 Niderland parlamentind\u0259 t\u0259\u015fkil edil\u0259n g\u00f6r\u00fc\u015fd\u0259 Xocal\u0131 soyq\u0131r\u0131m\u0131 il\u0259 ba\u011fl\u0131 b\u0259yanat t\u0259qdim olunub.<\/p>\n<p>G\u00f6r\u00fc\u015f \u201cAna V\u0259t\u0259n\u201d Avropa Az\u0259rbaycanl\u0131lar\u0131 Qad\u0131nlar\u0131 Birliyinin r\u0259hb\u0259ri Mayis\u0259 A\u011famirz\u0259yevan\u0131n, C\u0259f\u0259r G\u00fcndo\u011fdunun, Xocal\u0131dan olan Ayxan Sad\u0131xovun, Henri van Rensin, G\u00fclnar\u0259 \u018fliyevan\u0131n, niderlandl\u0131 parlamentaril\u0259r Stephan van Baarlenin, Jesse Klaverin, Martin Oostenbrinkin, \u0130sa Kahraman\u0131n v\u0259 Erik van der Burqun i\u015ftirak\u0131 il\u0259 ba\u015f tutub.<\/p>\n<p>\u018fvv\u0259lc\u0259 soyda\u015flar\u0131m\u0131z\u0131n Xocal\u0131 soyq\u0131r\u0131m\u0131 bar\u0259d\u0259 \u00e7\u0131x\u0131\u015flar\u0131 dinl\u0259nilib.<\/p>\n<p>\u018fsl\u0259n Xocal\u0131dan olan Ayxan Sad\u0131qov \u00e7\u0131x\u0131\u015f\u0131nda soyq\u0131r\u0131m\u0131 qurbanlar\u0131ndan, o c\u00fcml\u0259d\u0259n \u0259sir v\u0259 itkin d\u00fc\u015fm\u00fc\u015f, h\u0259l\u0259 d\u0259 taleyi nam\u0259lum olan xocal\u0131l\u0131lardan b\u0259hs edib. Xocal\u0131dak\u0131 minalar\u0131n v\u0259 erm\u0259ni t\u0259r\u0259finin x\u0259rit\u0259l\u0259ri verm\u0259m\u0259sinin \u0259sir d\u00fc\u015fm\u00fc\u015f soyda\u015flar\u0131m\u0131z\u0131n taleyinin ara\u015fd\u0131r\u0131lmas\u0131na \u00e7\u0259tinlik t\u00f6r\u0259tdiyin\u0259 diqq\u0259t \u00e7\u0259kib. H\u0259m\u00e7inin parlamentd\u0259 1987-ci ild\u0259n b\u0259ri Qaraba\u011fda t\u00f6r\u0259dil\u0259n cinay\u0259tl\u0259r\u0259 g\u00f6r\u0259 Az\u0259rbaycanda m\u00fchakim\u0259 edil\u0259n separat\u00e7\u0131lar\u0131n azadl\u0131\u011fa burax\u0131lmas\u0131 \u00fc\u00e7\u00fcn \u00f6lk\u0259miz\u0259 y\u00f6n\u0259l\u0259n t\u0259zyiql\u0259rin \u0259sass\u0131z oldu\u011fu da vur\u011fulay\u0131b. Az\u0259rbaycan\u0131n regionda s\u00fclh v\u0259 \u0259min-amanl\u0131\u011f\u0131n b\u0259rpas\u0131 \u00a0ist\u0259yi deputatlar\u0131n diqq\u0259tin\u0259 \u00e7atd\u0131r\u0131l\u0131b.<\/p>\n<p>Mayis\u0259 A\u011famirz\u0259yeva Xocal\u0131dan olan D\u00fcrdan\u0259 A\u011fayevan\u0131n erm\u0259ni \u0259sirliyind\u0259 m\u0259ruz qald\u0131\u011f\u0131 i\u015fg\u0259nc\u0259l\u0259rd\u0259n s\u00f6z a\u00e7\u0131b. D\u00fcrdan\u0259 A\u011fayevan\u0131n Niderlandda d\u0259rc olunan \u201cFor You\u201d jurnal\u0131ndak\u0131 m\u00fcsahib\u0259sini v\u0259 h\u0259yat\u0131 haqq\u0131nda kitab\u0131 parlament \u00fczvl\u0259rin\u0259 t\u0259qdim edib.<\/p>\n<p>Bundan \u0259lav\u0259, g\u00f6r\u00fc\u015f zaman\u0131 S\u0259riyy\u0259 M\u00fcsl\u00fcmq\u0131z\u0131n\u0131n m\u00fc\u0259llifi oldu\u011fu \u201cOnlar he\u00e7 zaman b\u00f6y\u00fcm\u0259y\u0259c\u0259k\u201d (Ze werden nooit volwassen) v\u0259 \u201cXocal\u0131dan g\u0259l\u0259n var\u201d (Geesten van Khojal\u0131) adl\u0131 kitablar da parlamentaril\u0259r\u0259 t\u0259qdim edilib. Kitab\u0131n t\u0259rc\u00fcm\u0259\u00e7isi Henri van Rens Xocal\u0131 Soyq\u0131r\u0131m\u0131n\u0131n bir \u00e7ox \u00f6lk\u0259l\u0259r, o c\u00fcml\u0259d\u0259n Niderland Krall\u0131\u011f\u0131 t\u0259r\u0259find\u0259n h\u0259l\u0259 d\u0259 tan\u0131nmamas\u0131 m\u0259s\u0259l\u0259sind\u0259n narahatl\u0131\u011f\u0131n\u0131 ifad\u0259 edib. Az\u0259rbaycan\u0131n \u0259leyhin\u0259 q\u0259r\u0259zli m\u00f6vqed\u0259n t\u0259\u0259ss\u00fcfl\u0259ndiyini bildirib.<\/p>\n<p>Niderlandl\u0131 deputatlar e\u015fitdikl\u0259rind\u0259n d\u0259rind\u0259n t\u0259sirl\u0259ndikl\u0259rini s\u00f6yl\u0259yibl\u0259r v\u0259 bu m\u0259s\u0259l\u0259nin daha geni\u015f \u015f\u0259kild\u0259 m\u00fczakir\u0259 edilm\u0259sinin vacibliyini vur\u011fulay\u0131blar.<\/p>\n<p>G\u00f6r\u00fc\u015f\u00fcn sonunda, Haaqada yerl\u0259\u015f\u0259n Xocal\u0131 Soyq\u0131r\u0131m\u0131 abid\u0259si ziyar\u0259t edilib, \u015f\u0259hidl\u0259rin xatir\u0259si ehtiramla an\u0131l\u0131b.<\/p>\n<\/div>\n<div>\n<div class=\"form-group\"><img class=\"img-responsive\" src=\"https:\/\/cdn.musavat.com\/news\/images\/Gulnar\/gugu%20tur\/WhatsApp%20Image%202025-03-30%20at%2018.24.50.jpeg\" \/><\/div>\n<\/div>\n","protected":false},"excerpt":{"rendered":"<p>\u201cAna V\u0259t\u0259n\u201d Avropa Az\u0259rbaycanl\u0131 Qad\u0131nlar\u0131 Birliyinin t\u0259\u015f\u0259bb\u00fcs\u00fc il\u0259 Niderland parlamentind\u0259 t\u0259\u015fkil edil\u0259n g\u00f6r\u00fc\u015fd\u0259 Xocal\u0131 soyq\u0131r\u0131m\u0131 il\u0259 ba\u011fl\u0131 b\u0259yanat t\u0259qdim olunub. G\u00f6r\u00fc\u015f \u201cAna V\u0259t\u0259n\u201d Avropa Az\u0259rbaycanl\u0131lar\u0131 Qad\u0131nlar\u0131 Birliyinin r\u0259hb\u0259ri Mayis\u0259 A\u011famirz\u0259yevan\u0131n, C\u0259f\u0259r G\u00fcndo\u011fdunun, Xocal\u0131dan olan Ayxan Sad\u0131xovun, Henri van Rensin, G\u00fclnar\u0259 \u018fliyevan\u0131n, niderlandl\u0131 parlamentaril\u0259r Stephan van Baarlenin, Jesse Klaverin, Martin Oostenbrinkin, \u0130sa Kahraman\u0131n v\u0259 Erik van der Burqun i\u015ftirak\u0131 il\u0259 ba\u015f tutub. \u018fvv\u0259lc\u0259 soyda\u015flar\u0131m\u0131z\u0131n Xocal\u0131 soyq\u0131r\u0131m\u0131 bar\u0259d\u0259 \u00e7\u0131x\u0131\u015flar\u0131 dinl\u0259nilib. \u018fsl\u0259n Xocal\u0131dan olan Ayxan Sad\u0131qov \u00e7\u0131x\u0131\u015f\u0131nda soyq\u0131r\u0131m\u0131 qurbanlar\u0131ndan, o c\u00fcml\u0259d\u0259n \u0259sir v\u0259 itkin d\u00fc\u015fm\u00fc\u015f, h\u0259l\u0259 d\u0259 taleyi nam\u0259lum olan xocal\u0131l\u0131lardan b\u0259hs edib.&hellip;<\/p>\n","protected":false},"author":2,"featured_media":796320,"comment_status":"closed","ping_status":"closed","sticky":false,"template":"","format":"standard","meta":{"om_disable_all_campaigns":false,"_monsterinsights_skip_tracking":false,"_monsterinsights_sitenote_active":false,"_monsterinsights_sitenote_note":"","_monsterinsights_sitenote_category":0},"categories":[19],"tags":[],"aioseo_notices":[],"gutentor_comment":0,"rttpg_featured_image_url":{"full":["https:\/\/arantv.az\/wp-content\/uploads\/2025\/03\/721ca36c21d5e21bd3679bf3c90cc096.jpg",870,500,false],"landscape":["https:\/\/arantv.az\/wp-content\/uploads\/2025\/03\/721ca36c21d5e21bd3679bf3c90cc096.jpg",870,500,false],"portraits":["https:\/\/arantv.az\/wp-content\/uploads\/2025\/03\/721ca36c21d5e21bd3679bf3c90cc096.jpg",870,500,false],"thumbnail":["https:\/\/arantv.az\/wp-content\/uploads\/2025\/03\/721ca36c21d5e21bd3679bf3c90cc096-500x280.jpg",500,280,true],"medium":["https:\/\/arantv.az\/wp-content\/uploads\/2025\/03\/721ca36c21d5e21bd3679bf3c90cc096-635x365.jpg",635,365,true],"large":["https:\/\/arantv.az\/wp-content\/uploads\/2025\/03\/721ca36c21d5e21bd3679bf3c90cc096-840x483.jpg",640,368,true],"1536x1536":["https:\/\/arantv.az\/wp-content\/uploads\/2025\/03\/721ca36c21d5e21bd3679bf3c90cc096.jpg",870,500,false],"2048x2048":["https:\/\/arantv.az\/wp-content\/uploads\/2025\/03\/721ca36c21d5e21bd3679bf3c90cc096.jpg",870,500,false],"post-thumbnail":["https:\/\/arantv.az\/wp-content\/uploads\/2025\/03\/721ca36c21d5e21bd3679bf3c90cc096-240x172.jpg",240,172,true],"advps-thumb-one":["https:\/\/arantv.az\/wp-content\/uploads\/2025\/03\/721ca36c21d5e21bd3679bf3c90cc096.jpg",870,500,false]},"rttpg_author":{"display_name":"V\u00fcsal Rafiqo\u011flu","author_link":"https:\/\/arantv.az\/?author=2"},"rttpg_comment":0,"rttpg_category":"<a href=\"https:\/\/arantv.az\/?cat=19\" rel=\"category\">G\u00fcnd\u0259m<\/a>","rttpg_excerpt":"\u201cAna V\u0259t\u0259n\u201d Avropa Az\u0259rbaycanl\u0131 Qad\u0131nlar\u0131 Birliyinin t\u0259\u015f\u0259bb\u00fcs\u00fc il\u0259 Niderland parlamentind\u0259 t\u0259\u015fkil edil\u0259n g\u00f6r\u00fc\u015fd\u0259 Xocal\u0131 soyq\u0131r\u0131m\u0131 il\u0259 ba\u011fl\u0131 b\u0259yanat t\u0259qdim olunub. G\u00f6r\u00fc\u015f \u201cAna V\u0259t\u0259n\u201d Avropa Az\u0259rbaycanl\u0131lar\u0131 Qad\u0131nlar\u0131 Birliyinin r\u0259hb\u0259ri Mayis\u0259 A\u011famirz\u0259yevan\u0131n, C\u0259f\u0259r G\u00fcndo\u011fdunun, Xocal\u0131dan olan Ayxan Sad\u0131xovun, Henri van Rensin, G\u00fclnar\u0259 \u018fliyevan\u0131n, niderlandl\u0131 parlamentaril\u0259r Stephan van Baarlenin, Jesse Klaverin, Martin Oostenbrinkin, \u0130sa Kahraman\u0131n v\u0259 Erik van&hellip;","_links":{"self":[{"href":"https:\/\/arantv.az\/index.php?rest_route=\/wp\/v2\/posts\/796319"}],"collection":[{"href":"https:\/\/arantv.az\/index.php?rest_route=\/wp\/v2\/posts"}],"about":[{"href":"https:\/\/arantv.az\/index.php?rest_route=\/wp\/v2\/types\/post"}],"author":[{"embeddable":true,"href":"https:\/\/arantv.az\/index.php?rest_route=\/wp\/v2\/users\/2"}],"replies":[{"embeddable":true,"href":"https:\/\/arantv.az\/index.php?rest_route=%2Fwp%2Fv2%2Fcomments&post=796319"}],"version-history":[{"count":1,"href":"https:\/\/arantv.az\/index.php?rest_route=\/wp\/v2\/posts\/796319\/revisions"}],"predecessor-version":[{"id":796321,"href":"https:\/\/arantv.az\/index.php?rest_route=\/wp\/v2\/posts\/796319\/revisions\/796321"}],"wp:featuredmedia":[{"embeddable":true,"href":"https:\/\/arantv.az\/index.php?rest_route=\/wp\/v2\/media\/796320"}],"wp:attachment":[{"href":"https:\/\/arantv.az\/index.php?rest_route=%2Fwp%2Fv2%2Fmedia&parent=796319"}],"wp:term":[{"taxonomy":"category","embeddable":true,"href":"https:\/\/arantv.az\/index.php?rest_route=%2Fwp%2Fv2%2Fcategories&post=796319"},{"taxonomy":"post_tag","embeddable":true,"href":"https:\/\/arantv.az\/index.php?rest_route=%2Fwp%2Fv2%2Ftags&post=796319"}],"curies":[{"name":"wp","href":"https:\/\/api.w.org\/{rel}","templated":true}]}}