{"id":796325,"date":"2025-03-30T20:36:32","date_gmt":"2025-03-30T16:36:32","guid":{"rendered":"https:\/\/arantv.az\/?p=796325"},"modified":"2025-03-30T20:36:32","modified_gmt":"2025-03-30T16:36:32","slug":"erm%c9%99nistan-ot%c9%99n-gec%c9%99-dronlarla-az%c9%99rbaycana-sulh-muqavil%c9%99si-gond%c9%99rirmis","status":"publish","type":"post","link":"https:\/\/arantv.az\/?p=796325","title":{"rendered":"Erm\u0259nistan \u00f6t\u0259n gec\u0259 dronlarla Az\u0259rbaycana s\u00fclh m\u00fcqavil\u0259si g\u00f6nd\u0259rirmi\u015f?&#8230;"},"content":{"rendered":"<p><strong>Sabah, 31 Mart Az\u0259rbaycanl\u0131lar\u0131n Soyq\u0131r\u0131m\u0131 G\u00fcn\u00fcd\u00fcr. D\u00fcz 107 il \u0259vv\u0259l qani\u00e7\u0259n haylar, ba\u015fdan-aya\u011fa silahlanm\u0131\u015f da\u015fnaklar on minl\u0259rl\u0259 Az\u0259rbaycan t\u00fcrk\u00fcn\u00fc v\u0259 Az\u0259rbaycanda ya\u015fayan dig\u0259r mill\u0259tl\u0259rin n\u00fcmay\u0259nd\u0259l\u0259rini k\u00fctl\u0259vi \u015f\u0259kild\u0259 q\u0259tl\u0259 yetirdil\u0259r. Birinci D\u00fcnya M\u00fcharib\u0259sind\u0259n sonrak\u0131 d\u00f6vrd\u0259 Rusiyada yaranm\u0131\u015f v\u0259ziyy\u0259td\u0259n istifad\u0259 ed\u0259n haylar \u00a0f\u00fcrs\u0259t d\u00fc\u015f\u0259n kimi q\u0259tliamlara ba\u015flad\u0131lar, az\u0259rbaycanl\u0131lara m\u0259xsus evl\u0259r yand\u0131r\u0131ld\u0131, bu yurdlar\u0131n \u0259sl sahibl\u0259ri \u0259n d\u0259h\u015f\u0259tli i\u015fg\u0259nc\u0259l\u0259r\u0259 m\u0259ruz qoyularaq \u00f6ld\u00fcr\u00fcld\u00fc, tarixi abid\u0259l\u0259r, m\u0259b\u0259dl\u0259r m\u0259scidl\u0259r yer \u00fcz\u00fcnd\u0259 silindi. Q\u0259rbi Az\u0259rbaycan \u0259razil\u0259ri il\u0259 kifay\u0259tl\u0259nm\u0259dil\u0259r, Qaraba\u011f, Z\u0259ng\u0259zur, Nax\u00e7\u0131van, Bak\u0131, \u015eamax\u0131, Quba, Mu\u011fan, L\u0259nk\u0259ran v\u0259 b\u00fct\u00fcn Az\u0259rbaycan boyunca \u00a0soyq\u0131r\u0131m\u0131 h\u0259yata ke\u00e7irdil\u0259r.\u00a0<\/strong><\/p>\n<p><img src=\"https:\/\/cdn.musavat.com\/news\/images\/%C4%B0QBAL%20YEN%C4%B0\/A3.jpg\" \/><\/p>\n<p>Tarixi m\u0259nb\u0259l\u0259r\u0259 g\u00f6r\u0259, t\u0259kc\u0259 Bak\u0131da q\u0259tl\u0259 yetiril\u0259nl\u0259rin say\u0131 10 mind\u0259n \u00e7ox olub. \u015eamax\u0131da 58 k\u0259nd da\u011f\u0131d\u0131l\u0131b, 7 min n\u0259f\u0259r\u00a0 &#8211; 1653 qad\u0131n, 965 u\u015faq \u2013 q\u0259tl\u0259 yetirilib! Quba \u0259razisind\u0259 122, Qaraba\u011f\u0131n da\u011fl\u0131q hiss\u0259sind\u0259 150, Z\u0259ng\u0259zurda 115, \u0130r\u0259van quberniyas\u0131nda 211, Qars \u0259yal\u0259tind\u0259 92 k\u0259nd yerl\u0259 yeksan edilib. \u0130r\u0259van az\u0259rbaycanl\u0131lar\u0131n\u0131n \u00e7oxsayl\u0131 m\u00fcraci\u0259tl\u0259rinin birind\u0259 (\u201cA\u015fxadavor\u201d (\u201c\u018fm\u0259k\u00e7i\u201d) q\u0259zeti, 2 noyabr 1919-cu il) bildirilirdi ki, az\u0259rbaycanl\u0131lar\u0131n bu tarixi \u015f\u0259h\u0259rind\u0259 v\u0259 onun \u0259traf\u0131nda q\u0131sa m\u00fcdd\u0259td\u0259 88 k\u0259nd da\u011f\u0131d\u0131l\u0131b, 1920 ev yand\u0131r\u0131l\u0131b, 131 min 970 n\u0259f\u0259r is\u0259 \u00f6ld\u00fcr\u00fcl\u00fcb!<\/p>\n<p><img src=\"https:\/\/cdn.musavat.com\/news\/images\/%C4%B0QBAL%20YEN%C4%B0\/A4.jpg\" \/><\/p>\n<p>Bir ne\u00e7\u0259 il \u0259vv\u0259l \u0130\u011fd\u0131rda olark\u0259n yerli sakinl\u0259rd\u0259n biri dan\u0131\u015f\u0131rd\u0131 ki, babas\u0131 ona erm\u0259nil\u0259rin bu b\u00f6lg\u0259d\u0259 q\u0259tliamlar t\u00f6r\u0259d\u0259n zaman h\u0259tta k\u0259hrizl\u0259rin g\u00f6z\u00fcn\u0259 yun doldurur, t\u0131xay\u0131rm\u0131\u015flar ki, \u00e7e\u015fm\u0259l\u0259rin g\u00f6z\u00fc tutulsun, burada bir daha h\u0259yat olmas\u0131n. Da\u015fnaklar bu q\u0259d\u0259r q\u0259ddar olublar t\u00fcrkl\u0259r\u0259 qar\u015f\u0131&#8230;<\/p>\n<p>1918-ci ild\u0259 haylar\u0131n t\u00f6r\u0259tdiyi bel\u0259 b\u0259\u015f\u0259ri cinay\u0259tl\u0259r\u0259 n\u0259inki apar\u0131c\u0131 g\u00fcc m\u0259rk\u0259zl\u0259rind\u0259n t\u0259pki olmad\u0131, \u00fcst\u0259lik, Az\u0259rbaycan torpaqlar\u0131ndan k\u0259sib qatill\u0259r \u00fc\u00e7\u00fcn \u00f6lk\u0259 yaratd\u0131lar. \u0130r\u0259van\u0131 qopartd\u0131lar, daha sonra Z\u0259ng\u0259zurun b\u00f6y\u00fck bir hiss\u0259sini v\u0259 29 min kv.km-lik oyuncaq d\u00f6vl\u0259tin x\u0259rit\u0259sini ortaya qoydular. \u00dcst\u00fcnd\u0259n 70 il ke\u00e7\u0259nd\u0259n sonra Ba\u011fanis Ayr\u0131m, Xocal\u0131, Me\u015f\u0259li&#8230;soyq\u0131r\u0131mlar\u0131 t\u00f6r\u0259dil\u0259nd\u0259 d\u0259 beyn\u0259lxalq birlik q\u0259tliamlara s\u0259ssiz qald\u0131. N\u0259inki s\u0259ssiz qald\u0131, h\u0259tta bu g\u00fcn o canil\u0259rin bir hiss\u0259sini Az\u0259rbaycan d\u00f6vl\u0259ti \u018fdal\u0259t M\u0259hk\u0259m\u0259si qar\u015f\u0131s\u0131na \u00e7\u0131xartd\u0131\u011f\u0131 \u00fc\u00e7\u00fcn t\u0259zyiql\u0259rl\u0259 \u00fcz-\u00fcz\u0259dir.<\/p>\n<p><img src=\"https:\/\/cdn.musavat.com\/news\/images\/%C4%B0QBAL%20YEN%C4%B0\/A2.jpg\" \/><\/p>\n<p>M\u0259hz bel\u0259 \u00e7oxsif\u0259tli, riyakar siyas\u0259td\u0259n sui-istifad\u0259 ed\u0259n Erm\u0259nistan nec\u0259 dey\u0259rl\u0259r, silah\u0131 yer\u0259 qoymaq ist\u0259mir, 44 g\u00fcnl\u00fck m\u00fcharib\u0259d\u0259 d\u0259rsini alsa da. Budur, 31 Mart Soyq\u0131r\u0131m G\u00fcn\u00fcnd\u0259n bir g\u00fcn qabaq Erm\u0259nistan ordusu n\u00f6vb\u0259ti t\u0259xribata \u0259l at\u0131b. Az\u0259rbaycan M\u00fcdafi\u0259 Nazirliyinin yayd\u0131\u011f\u0131 m\u0259lumata g\u00f6r\u0259, mart\u0131n 29-u ax\u015fam v\u0259 30-u s\u0259h\u0259r saatlar\u0131nda Erm\u0259nistan silahl\u0131 q\u00fcvv\u0259l\u0259ri pilotsuz u\u00e7u\u015f aparat\u0131 v\u0259 dronlar vasit\u0259sil\u0259 Qerenzur ya\u015fay\u0131\u015f m\u0259nt\u0259q\u0259si istiqam\u0259tind\u0259 yerl\u0259\u015f\u0259n m\u00f6vqel\u0259ri il\u0259 \u00fczb\u0259\u00fcz istiqam\u0259td\u0259ki Az\u0259rbaycan Ordusunun m\u00f6vqel\u0259ri \u00fcz\u0259rind\u0259 3 d\u0259f\u0259 k\u0259\u015ffiyyat xarakterli u\u00e7u\u015f h\u0259yata ke\u00e7irm\u0259y\u0259 c\u0259hd edib. M\u0259lumata g\u00f6r\u0259, b\u00f6lm\u0259l\u0259rimizin say\u0131ql\u0131\u011f\u0131 n\u0259tic\u0259sind\u0259 Erm\u0259nistan\u0131n t\u0259xribat\u00e7\u0131 c\u0259hdl\u0259rinin qar\u015f\u0131s\u0131 al\u0131n\u0131b. Eyni zamanda, Erm\u0259nistan silahl\u0131 q\u00fcvv\u0259l\u0259rinin b\u00f6lm\u0259l\u0259ri Gorus, Basarke\u00e7\u0259r v\u0259 \u00c7\u0259mb\u0259r\u0259k rayonlar\u0131\u00a0 istiqam\u0259tl\u0259rind\u0259n Az\u0259rbaycan Ordusunun m\u00f6vqel\u0259rini bir ne\u00e7\u0259 d\u0259f\u0259 at\u0131c\u0131 silahlardan fasil\u0259l\u0259rl\u0259 at\u0259\u015f\u0259 tutub.<\/p>\n<p><img src=\"https:\/\/cdn.musavat.com\/news\/images\/%C4%B0QBAL%20YEN%C4%B0\/ce8246b0-f0c2-11ee-b0e1-b9dd5ac4.jpg\" \/><\/p>\n<p>Bax, Erm\u0259nistan adl\u0131 \u201ck\u00fc\u00e7\u0259 u\u015fa\u011f\u0131\u201dn\u0131n missiyas\u0131 d\u0259yi\u015fm\u0259z olaraq qalmaqdad\u0131r, yuxar\u0131da sadalad\u0131qlar\u0131m\u0131z\u0131n \u00fcst\u00fcnd\u0259n 107 il ke\u00e7s\u0259 d\u0259, ba\u015f\u0131nda dayanan a\u011falar\u0131 v\u0259 oyuncaq r\u0259hb\u0259rl\u0259ri d\u0259yi\u015fs\u0259 d\u0259! Nikol Pa\u015finyan da deyir \u201cm\u0259n s\u00fclh m\u00fcqavil\u0259sini imzalama\u011fa haz\u0131ram\u201d. \u0130ndi nec\u0259 ba\u015fa d\u00fc\u015f\u0259k?\u00a0 Yoxsa Erm\u0259nistan Qerenzur t\u0259r\u0259fd\u0259n dronlarla Az\u0259rbaycana s\u00fclh t\u0259klifl\u0259ri g\u00f6nd\u0259rirmi\u015f? Yoxsa 17 \u201craz\u0131la\u015fd\u0131r\u0131lm\u0131\u015f s\u00fclh m\u00fcqavil\u0259si\u201dn\u0259 \u0259lav\u0259si var imi\u015f Nikol Pa\u015finyan\u0131n?<\/p>\n<p>Erm\u0259nistan\u0131n davran\u0131\u015flar\u0131, bu \u00f6lk\u0259nin oyuncaq s\u0259rgil\u0259diyi siyas\u0259tin s\u00fclh\u0259 z\u0259rr\u0259 q\u0259d\u0259r d\u0259 aidiyyat\u0131 yoxdur. Pa\u015finyan s\u00fclhd\u0259n dan\u0131\u015f\u0131r, amma Q\u0259rbi Az\u0259rbaycanl\u0131lar\u0131n \u00f6z yurdlar\u0131na qay\u0131tmas\u0131na mane olur. H\u0259tta Az\u0259rbaycandan k\u00f6\u00e7\u0259n erm\u0259nil\u0259rin geri qaytar\u0131lmas\u0131 \u015f\u0259rtini ir\u0259li s\u00fcrm\u0259y\u0259 c\u0259hd g\u00f6st\u0259rir. \u0130r\u0259vandan tutmu\u015f Qubayad\u0259k t\u00fcrkl\u0259ri soyq\u0131r\u0131ma m\u0259ruz qoyan bunlar, h\u0259l\u0259 bir utanmadan \u015f\u0259rtl\u0259 dan\u0131\u015fma\u011fa \u00e7al\u0131\u015f\u0131rlar. Qubadak\u0131 k\u00fctl\u0259vi m\u0259zarl\u0131qda basd\u0131r\u0131lanlar\u0131n s\u00fcm\u00fckl\u0259rini kor g\u00f6zl\u0259ri il\u0259 g\u00f6rm\u0259dil\u0259rmi? Birinci Qaraba\u011f M\u00fcharib\u0259sind\u0259n sonra 4 min az\u0259rbaycanl\u0131 itkin d\u00fc\u015f\u00fcb, b\u0259lk\u0259 d\u0259 q\u0259tl\u0259 yetiril\u0259nd\u0259n sonra k\u00fctl\u0259vi \u015f\u0259kild\u0259 basd\u0131r\u0131l\u0131blar. Amma Erm\u0259nistan he\u00e7 olmasa onlar\u0131n s\u00fcm\u00fckl\u0259rinin yerini ni\u015fan vermir. N\u0259 mina x\u0259rit\u0259l\u0259rini t\u0259qdim edir, n\u0259 yoxsa \u00e7\u0131xar\u0131lm\u0131\u015f minl\u0259rl\u0259 insan\u0131m\u0131zdan x\u0259b\u0259r var.<\/p>\n<p><img src=\"https:\/\/cdn.musavat.com\/news\/images\/%C4%B0QBAL%20YEN%C4%B0\/a5.jpg\" \/><\/p>\n<p>Bel\u0259 bir m\u0259qamda \u0130r\u0259van\u0131n m\u0259rk\u0259zind\u0259 n\u00f6vb\u0259ti d\u0259f\u0259 \u201cQaraba\u011f h\u0259r\u0259kat\u0131\u201dn\u0131 ba\u015flad\u0131blar. Bu, ke\u015fi\u015f Baqrat Qalstanyan\u0131n d\u0259st\u0259sinin etirazlar\u0131 kimi, hakimiyy\u0259tl\u0259 raz\u0131la\u015fd\u0131r\u0131lm\u0131\u015f etirazd\u0131r. Sabah yen\u0259 d\u0259 \u201cmiatsum\u201d q\u0131\u015fq\u0131rsalar, t\u0259\u0259cc\u00fcbl\u0259nm\u0259k laz\u0131m deyil, \u00e7\u00fcnki bunlar\u0131n mayas\u0131 bel\u0259 yo\u011frulub, onlardan ma\u015fa kimi istifad\u0259 ed\u0259nl\u0259rin \u0259lin\u0259 oynay\u0131rlar. Avropa \u0130ttifaq\u0131n\u0131n binokllu m\u00fc\u015fahid\u0259\u00e7il\u0259rinin oldu\u011fu \u0259razid\u0259 k\u0259\u015ffiyyat u\u00e7u\u015flar\u0131n\u0131 h\u0259yata ke\u00e7irm\u0259yin ad\u0131 n\u0259dir? B\u0259lk\u0259 s\u00fclh\u0259 do\u011fru n\u00f6vb\u0259ti add\u0131md\u0131r&#8230;G\u00f6r\u0259s\u0259n, \u0259ll\u0259rind\u0259 binokl Az\u0259rbaycanla \u015f\u0259rti s\u0259rh\u0259dl\u0259r boyunca &#8230;h\u0259rl\u0259n\u0259n A\u0130 k\u0259\u015ffiyyat\u00e7\u0131lar\u0131 Pa\u015finyan\u0131n k\u0259\u015ffiyyat\u00e7\u0131 aparatlar\u0131n\u0131 g\u00f6r\u00fcbm\u00fc?\u00a0 \u00d6zl\u0259rini korlu\u011fa v\u0259 karl\u0131\u011fa qoyublar h\u0259l\u0259 ki. G\u00fcn\u00fcn birind\u0259 Az\u0259rbaycan hay h\u0259yas\u0131zl\u0131\u011f\u0131n\u0131n cavab\u0131n\u0131 ver\u0259nd\u0259 dill\u0259ri d\u0259 a\u00e7\u0131lacaq, g\u00f6zl\u0259ri, qulaqlar\u0131 da&#8230;<\/p>\n<div class=\"news-author text-left\"><a href=\"https:\/\/musavat.com\/author\/elsad-pasasoy_10\"><img class=\"img-responsive img-author\" src=\"https:\/\/cdn.musavat.com\/authors\/thumbnails\/efebc9e552e05242fb5c15b017367239.jpg\" \/>El\u015fad PA\u015eASOY<\/a><\/div>\n","protected":false},"excerpt":{"rendered":"<p>Sabah, 31 Mart Az\u0259rbaycanl\u0131lar\u0131n Soyq\u0131r\u0131m\u0131 G\u00fcn\u00fcd\u00fcr. D\u00fcz 107 il \u0259vv\u0259l qani\u00e7\u0259n haylar, ba\u015fdan-aya\u011fa silahlanm\u0131\u015f da\u015fnaklar on minl\u0259rl\u0259 Az\u0259rbaycan t\u00fcrk\u00fcn\u00fc v\u0259 Az\u0259rbaycanda ya\u015fayan dig\u0259r mill\u0259tl\u0259rin n\u00fcmay\u0259nd\u0259l\u0259rini k\u00fctl\u0259vi \u015f\u0259kild\u0259 q\u0259tl\u0259 yetirdil\u0259r. Birinci D\u00fcnya M\u00fcharib\u0259sind\u0259n sonrak\u0131 d\u00f6vrd\u0259 Rusiyada yaranm\u0131\u015f v\u0259ziyy\u0259td\u0259n istifad\u0259 ed\u0259n haylar \u00a0f\u00fcrs\u0259t d\u00fc\u015f\u0259n kimi q\u0259tliamlara ba\u015flad\u0131lar, az\u0259rbaycanl\u0131lara m\u0259xsus evl\u0259r yand\u0131r\u0131ld\u0131, bu yurdlar\u0131n \u0259sl sahibl\u0259ri \u0259n d\u0259h\u015f\u0259tli i\u015fg\u0259nc\u0259l\u0259r\u0259 m\u0259ruz qoyularaq \u00f6ld\u00fcr\u00fcld\u00fc, tarixi abid\u0259l\u0259r, m\u0259b\u0259dl\u0259r m\u0259scidl\u0259r yer \u00fcz\u00fcnd\u0259 silindi. Q\u0259rbi Az\u0259rbaycan \u0259razil\u0259ri il\u0259 kifay\u0259tl\u0259nm\u0259dil\u0259r, Qaraba\u011f, Z\u0259ng\u0259zur, Nax\u00e7\u0131van, Bak\u0131, \u015eamax\u0131, Quba, Mu\u011fan, L\u0259nk\u0259ran v\u0259 b\u00fct\u00fcn Az\u0259rbaycan boyunca \u00a0soyq\u0131r\u0131m\u0131 h\u0259yata ke\u00e7irdil\u0259r.\u00a0 Tarixi m\u0259nb\u0259l\u0259r\u0259 g\u00f6r\u0259, t\u0259kc\u0259&hellip;<\/p>\n","protected":false},"author":2,"featured_media":796326,"comment_status":"closed","ping_status":"closed","sticky":false,"template":"","format":"standard","meta":{"om_disable_all_campaigns":false,"_monsterinsights_skip_tracking":false,"_monsterinsights_sitenote_active":false,"_monsterinsights_sitenote_note":"","_monsterinsights_sitenote_category":0},"categories":[19],"tags":[],"aioseo_notices":[],"gutentor_comment":0,"rttpg_featured_image_url":{"full":["https:\/\/arantv.az\/wp-content\/uploads\/2025\/03\/a8585f15dbf90aded196743d3274e394.jpg",800,450,false],"landscape":["https:\/\/arantv.az\/wp-content\/uploads\/2025\/03\/a8585f15dbf90aded196743d3274e394.jpg",800,450,false],"portraits":["https:\/\/arantv.az\/wp-content\/uploads\/2025\/03\/a8585f15dbf90aded196743d3274e394.jpg",800,450,false],"thumbnail":["https:\/\/arantv.az\/wp-content\/uploads\/2025\/03\/a8585f15dbf90aded196743d3274e394-500x280.jpg",500,280,true],"medium":["https:\/\/arantv.az\/wp-content\/uploads\/2025\/03\/a8585f15dbf90aded196743d3274e394-649x365.jpg",649,365,true],"large":["https:\/\/arantv.az\/wp-content\/uploads\/2025\/03\/a8585f15dbf90aded196743d3274e394.jpg",640,360,false],"1536x1536":["https:\/\/arantv.az\/wp-content\/uploads\/2025\/03\/a8585f15dbf90aded196743d3274e394.jpg",800,450,false],"2048x2048":["https:\/\/arantv.az\/wp-content\/uploads\/2025\/03\/a8585f15dbf90aded196743d3274e394.jpg",800,450,false],"post-thumbnail":["https:\/\/arantv.az\/wp-content\/uploads\/2025\/03\/a8585f15dbf90aded196743d3274e394-240x172.jpg",240,172,true],"advps-thumb-one":["https:\/\/arantv.az\/wp-content\/uploads\/2025\/03\/a8585f15dbf90aded196743d3274e394.jpg",800,450,false]},"rttpg_author":{"display_name":"V\u00fcsal Rafiqo\u011flu","author_link":"https:\/\/arantv.az\/?author=2"},"rttpg_comment":0,"rttpg_category":"<a href=\"https:\/\/arantv.az\/?cat=19\" rel=\"category\">G\u00fcnd\u0259m<\/a>","rttpg_excerpt":"Sabah, 31 Mart Az\u0259rbaycanl\u0131lar\u0131n Soyq\u0131r\u0131m\u0131 G\u00fcn\u00fcd\u00fcr. D\u00fcz 107 il \u0259vv\u0259l qani\u00e7\u0259n haylar, ba\u015fdan-aya\u011fa silahlanm\u0131\u015f da\u015fnaklar on minl\u0259rl\u0259 Az\u0259rbaycan t\u00fcrk\u00fcn\u00fc v\u0259 Az\u0259rbaycanda ya\u015fayan dig\u0259r mill\u0259tl\u0259rin n\u00fcmay\u0259nd\u0259l\u0259rini k\u00fctl\u0259vi \u015f\u0259kild\u0259 q\u0259tl\u0259 yetirdil\u0259r. Birinci D\u00fcnya M\u00fcharib\u0259sind\u0259n sonrak\u0131 d\u00f6vrd\u0259 Rusiyada yaranm\u0131\u015f v\u0259ziyy\u0259td\u0259n istifad\u0259 ed\u0259n haylar \u00a0f\u00fcrs\u0259t d\u00fc\u015f\u0259n kimi q\u0259tliamlara ba\u015flad\u0131lar, az\u0259rbaycanl\u0131lara m\u0259xsus evl\u0259r yand\u0131r\u0131ld\u0131, bu yurdlar\u0131n \u0259sl sahibl\u0259ri \u0259n d\u0259h\u015f\u0259tli&hellip;","_links":{"self":[{"href":"https:\/\/arantv.az\/index.php?rest_route=\/wp\/v2\/posts\/796325"}],"collection":[{"href":"https:\/\/arantv.az\/index.php?rest_route=\/wp\/v2\/posts"}],"about":[{"href":"https:\/\/arantv.az\/index.php?rest_route=\/wp\/v2\/types\/post"}],"author":[{"embeddable":true,"href":"https:\/\/arantv.az\/index.php?rest_route=\/wp\/v2\/users\/2"}],"replies":[{"embeddable":true,"href":"https:\/\/arantv.az\/index.php?rest_route=%2Fwp%2Fv2%2Fcomments&post=796325"}],"version-history":[{"count":1,"href":"https:\/\/arantv.az\/index.php?rest_route=\/wp\/v2\/posts\/796325\/revisions"}],"predecessor-version":[{"id":796327,"href":"https:\/\/arantv.az\/index.php?rest_route=\/wp\/v2\/posts\/796325\/revisions\/796327"}],"wp:featuredmedia":[{"embeddable":true,"href":"https:\/\/arantv.az\/index.php?rest_route=\/wp\/v2\/media\/796326"}],"wp:attachment":[{"href":"https:\/\/arantv.az\/index.php?rest_route=%2Fwp%2Fv2%2Fmedia&parent=796325"}],"wp:term":[{"taxonomy":"category","embeddable":true,"href":"https:\/\/arantv.az\/index.php?rest_route=%2Fwp%2Fv2%2Fcategories&post=796325"},{"taxonomy":"post_tag","embeddable":true,"href":"https:\/\/arantv.az\/index.php?rest_route=%2Fwp%2Fv2%2Ftags&post=796325"}],"curies":[{"name":"wp","href":"https:\/\/api.w.org\/{rel}","templated":true}]}}